{"id":67702,"date":"2024-07-19T03:56:01","date_gmt":"2024-07-19T07:56:01","guid":{"rendered":"https:\/\/eldiarioantillano.com\/uno\/?p=67702"},"modified":"2024-07-19T03:56:02","modified_gmt":"2024-07-19T07:56:02","slug":"partido-frente-amplio-fija-su-posicion-ante-el-proyecto-de-codigo-penal","status":"publish","type":"post","link":"https:\/\/eldiarioantillano.com\/uno\/2024\/07\/19\/partido-frente-amplio-fija-su-posicion-ante-el-proyecto-de-codigo-penal\/","title":{"rendered":"Partido Frente Amplio fija su posici\u00f3n ante el proyecto de C\u00f3digo Penal"},"content":{"rendered":"\n<p>El Frente Amplio nos hace llegar a nuestra redacci\u00f3n el siguiente documento con sus posiciones sobre el proyecto de C\u00f3digo Penal que se discute actualmente en la C\u00e1mara de Diputados de la Rep\u00fablica Dominicana.<\/p>\n\n\n\n<p><strong>EL PARTIDO FRENTE AMPLIO ANTE EL PROYECTO DE C\u00d3DIGO PENAL<\/strong><\/p>\n\n\n\n<p>El Frente Amplio (FA), como entidad preocupada por la vida institucional del pa\u00eds; considera de rigor fijar posici\u00f3n sobre un conjunto de propuestas reformatorias contenidas en el proyecto de C\u00f3digo Penal ya aprobado en la c\u00e1mara alta y sobre la mesa en la c\u00e1mara de Diputados, al respecto consideramos lo siguiente:<\/p>\n\n\n\n<p>1- Sobre la propuesta de prescripci\u00f3n de la corrupci\u00f3n entendemos que se trata de un asunto criminal que afecta a toda la sociedad, por las graves consecuencias negativas que derivan de la misma, la penalizaci\u00f3n de la corrupci\u00f3n debe estar consagrado como una infracci\u00f3n con categor\u00eda de imprescriptibilidad. De esa forma este poder del Estado estar\u00eda reivindicando el pensamiento del patricio Juan Pablo Duarte cuando sentenci\u00f3 que, \u201c\u2026El Crimen no prescribe nunca, ni queda jam\u00e1s impune\u201d. Lo que explica el patricio con la citada frase es que aquellas acciones perjudiciales para la colectividad no pueden ser objeto de prescripci\u00f3n, pues los organismos del sistema judicial precisan enviar mensajes aleccionadores para sus autores y pedag\u00f3gico a las j\u00f3venes generaciones. El pueblo dominicano se moviliz\u00f3 de manera sostenida durante dos a\u00f1os por el fin de la corrupci\u00f3n y la impunidad, los legisladores y legisladoras deben corresponder a esa noble y justa aspiraci\u00f3n.<\/p>\n\n\n\n<p>2- En lo relativo a los tribunales militares consideramos que debe evitarse la existencia de legislaciones que establezcan privilegios o cuestiones al margen del sistema de protecci\u00f3n de los derechos fundamentales, entendemos que los militares no tienen por qu\u00e9 tener tribunales especiales para juzgarse entre ellos mismos, nos pronunciamos porque se elimine ese contenido del proyecto de C\u00f3digo Penal porque mantenerlo ser\u00eda una forma de tributar a la impunidad.<\/p>\n\n\n\n<p>3- Entendemos inconcebible que un C\u00f3digo Penal que se anuncia como \u201cmoderno\u201d deje sin protecci\u00f3n a las mujeres y proteja a los violadores toda vez que tipifica de forma diferente la violencia sexual si quien la ejerce es la pareja.<\/p>\n\n\n\n<p>4- De igual modo el citado proyecto de c\u00f3digo, evade la obligaci\u00f3n de proteger a las ni\u00f1as y ni\u00f1os en tanto no contempla sanciones efectivas ante las agresiones que puedan sufrir con fines, pretendidamente, \u201ccorrectivos\u201d.<\/p>\n\n\n\n<p>5- En este mismo orden ese C\u00f3digo deja en total desamparo a las familias, y concretamente a las familias pobres, en la medida que excluye las tres causales, con lo cual pone en peligro la salud y la vida de las mujeres pobres. El Frente Amplio reitera su postura y se pronuncia a favor de la inclusi\u00f3n de las tres causales en el C\u00f3digo Penal.<\/p>\n\n\n\n<p>6- Consideramos que se debe incluir de manera expl\u00edcita la discriminaci\u00f3n por orientaci\u00f3n sexual como un delito. No castigarlo puede constituirse en un manto de impunidad y por tanto en un est\u00edmulo a las agresiones y crimines motivados por prejuicios.<\/p>\n\n\n\n<p>7- El Frente Amplio considera que la propuesta de eximir a las iglesias de responsabilidad penal no tiene fundamentos, su naturaleza es muy diferente a la del Estado y los dem\u00e1s entes contemplados en esa exenci\u00f3n, m\u00e1s bien constituye un peligro para la ni\u00f1ez si se toma en cuenta el prontuario de abusos sexuales del que han sido v\u00edctimas menores de edad, por parte de curas y pastores. Parece una actitud graciosa frente a entidades que deben guardar niveles de responsabilidad sobre los actos que se realicen como parte de su din\u00e1mica y en nombre de ellas. Las iglesias adquieren la condici\u00f3n de responsables de las acciones que ejecutan sus ministros o representantes. Se trata de unas relaciones parecidas a las existentes entre Comitente y Prepos\u00e9; mal podr\u00eda liber\u00e1rsele de tales obligaciones. Eximir estas entidades de responsabilidad penal es una forma m\u00e1s de desprotecci\u00f3n a la ni\u00f1ez de este pa\u00eds.<\/p>\n\n\n\n<p>Resulta contradictorio que se invoque la antig\u00fcedad del proyecto y su debate para pretender justificar la urgencia de la aprobaci\u00f3n; y al mismo tiempo incorporarle nuevos puntos divergentes y pol\u00e9micos ofensivos para gran parte de la sociedad. A menos que en el fondo la intenci\u00f3n fuera seguir torpedeando su aprobaci\u00f3n, precisamente para que los nuevos il\u00edcitos que incorpora sigan en el limbo.<\/p>\n\n\n\n<p>Si realmente hay inter\u00e9s en su aprobaci\u00f3n sin traumas, deber\u00edan ser revisados esos puntos, reiteramos ofensivos para la sociedad: como el tratamiento a las violaciones y el \u201csalva vidas\u201d que se otorga a la corrupci\u00f3n sobre bienes p\u00fablicos, y los actos delictivos cometidos por funcionarios militares y de instituciones religiosas.<\/p>\n\n\n\n<p>Cuando se trata de la vulneraci\u00f3n de derechos humanos, derechos constitucionales o el crimen de actos abominables, como los que se pretende premiar; la sociedad y el Estado por medio del Ministerio P\u00fablico jam\u00e1s puede renunciar a encaminar iniciativas de persecuci\u00f3n, sanci\u00f3n y restauraci\u00f3n de las v\u00edctimas. Despojar al Estado de ese derecho y deber es lo que se pretende cuando se propone limitar al \u00e1mbito privado las iniciativas en busca de justicia en el bochornoso tema de estupro a menores. Los autores de semejante desprop\u00f3sito saben muy bien que las v\u00edctimas cuando logran hablar, no lo hacen sino d\u00e9cadas despu\u00e9s de la violaci\u00f3n en virtud del trauma en tanto v\u00edctima.<\/p>\n\n\n\n<p>En verdad no se entiende como alguien que se dice creyente en Dios, al mismo tiempo aboga por un marco jur\u00eddico que absuelve a violadores sexuales, y ladrones de cuello blanco, ambos culpables de cr\u00edmenes de los peores: contra ni\u00f1os, adolescentes, y contra el patrimonio p\u00fablico.<\/p>\n\n\n\n<p>Si a lo anterior agregamos el retroceso que supone el referido proyecto en materia de derechos de la mujer, hay razones sobradas para reclamar que la versi\u00f3n del C\u00f3digo aprobada en el Senado de la Rep\u00fablica, sea enmendada en esos contenidos puntuales en torno a los cuales llamamos la atenci\u00f3n de los Se\u00f1ores Diputados, en esta vista publica que esperamos sea m\u00e1s que una formalidad.<\/p>\n\n\n\n<p>Santo Domingo, Distrito Nacional, Capital de la Rep\u00fablica Dominicana, a los quince (15) d\u00edas de julio del a\u00f1o dos mil veinticuatro (2024).<\/p>\n\n\n\n<p>Prof. Mar\u00eda Teresa Cabrera, presidenta en funciones <\/p>\n\n\n\n<p>Heidy Ad\u00f3n, secretaria general<\/p>\n","protected":false},"excerpt":{"rendered":"<p>El Frente Amplio nos hace llegar a nuestra redacci\u00f3n el siguiente documento con sus posiciones&hellip;<\/p>\n","protected":false},"author":2,"featured_media":64896,"comment_status":"open","ping_status":"open","sticky":false,"template":"","format":"standard","meta":{"footnotes":""},"categories":[55],"tags":[],"class_list":["post-67702","post","type-post","status-publish","format-standard","has-post-thumbnail","hentry","category-nacionales"],"_links":{"self":[{"href":"https:\/\/eldiarioantillano.com\/uno\/wp-json\/wp\/v2\/posts\/67702","targetHints":{"allow":["GET"]}}],"collection":[{"href":"https:\/\/eldiarioantillano.com\/uno\/wp-json\/wp\/v2\/posts"}],"about":[{"href":"https:\/\/eldiarioantillano.com\/uno\/wp-json\/wp\/v2\/types\/post"}],"author":[{"embeddable":true,"href":"https:\/\/eldiarioantillano.com\/uno\/wp-json\/wp\/v2\/users\/2"}],"replies":[{"embeddable":true,"href":"https:\/\/eldiarioantillano.com\/uno\/wp-json\/wp\/v2\/comments?post=67702"}],"version-history":[{"count":2,"href":"https:\/\/eldiarioantillano.com\/uno\/wp-json\/wp\/v2\/posts\/67702\/revisions"}],"predecessor-version":[{"id":67704,"href":"https:\/\/eldiarioantillano.com\/uno\/wp-json\/wp\/v2\/posts\/67702\/revisions\/67704"}],"wp:featuredmedia":[{"embeddable":true,"href":"https:\/\/eldiarioantillano.com\/uno\/wp-json\/wp\/v2\/media\/64896"}],"wp:attachment":[{"href":"https:\/\/eldiarioantillano.com\/uno\/wp-json\/wp\/v2\/media?parent=67702"}],"wp:term":[{"taxonomy":"category","embeddable":true,"href":"https:\/\/eldiarioantillano.com\/uno\/wp-json\/wp\/v2\/categories?post=67702"},{"taxonomy":"post_tag","embeddable":true,"href":"https:\/\/eldiarioantillano.com\/uno\/wp-json\/wp\/v2\/tags?post=67702"}],"curies":[{"name":"wp","href":"https:\/\/api.w.org\/{rel}","templated":true}]}}