{"id":67664,"date":"2024-07-16T00:00:00","date_gmt":"2024-07-16T04:00:00","guid":{"rendered":"https:\/\/eldiarioantillano.com\/uno\/?p=67664"},"modified":"2024-07-15T19:39:02","modified_gmt":"2024-07-15T23:39:02","slug":"xiomara-fortuna-canta-en-su-montecristi","status":"publish","type":"post","link":"https:\/\/eldiarioantillano.com\/uno\/2024\/07\/16\/xiomara-fortuna-canta-en-su-montecristi\/","title":{"rendered":"Xiomara Fortuna canta en su Montecristi"},"content":{"rendered":"\n<p>\u00a0La reina de la fusi\u00f3n actu\u00f3 este fin de semana en el pueblo donde naci\u00f3, en un festival de promoci\u00f3n tur\u00edstica. En la imagen, le acompa\u00f1an dos de los integrantes de su agrupaci\u00f3n musical.<\/p>\n","protected":false},"excerpt":{"rendered":"<p>\u00a0La reina de la fusi\u00f3n actu\u00f3 este fin de semana en el pueblo donde naci\u00f3,&hellip;<\/p>\n","protected":false},"author":2,"featured_media":67665,"comment_status":"open","ping_status":"open","sticky":false,"template":"","format":"standard","meta":{"footnotes":""},"categories":[57],"tags":[],"class_list":["post-67664","post","type-post","status-publish","format-standard","has-post-thumbnail","hentry","category-montecristi"],"_links":{"self":[{"href":"https:\/\/eldiarioantillano.com\/uno\/wp-json\/wp\/v2\/posts\/67664","targetHints":{"allow":["GET"]}}],"collection":[{"href":"https:\/\/eldiarioantillano.com\/uno\/wp-json\/wp\/v2\/posts"}],"about":[{"href":"https:\/\/eldiarioantillano.com\/uno\/wp-json\/wp\/v2\/types\/post"}],"author":[{"embeddable":true,"href":"https:\/\/eldiarioantillano.com\/uno\/wp-json\/wp\/v2\/users\/2"}],"replies":[{"embeddable":true,"href":"https:\/\/eldiarioantillano.com\/uno\/wp-json\/wp\/v2\/comments?post=67664"}],"version-history":[{"count":1,"href":"https:\/\/eldiarioantillano.com\/uno\/wp-json\/wp\/v2\/posts\/67664\/revisions"}],"predecessor-version":[{"id":67666,"href":"https:\/\/eldiarioantillano.com\/uno\/wp-json\/wp\/v2\/posts\/67664\/revisions\/67666"}],"wp:featuredmedia":[{"embeddable":true,"href":"https:\/\/eldiarioantillano.com\/uno\/wp-json\/wp\/v2\/media\/67665"}],"wp:attachment":[{"href":"https:\/\/eldiarioantillano.com\/uno\/wp-json\/wp\/v2\/media?parent=67664"}],"wp:term":[{"taxonomy":"category","embeddable":true,"href":"https:\/\/eldiarioantillano.com\/uno\/wp-json\/wp\/v2\/categories?post=67664"},{"taxonomy":"post_tag","embeddable":true,"href":"https:\/\/eldiarioantillano.com\/uno\/wp-json\/wp\/v2\/tags?post=67664"}],"curies":[{"name":"wp","href":"https:\/\/api.w.org\/{rel}","templated":true}]}}