{"id":67656,"date":"2024-07-16T00:02:00","date_gmt":"2024-07-16T04:02:00","guid":{"rendered":"https:\/\/eldiarioantillano.com\/uno\/?p=67656"},"modified":"2024-07-15T19:26:48","modified_gmt":"2024-07-15T23:26:48","slug":"declaracion-de-diane-sare-la-republica-misma-esta-en-la-mira","status":"publish","type":"post","link":"https:\/\/eldiarioantillano.com\/uno\/2024\/07\/16\/declaracion-de-diane-sare-la-republica-misma-esta-en-la-mira\/","title":{"rendered":"Declaraci\u00f3n de Diane Sare: La rep\u00fablica misma est\u00e1 en la mira"},"content":{"rendered":"\n<p>14 de julio de 2024 (EIRNS) \u2014 &nbsp;<em>Diane Sare, candidata independiente de LaRouche al Senado de Estados Unidos por el estado de Nueva York emiti\u00f3 ayer 13 de julio, una declaraci\u00f3n que por su importancia reproducimos \u00edntegra enseguida:<\/em>&nbsp;<\/p>\n\n\n\n<h4 class=\"wp-block-heading\">La rep\u00fablica misma est\u00e1 en la mira&nbsp;<\/h4>\n\n\n\n<p>(13 de julio de 2024) &#8211;Todos deber\u00edamos estar profundamente agradecidos de que el ex Presidente Trump no resultara m\u00e1s gravemente herido en el deleznable atentado contra su vida en su mitin de campa\u00f1a en Pensilvania, tanto por su propia salud y seguridad, como por lo que podr\u00eda estar ocurriendo ahora mismo en las calles de nuestra naci\u00f3n, si hubiera resultado gravemente herido, o algo peor.&nbsp;<\/p>\n\n\n\n<p>Lamentamos la p\u00e9rdida de la vida de un participante en lo que deb\u00eda haber sido un mitin estimulante, destinado a involucrar a los estadounidenses en el proceso electoral. Como candidata al Senado de Estados Unidos y como ser humano, condeno este intento de asesinato y exigir\u00e9 respuestas que expliquen c\u00f3mo pudo ocurrir.&nbsp;Nuestra naci\u00f3n se basa en un sistema constitucional presidencialista, por lo que amenazar o hacer da\u00f1o a un Presidente o a un candidato a ese alto cargo constituye una grave amenaza para nuestra rep\u00fablica. Yo recomendar\u00eda a todo el mundo que reflexionen profundamente sobre lo que acaba de ocurrir. No podemos permitir que esto vuelva a suceder.&nbsp;<\/p>\n\n\n\n<p>El 1\u00ba de julio advert\u00ed de una posible amenaza contra la vida del ex Presidente. (Vean&nbsp;<em><a href=\"https:\/\/assets.nationbuilder.com\/sareforsenate\/pages\/3257\/attachments\/original\/1720036172\/202407-New-Federalist_Color.pdf?1720036172\" rel=\"noreferrer noopener\" target=\"_blank\">The New Federalist<\/a>&nbsp;<\/em>en la p\u00e1gina 2).&nbsp;Lo advert\u00ed en el contexto del fallido intento de asesinato contra el Primer ministro de Eslovaquia, Robert Fico, que sobrevivi\u00f3 milagrosamente tras recibir varios impactos de bala el 15 de mayo del 2024. Como el Primer ministro Fico, el ex&nbsp;Presidente Donald Trump&nbsp;se ha comprometido a poner fin al conflicto entre Rusia y Ucrania.&nbsp;<\/p>\n\n\n\n<p><a href=\"https:\/\/larouchepub.com\/spanish\/actualidades\/2024\/07\/images\/0701-sare-new_federalist.jpg\" rel=\"noreferrer noopener\" target=\"_blank\"><\/a><\/p>\n\n\n\n<p>Los participantes en la Cumbre de la OTAN, que se llev\u00f3 a cabo recientemente en Washington, D.C., adoptaron medidas que no har\u00e1n sino intensificar la guerra, poniendo al mundo en grave peligro. Sin embargo, la OTAN no est\u00e1 unida. El Primer ministro de Eslovaquia, Fico, se pronunci\u00f3 valientemente por video contra el ingreso de Ucrania en la OTAN, y el Primer ministro de Hungr\u00eda, Viktor Orb\u00e1n, que se ha reunido con&nbsp;mandatarios&nbsp;de todo el mundo para intentar poner fin a la guerra de forma negociada, tambi\u00e9n visit\u00f3 al ex Presidente Trump durante su estancia aqu\u00ed.&nbsp;<\/p>\n\n\n\n<p>Mientras tanto, es obvio para todos que no es posible que sea el Presidente Joe Biden quien est\u00e9 dirigiendo nuestro gobierno, y queremos saber,&nbsp;entonces&nbsp;\u00bfqui\u00e9n es? La mayor\u00eda de nuestros representantes, incluida la senadora Gillibrand, mi oponente, no han hecho otra cosa que seguir financiando la sanguinaria maquinaria de guerra que nos pone a todos en peligro.&nbsp;\u00bfVan a exigir medidas de emergencia para proteger a todos nuestros candidatos presidenciales, incluyendo entre ellos al Presidente Biden, al ex Presidente Trump y a Robert Kennedy Jr.? Tengo mucho m\u00e1s en mi mente a medida que nos adentramos en un nuevo per\u00edodo de turbulencias extremas, pero creo que es prudente esperar hasta que se conozca m\u00e1s.&nbsp;<\/p>\n\n\n\n<p>Dado que a\u00fan estamos en el mes de julio, recomiendo que nos sentemos a releer la Declaraci\u00f3n de Independencia y nuestra Constituci\u00f3n, y nos propongamos que el gobierno \u00abdel Pueblo, por el Pueblo y para el Pueblo no desaparezca de la tierra\u00bb.<\/p>\n","protected":false},"excerpt":{"rendered":"<p>14 de julio de 2024 (EIRNS) \u2014 &nbsp;Diane Sare, candidata independiente de LaRouche al Senado&hellip;<\/p>\n","protected":false},"author":2,"featured_media":67657,"comment_status":"open","ping_status":"open","sticky":false,"template":"","format":"standard","meta":{"footnotes":""},"categories":[78,52],"tags":[],"class_list":["post-67656","post","type-post","status-publish","format-standard","has-post-thumbnail","hentry","category-eirns","category-internacionales"],"_links":{"self":[{"href":"https:\/\/eldiarioantillano.com\/uno\/wp-json\/wp\/v2\/posts\/67656","targetHints":{"allow":["GET"]}}],"collection":[{"href":"https:\/\/eldiarioantillano.com\/uno\/wp-json\/wp\/v2\/posts"}],"about":[{"href":"https:\/\/eldiarioantillano.com\/uno\/wp-json\/wp\/v2\/types\/post"}],"author":[{"embeddable":true,"href":"https:\/\/eldiarioantillano.com\/uno\/wp-json\/wp\/v2\/users\/2"}],"replies":[{"embeddable":true,"href":"https:\/\/eldiarioantillano.com\/uno\/wp-json\/wp\/v2\/comments?post=67656"}],"version-history":[{"count":1,"href":"https:\/\/eldiarioantillano.com\/uno\/wp-json\/wp\/v2\/posts\/67656\/revisions"}],"predecessor-version":[{"id":67658,"href":"https:\/\/eldiarioantillano.com\/uno\/wp-json\/wp\/v2\/posts\/67656\/revisions\/67658"}],"wp:featuredmedia":[{"embeddable":true,"href":"https:\/\/eldiarioantillano.com\/uno\/wp-json\/wp\/v2\/media\/67657"}],"wp:attachment":[{"href":"https:\/\/eldiarioantillano.com\/uno\/wp-json\/wp\/v2\/media?parent=67656"}],"wp:term":[{"taxonomy":"category","embeddable":true,"href":"https:\/\/eldiarioantillano.com\/uno\/wp-json\/wp\/v2\/categories?post=67656"},{"taxonomy":"post_tag","embeddable":true,"href":"https:\/\/eldiarioantillano.com\/uno\/wp-json\/wp\/v2\/tags?post=67656"}],"curies":[{"name":"wp","href":"https:\/\/api.w.org\/{rel}","templated":true}]}}