{"id":67645,"date":"2024-07-15T00:03:00","date_gmt":"2024-07-15T04:03:00","guid":{"rendered":"https:\/\/eldiarioantillano.com\/uno\/?p=67645"},"modified":"2024-07-14T20:05:58","modified_gmt":"2024-07-15T00:05:58","slug":"occidente-se-esta-derrumbando-bajo-el-peso-de-sus-fracasos-surgiran-suficientes-estadistas-en-el-futuro","status":"publish","type":"post","link":"https:\/\/eldiarioantillano.com\/uno\/2024\/07\/15\/occidente-se-esta-derrumbando-bajo-el-peso-de-sus-fracasos-surgiran-suficientes-estadistas-en-el-futuro\/","title":{"rendered":"Occidente se est\u00e1 derrumbando bajo el peso de sus fracasos: \u00bfsurgir\u00e1n suficientes estadistas en el futuro?"},"content":{"rendered":"\n<p>14 de julio de 2024 (EIRNS).\u2014 La cumbre de la OTAN que se prolonga en Washington esta semana se desarrolla bajo las oscuras y sombr\u00edas nubes del fracaso. Frederick Kempe, del Atlantic Council, lo resumi\u00f3 en su columna Puntos de inflexi\u00f3n del 9 de julio, titulada: \u201c&nbsp;<a href=\"https:\/\/www.atlanticcouncil.org\/content-series\/inflection-points\/putin-xi-orban-and-modi-provide-a-disturbing-backdrop-to-the-start-of-the-nato-summit\/\" rel=\"noreferrer noopener\" target=\"_blank\">Putin, Xi, Orb\u00e1n y Modi ofrecen un inquietante tel\u00f3n de fondo para el inicio de la Cumbre de la OTAN<\/a>&nbsp;\u201d. Kempe describe las visitas a Mosc\u00fa (5 de julio) y Pek\u00edn (8 de julio) del nuevo presidente rotatorio del Consejo de la Uni\u00f3n Europea, Viktor Orb\u00e1n, la visita del 8 y 9 de julio del primer ministro indio, Narendra Modi, a Mosc\u00fa, y todo esto en medio de la creciente fragilidad de Joe Biden, que es, inconvenientemente, el eje de la supuesta estrategia unificada de la OTAN. La tendencia es clara.<\/p>\n\n\n\n<p>A pesar de todos estos fracasos y fracturas, los l\u00edderes occidentales se est\u00e1n comprometiendo a pol\u00edticas de guerra a\u00fan m\u00e1s amplias. Durante la cumbre del 9 de julio en Washington, Biden anunci\u00f3 un nuevo paquete de defensa a\u00e9rea para Ucrania, que incluir\u00e1 bater\u00edas de misiles Patriot y otros sistemas avanzados. Tambi\u00e9n se ha anunciado que los F-16 est\u00e1n ahora en proceso de ser transferidos a Ucrania, y la&nbsp;<a href=\"https:\/\/www.nato.int\/cps\/en\/natohq\/official_texts_227678.htm\" rel=\"noreferrer noopener\" target=\"_blank\">Declaraci\u00f3n de la Cumbre de Washington<\/a>&nbsp;de la OTAN de hoy discuti\u00f3 un \u00abpuente irreversible\u00bb para que Ucrania se una a la OTAN. Como se ha dicho y reafirmado repetidamente durante a\u00f1os, la adhesi\u00f3n de Ucrania a la OTAN es una l\u00ednea roja absoluta para Rusia, y tal decisi\u00f3n solo acercar\u00e1 al mundo un paso m\u00e1s a la Tercera Guerra Mundial. Adem\u00e1s, la OTAN est\u00e1 expandiendo a\u00fan m\u00e1s su alcance en Asia-Pac\u00edfico en preparaci\u00f3n para enfrentarse tambi\u00e9n a China.<\/p>\n\n\n\n<p>Casi se puede pensar que estas medidas son una forma de reacci\u00f3n furiosa a la creciente fragmentaci\u00f3n de Occidente y al colapso de su narrativa que tantas veces han repetido. Bloomberg destaca la&nbsp;<a href=\"http:\/\/en.kremlin.ru\/events\/president\/transcripts\/74519\" rel=\"noreferrer noopener\" target=\"_blank\">reuni\u00f3n entre Modi y Putin<\/a>&nbsp;como un golpe particularmente duro y titula su cobertura de la visita: \u201cEl abrazo entre Modi y Putin pone de relieve el fracaso en el aislamiento de Rusia\u201d.<\/p>\n\n\n\n<p>Pero esta rabia s\u00f3lo afecta a quienes han estado sentados en un \u201ccaballo muy, muy alto\u201d, dijo&nbsp;<a href=\"https:\/\/youtu.be\/g4f46sYUkXE\" rel=\"noreferrer noopener\" target=\"_blank\">Helga Zepp-LaRouche<\/a>&nbsp;durante su transmisi\u00f3n por Internet el mi\u00e9rcoles. \u201cEsa arrogancia del Occidente colectivo, \u00e9se es el problema, porque es esa arrogancia la que impide a estas personas ver el mundo como es, y creen que la \u00fanica manera de seguir gobernando el mundo como un sistema unipolar es si tratan a todos esos otros pa\u00edses y pueblos como inferiores\u201d.<\/p>\n\n\n\n<p>La OTAN se est\u00e1 expandiendo ahora hacia el Pac\u00edfico (aunque se supone que es el \u201cAtl\u00e1ntico Norte\u201d), continu\u00f3 Zepp-LaRouche. \u201c\u00bfPor qu\u00e9 no se quedan en casa? \u00bfQu\u00e9 derecho tienen a intentar expandirse a un sistema global en todo el mundo tratando de contener a Rusia y China? El hecho de que estos pa\u00edses del Sur Global no est\u00e9n de acuerdo con eso e insistan en construir su propio sistema, es muy racional, es muy comprensible, es leg\u00edtimo. Nadie tiene derecho a ejercer su voluntad sobre la mayor\u00eda de la poblaci\u00f3n mundial\u201d. Zepp-LaRouche continu\u00f3: \u201cLa OTAN no est\u00e1 en una posici\u00f3n fuerte en absoluto, y si hubiera alguna raz\u00f3n entre estas personas, recoger\u00edan la iniciativa del Primer Ministro Orb\u00e1n de Hungr\u00eda, que ha demostrado que es posible negociar\u201d.<\/p>\n\n\n\n<p>Basta con echar un vistazo al mundo dominado por el Atl\u00e1ntico para que cualquiera tenga la sensaci\u00f3n de que se necesita un nuevo sistema. Las econom\u00edas de Europa siguen siendo golpeadas en medio de una pol\u00edtica de sanciones desastrosa y un Pacto Verde ruinoso; se est\u00e1n extendiendo las guerras que amenazan con sumergir al mundo en un conflicto; y la situaci\u00f3n en Gaza es cada vez m\u00e1s imposible de ignorar como algo m\u00e1s que un genocidio aprobado por Occidente que ser\u00e1 recordado durante generaciones. Adem\u00e1s, muchos de los defensores m\u00e1s ac\u00e9rrimos de estas pol\u00edticas en Occidente est\u00e1n siendo derrotados en sus elecciones, y el drama en torno a un presidente desp\u00f3tico, Biden, ha dejado a pocos que todav\u00eda crean que hay algo remotamente \u201cdemocr\u00e1tico\u201d en el gobierno de Estados Unidos. Tal vez esto, y no la falta de \u201clealtad\u201d o de \u201chacer frente a los aut\u00f3cratas\u201d, sea la causa detr\u00e1s del surgimiento de un nuevo sistema en el mundo y un cambio radical que lo aleja de Occidente.<\/p>\n\n\n\n<p>\u201cCreo que esto tiene que resolverse\u201d, dijo Zepp-LaRouche. \u201cY la mejor manera de resolverlo es ir en la direcci\u00f3n de la soberan\u00eda, los Cinco Principios de Coexistencia Pac\u00edfica son un modelo del que surgi\u00f3 todo el derecho internacional \u2013la Carta de las Naciones Unidas est\u00e1 en coherencia con eso\u2013 y creo que la idea de tener estructuras supranacionales como la OTAN o la UE, para el caso\u201d, no es buena.<\/p>\n\n\n\n<p>Dada la velocidad de las transformaciones que se est\u00e1n produciendo en el mundo, existe una oportunidad que no se ha visto en d\u00e9cadas (si es que alguna vez se vio) de crear un nuevo sistema basado en los principios de la Paz de Westfalia de 1648. La paz, la decencia humana y el compromiso con el \u201cinter\u00e9s del otro\u201d deben prevalecer sobre el tipo de furia imperial que actualmente se est\u00e1 desplegando en toda su fealdad.&nbsp;<a href=\"https:\/\/schillerinstitute.com\/blog\/2022\/11\/30\/ten-principles-of-a-new-international-security-and-development-architecture\/\" rel=\"noreferrer noopener\" target=\"_blank\">Una nueva arquitectura de seguridad y desarrollo<\/a>&nbsp;debe convertirse ahora en la din\u00e1mica dominante si el mundo ha de evitar su actual rumbo hacia la Tercera Guerra Mundial, y se necesita urgentemente una nueva generaci\u00f3n de estadistas (como los candidatos independientes de LaRouche,&nbsp;<a href=\"https:\/\/www.sareforsenate.com\/\" rel=\"noreferrer noopener\" target=\"_blank\">Diane Sare<\/a>&nbsp;y&nbsp;<a href=\"https:\/\/votevega.nyc\/\" rel=\"noreferrer noopener\" target=\"_blank\">Jos\u00e9 Vega<\/a>&nbsp;) en el escenario de la historia.<\/p>\n","protected":false},"excerpt":{"rendered":"<p>14 de julio de 2024 (EIRNS).\u2014 La cumbre de la OTAN que se prolonga en&hellip;<\/p>\n","protected":false},"author":2,"featured_media":66939,"comment_status":"open","ping_status":"open","sticky":false,"template":"","format":"standard","meta":{"footnotes":""},"categories":[78,52],"tags":[],"class_list":["post-67645","post","type-post","status-publish","format-standard","has-post-thumbnail","hentry","category-eirns","category-internacionales"],"_links":{"self":[{"href":"https:\/\/eldiarioantillano.com\/uno\/wp-json\/wp\/v2\/posts\/67645","targetHints":{"allow":["GET"]}}],"collection":[{"href":"https:\/\/eldiarioantillano.com\/uno\/wp-json\/wp\/v2\/posts"}],"about":[{"href":"https:\/\/eldiarioantillano.com\/uno\/wp-json\/wp\/v2\/types\/post"}],"author":[{"embeddable":true,"href":"https:\/\/eldiarioantillano.com\/uno\/wp-json\/wp\/v2\/users\/2"}],"replies":[{"embeddable":true,"href":"https:\/\/eldiarioantillano.com\/uno\/wp-json\/wp\/v2\/comments?post=67645"}],"version-history":[{"count":1,"href":"https:\/\/eldiarioantillano.com\/uno\/wp-json\/wp\/v2\/posts\/67645\/revisions"}],"predecessor-version":[{"id":67646,"href":"https:\/\/eldiarioantillano.com\/uno\/wp-json\/wp\/v2\/posts\/67645\/revisions\/67646"}],"wp:featuredmedia":[{"embeddable":true,"href":"https:\/\/eldiarioantillano.com\/uno\/wp-json\/wp\/v2\/media\/66939"}],"wp:attachment":[{"href":"https:\/\/eldiarioantillano.com\/uno\/wp-json\/wp\/v2\/media?parent=67645"}],"wp:term":[{"taxonomy":"category","embeddable":true,"href":"https:\/\/eldiarioantillano.com\/uno\/wp-json\/wp\/v2\/categories?post=67645"},{"taxonomy":"post_tag","embeddable":true,"href":"https:\/\/eldiarioantillano.com\/uno\/wp-json\/wp\/v2\/tags?post=67645"}],"curies":[{"name":"wp","href":"https:\/\/api.w.org\/{rel}","templated":true}]}}