{"id":67586,"date":"2024-07-12T00:15:56","date_gmt":"2024-07-12T04:15:56","guid":{"rendered":"https:\/\/eldiarioantillano.com\/uno\/?p=67586"},"modified":"2024-07-12T00:15:57","modified_gmt":"2024-07-12T04:15:57","slug":"portes-y-fulcar-hablan-de-cooperativismo","status":"publish","type":"post","link":"https:\/\/eldiarioantillano.com\/uno\/2024\/07\/12\/portes-y-fulcar-hablan-de-cooperativismo\/","title":{"rendered":"Portes y Fulcar hablan de cooperativismo"},"content":{"rendered":"\n<p>El presidente del consejo de administraci\u00f3n de COOPNAMA, profesor Santiago Portes,\u00a0 saluda al Dr. Roberto Fulcar, exministro de Educaci\u00f3n, con quien habl\u00f3 sobre cooperativismo y econom\u00eda social durante una visita de cortes\u00eda.\u00a0\u00a0<\/p>\n","protected":false},"excerpt":{"rendered":"<p>El presidente del consejo de administraci\u00f3n de COOPNAMA, profesor Santiago Portes,\u00a0 saluda al Dr. Roberto&hellip;<\/p>\n","protected":false},"author":2,"featured_media":67588,"comment_status":"open","ping_status":"open","sticky":false,"template":"","format":"standard","meta":{"footnotes":""},"categories":[55],"tags":[],"class_list":["post-67586","post","type-post","status-publish","format-standard","has-post-thumbnail","hentry","category-nacionales"],"_links":{"self":[{"href":"https:\/\/eldiarioantillano.com\/uno\/wp-json\/wp\/v2\/posts\/67586","targetHints":{"allow":["GET"]}}],"collection":[{"href":"https:\/\/eldiarioantillano.com\/uno\/wp-json\/wp\/v2\/posts"}],"about":[{"href":"https:\/\/eldiarioantillano.com\/uno\/wp-json\/wp\/v2\/types\/post"}],"author":[{"embeddable":true,"href":"https:\/\/eldiarioantillano.com\/uno\/wp-json\/wp\/v2\/users\/2"}],"replies":[{"embeddable":true,"href":"https:\/\/eldiarioantillano.com\/uno\/wp-json\/wp\/v2\/comments?post=67586"}],"version-history":[{"count":1,"href":"https:\/\/eldiarioantillano.com\/uno\/wp-json\/wp\/v2\/posts\/67586\/revisions"}],"predecessor-version":[{"id":67589,"href":"https:\/\/eldiarioantillano.com\/uno\/wp-json\/wp\/v2\/posts\/67586\/revisions\/67589"}],"wp:featuredmedia":[{"embeddable":true,"href":"https:\/\/eldiarioantillano.com\/uno\/wp-json\/wp\/v2\/media\/67588"}],"wp:attachment":[{"href":"https:\/\/eldiarioantillano.com\/uno\/wp-json\/wp\/v2\/media?parent=67586"}],"wp:term":[{"taxonomy":"category","embeddable":true,"href":"https:\/\/eldiarioantillano.com\/uno\/wp-json\/wp\/v2\/categories?post=67586"},{"taxonomy":"post_tag","embeddable":true,"href":"https:\/\/eldiarioantillano.com\/uno\/wp-json\/wp\/v2\/tags?post=67586"}],"curies":[{"name":"wp","href":"https:\/\/api.w.org\/{rel}","templated":true}]}}