{"id":67558,"date":"2024-07-11T00:00:00","date_gmt":"2024-07-11T04:00:00","guid":{"rendered":"https:\/\/eldiarioantillano.com\/uno\/?p=67558"},"modified":"2024-07-10T23:56:52","modified_gmt":"2024-07-11T03:56:52","slug":"en-el-dia-de-la-independencia-de-estados-unidos-la-coalicion-internacional-por-la-paz-lanza-una-iniciativa-diplomatica-para-detener-la-guerra","status":"publish","type":"post","link":"https:\/\/eldiarioantillano.com\/uno\/2024\/07\/11\/en-el-dia-de-la-independencia-de-estados-unidos-la-coalicion-internacional-por-la-paz-lanza-una-iniciativa-diplomatica-para-detener-la-guerra\/","title":{"rendered":"En el \u00abD\u00eda de la Independencia\u00bb de Estados Unidos, la Coalici\u00f3n Internacional por la Paz lanza una iniciativa diplom\u00e1tica para detener la guerra"},"content":{"rendered":"\n<p>3 de julio de 2024 (EIRNS)\u2014Este a\u00f1o, el 4 de julio, feriado en Estados Unidos que conmemora la Declaraci\u00f3n de Independencia de 1776, es la ocasi\u00f3n que llama a una renovada lucha contra el imperio. La OTAN global sigue adelante con la guerra y el conflicto, sin descanso, y rechaza todas las propuestas de conversaciones de paz sobre Ucrania, Gaza y otras esferas. El punto final de este mal ser\u00e1 la aniquilaci\u00f3n nuclear, a menos que se lo detenga.<\/p>\n\n\n\n<p>El imperativo de que los estadounidenses, en particular, tomen medidas para restablecer la cordura y la diplomacia en las pol\u00edticas p\u00fablicas qued\u00f3 claro en el debate del 27 de junio entre el expresidente Donald Trump y el presidente Joe Biden, cuando qued\u00f3 claro para todo el mundo lo que no deber\u00eda haber sido una sorpresa: Biden no est\u00e1 al mando de Estados Unidos. Los poderes tras bambalinas han estado determinando la pol\u00edtica y dando \u00f3rdenes durante a\u00f1os, ll\u00e1menlo como quieran: el Estado profundo, la burocracia permanente, la maquinaria de guerra, el complejo financiero, etc. La narrativa de que Estados Unidos defiende la democracia est\u00e1 ahora hecha trizas.<\/p>\n\n\n\n<p>Adem\u00e1s, la cuesti\u00f3n de la incapacidad de Biden no tiene que ver con c\u00f3mo \u00e9l o un sustituto pueden ganar las elecciones de noviembre. Eso es una exageraci\u00f3n y elude la realidad. La cuesti\u00f3n ahora es detener la guerra y apoyar el advenimiento de una nueva arquitectura mundial de desarrollo y seguridad que beneficie a todos.<\/p>\n\n\n\n<p>La Coalici\u00f3n Internacional por la Paz (IPC, por sus siglas en ingl\u00e9s) acaba de lanzar una importante iniciativa mundial, en el marco del D\u00eda de la Independencia de los Estados Unidos, titulada \u201cDeclaraci\u00f3n de Independencia ante una inminente guerra nuclear: Comiencen ahora las negociaciones por la paz\u201d. La IPC, una reuni\u00f3n internacional semanal de individuos y grupos que comenz\u00f3 hace m\u00e1s de un a\u00f1o, a instancias de la fundadora del Instituto Schiller, Helga Zepp-LaRouche, y sus colaboradores, ha publicado esta Declaraci\u00f3n para su aprobaci\u00f3n, circulaci\u00f3n y aplicaci\u00f3n inmediata.<\/p>\n\n\n\n<p>La declaraci\u00f3n del Comit\u00e9 de Paz de la OTAN comienza diciendo: \u201cNosotros, los abajo firmantes, acogemos con satisfacci\u00f3n la renovada iniciativa de paz del Presidente de la Federaci\u00f3n Rusa,&nbsp;<a href=\"http:\/\/en.kremlin.ru\/events\/president\/news\/74285\" target=\"_blank\" rel=\"noreferrer noopener\">Vladimir Putin, tal como se present\u00f3 en su discurso en el Ministerio de Asuntos Exteriores de Rusia<\/a>&nbsp;el 14 de junio de 2024. Instamos a que se inicie de inmediato un proceso diplom\u00e1tico, a pesar del actual estado de hostilidades entre la OTAN\/Ucrania y Rusia\u201d. La declaraci\u00f3n detalla la situaci\u00f3n de crisis y luego delinea tres recomendaciones:<\/p>\n\n\n\n<p>\u201cEn primer lugar, iniciar las conversaciones iniciales, basadas en la propuesta de paz rusa del 14 de junio de 2024.<\/p>\n\n\n\n<p>\u201cEn segundo lugar, sobre la base de los avances logrados en esas conversaciones iniciales, buscar la declaraci\u00f3n m\u00e1s temprana posible de un cese del fuego acordado en el conflicto.<\/p>\n\n\n\n<p>\u201cEn tercer lugar, una vez que los t\u00e9rminos de un alto el fuego acordado se hayan puesto por escrito, hay que reforzar y fortalecer la confianza mediante una nueva arquitectura econ\u00f3mica, que incluya fuerzas ajenas al conflicto que hayan presentado diversas propuestas para avanzar en la paz.<\/p>\n\n\n\n<p>\u201cEn relaci\u00f3n con estas negociaciones, no s\u00f3lo debemos recordar, sino tambi\u00e9n renovar el compromiso con las lecciones de la Paz de Westfalia que puso fin a la Guerra de los Treinta A\u00f1os: una paz duradera exige que se tengan en cuenta \u2018los intereses del otro\u2019 y, en realidad, los de todos los dem\u00e1s\u2026\u201d<\/p>\n\n\n\n<p>Esta iniciativa llega en un momento de intensificaci\u00f3n del militarismo en la cuenta regresiva hacia la Cumbre de la OTAN en Washington, DC, del 9 al 11 de julio. Ayer en el Pent\u00e1gono, el Secretario de Defensa de Estados Unidos, Austin Lloyd, recibi\u00f3 al Ministro de Defensa de Ucrania, Rustem Umerov, y prometi\u00f3 que muy pronto Estados Unidos proporcionar\u00e1, en virtud de la \u201cAutoridad Presidencial de Reducci\u00f3n\u201d de Biden (piensen en lo que eso realmente significa), otros 2.300 millones de d\u00f3lares en ayuda militar estadounidense a Ucrania.<\/p>\n\n\n\n<p>Al mismo tiempo, el secretario de Estado, Antony Blinken, y el secretario general saliente de la OTAN, Jens Stoltenberg, criticaron ayer a China, diciendo que el presidente Xi Jinping estaba suministrando tecnolog\u00eda al ej\u00e9rcito del presidente ruso, Vladimir Putin.<\/p>\n\n\n\n<p>En este momento, los dos l\u00edderes euroasi\u00e1ticos se encuentran en Astan\u00e1, Kazajst\u00e1n, junto con otras 15 delegaciones de jefes de Estado, en medio de un torbellino de reuniones asociadas con el 24\u00ba Consejo de Jefes de Estado de la Organizaci\u00f3n de Cooperaci\u00f3n de Shanghai (OCS). El 4 de julio se celebrar\u00e1 una reuni\u00f3n extraordinaria de la OCS-Plus, en la que participar\u00e1n 26 delegaciones, entre observadores y pa\u00edses invitados, junto con los 10 l\u00edderes de los pa\u00edses miembros de la OCS, adem\u00e1s de las instituciones multinacionales y de otro tipo representadas. En Astan\u00e1 habr\u00e1 10.000 visitantes para toda la actividad.<\/p>\n\n\n\n<p>La funci\u00f3n de estas sesiones es promover todos los aspectos de la estabilidad, la seguridad y el desarrollo en toda Eurasia, lo que contribuir\u00e1 a una nueva arquitectura econ\u00f3mica y de paz mundial. El presidente Putin describi\u00f3 este objetivo en su presentaci\u00f3n del 14 de junio ante los l\u00edderes en el Ministerio de Asuntos Exteriores de Rusia.<\/p>\n\n\n\n<p>El 4 de julio se emitir\u00e1 una Declaraci\u00f3n de Astan\u00e1, junto con otras 24 declaraciones conjuntas. El pa\u00eds anfitri\u00f3n que ostenta la presidencia de la OCS, Kazajst\u00e1n, ha patrocinado una de ellas titulada \u201cSobre la unidad mundial para una paz justa y la armon\u00eda\u201d, a ra\u00edz de la iniciativa del presidente Kassym-Jomart Tokayev al respecto en 2023.<\/p>\n\n\n\n<p>Hay muchas otras acciones dignas de menci\u00f3n. Hoy China anunci\u00f3 su respaldo a la incorporaci\u00f3n de Kazajst\u00e1n al BRICS. Kazajst\u00e1n ser\u00e1 anfitri\u00f3n de la pr\u00f3xima reuni\u00f3n de la OTSC en noviembre, y el presidente Putin ha aceptado su invitaci\u00f3n para asistir. El presidente Xi Jinping y el presidente de Kazajst\u00e1n, Kassym-Jomart Tokayev, participaron juntos hoy en vivo por Internet en la ceremonia de inauguraci\u00f3n oficial del nuevo corredor de comercio y desarrollo transcontinental de este a oeste desde China a Europa, conocido como la Ruta de Transporte Internacional Transcaspiana (TITR).<\/p>\n\n\n\n<p>Estos titulares indican el proceso y el contenido de la paz que est\u00e1 en marcha, si atendemos el llamado expresado en las tres declaraciones: la Declaraci\u00f3n de Independencia de los Estados Unidos, la Declaraci\u00f3n de Independencia de una Guerra Nuclear Inminente del IPC y la Declaraci\u00f3n de Astan\u00e1, que se publicar\u00e1 el 4 de julio.<\/p>\n\n\n\n<p>Helga Zepp-LaRouche, en su webcast semanal del Instituto Schiller, dirigi\u00f3 hoy un saludo y un mensaje especial a los estadounidenses: \u00abCreo que estamos en un momento incre\u00edble y la cuesti\u00f3n de qu\u00e9 ser\u00e1 de Estados Unidos, y ma\u00f1ana es el 4 de julio, es un momento muy bueno para repensar: \u00bfno es mejor pensar en los principios de la Revoluci\u00f3n estadounidense, los ideales de los Padres Fundadores, especialmente tambi\u00e9n en la pol\u00edtica exterior de John Quincy Adams, porque se trata de la cuesti\u00f3n de c\u00f3mo se relacionar\u00e1 el resto del mundo con Estados Unidos y c\u00f3mo se relaciona Estados Unidos con el resto del mundo?&#8230;<\/p>\n\n\n\n<p>\u201cLa pregunta es si Estados Unidos podr\u00e1 volver a encontrar su tradici\u00f3n republicana, y eso probablemente decidir\u00e1 sobre la guerra y la paz a escala global\u201d.<\/p>\n\n\n\n<p>&#8230;<\/p>\n","protected":false},"excerpt":{"rendered":"<p>3 de julio de 2024 (EIRNS)\u2014Este a\u00f1o, el 4 de julio, feriado en Estados Unidos&hellip;<\/p>\n","protected":false},"author":2,"featured_media":65178,"comment_status":"open","ping_status":"open","sticky":false,"template":"","format":"standard","meta":{"footnotes":""},"categories":[78,52],"tags":[],"class_list":["post-67558","post","type-post","status-publish","format-standard","has-post-thumbnail","hentry","category-eirns","category-internacionales"],"_links":{"self":[{"href":"https:\/\/eldiarioantillano.com\/uno\/wp-json\/wp\/v2\/posts\/67558","targetHints":{"allow":["GET"]}}],"collection":[{"href":"https:\/\/eldiarioantillano.com\/uno\/wp-json\/wp\/v2\/posts"}],"about":[{"href":"https:\/\/eldiarioantillano.com\/uno\/wp-json\/wp\/v2\/types\/post"}],"author":[{"embeddable":true,"href":"https:\/\/eldiarioantillano.com\/uno\/wp-json\/wp\/v2\/users\/2"}],"replies":[{"embeddable":true,"href":"https:\/\/eldiarioantillano.com\/uno\/wp-json\/wp\/v2\/comments?post=67558"}],"version-history":[{"count":1,"href":"https:\/\/eldiarioantillano.com\/uno\/wp-json\/wp\/v2\/posts\/67558\/revisions"}],"predecessor-version":[{"id":67559,"href":"https:\/\/eldiarioantillano.com\/uno\/wp-json\/wp\/v2\/posts\/67558\/revisions\/67559"}],"wp:featuredmedia":[{"embeddable":true,"href":"https:\/\/eldiarioantillano.com\/uno\/wp-json\/wp\/v2\/media\/65178"}],"wp:attachment":[{"href":"https:\/\/eldiarioantillano.com\/uno\/wp-json\/wp\/v2\/media?parent=67558"}],"wp:term":[{"taxonomy":"category","embeddable":true,"href":"https:\/\/eldiarioantillano.com\/uno\/wp-json\/wp\/v2\/categories?post=67558"},{"taxonomy":"post_tag","embeddable":true,"href":"https:\/\/eldiarioantillano.com\/uno\/wp-json\/wp\/v2\/tags?post=67558"}],"curies":[{"name":"wp","href":"https:\/\/api.w.org\/{rel}","templated":true}]}}