{"id":67474,"date":"2024-07-05T00:53:17","date_gmt":"2024-07-05T04:53:17","guid":{"rendered":"https:\/\/eldiarioantillano.com\/uno\/?p=67474"},"modified":"2024-07-07T23:33:05","modified_gmt":"2024-07-08T03:33:05","slug":"panico-en-francia-una-leccion","status":"publish","type":"post","link":"https:\/\/eldiarioantillano.com\/uno\/2024\/07\/05\/panico-en-francia-una-leccion\/","title":{"rendered":"P\u00e1nico en Francia, una lecci\u00f3n"},"content":{"rendered":"\n<p class=\"wp-block-paragraph\">Por C\u00c9SAR P\u00c9REZ<\/p>\n\n\n\n<p class=\"wp-block-paragraph\">El pr\u00f3ximo domingo se sabr\u00e1 si finalmente la ultraderecha xen\u00f3foba y racista asume el poder en la Francia del grito de Libertad, Igualdad y Fraternidad, forjadora del ideal socialista, uno de los pa\u00edses m\u00e1s emblem\u00e1tico de Europa y de mayor tradici\u00f3n de lucha por la democracia y la libertad en sentido lato. Esa circunstancia levanta profundas preocupaciones sobre el futuro de ese pa\u00eds como naci\u00f3n y sobre el tema de la geopol\u00edtica no s\u00f3lo europea, sino mundial. El nubarr\u00f3n que amenaza el cielo del mencionado pa\u00eds ha producido en un sentimiento de s\u00f3lida, amplia y generosa militancia en diversas corrientes pol\u00edticas para evitar que este termine en tragedia y tambi\u00e9n por la defensa de la democracia.<\/p>\n\n\n\n<p class=\"wp-block-paragraph\">Ante el significado del triunfo ultraderechista en las elecciones legislativa del pasado 30 junio, sectores de la derecha tradicional han sido esencialmente categ\u00f3ricos al plantear la articulaci\u00f3n de un s\u00f3lido bloque que vaya desde ese sector hasta todas expresiones de la izquierda francesa para impedir que el partido del odio se convierta en gobierno nacional. Lo mismo se dice desde la izquierda y de los sectores m\u00e1s responsables del centro: ni un solo voto perdido, todos contra la derecha extrema y votar por el candidato mejor situado para la segunda vuelta del pr\u00f3ximo domingo. Y es que el \u00edmpetu del avance de las fuerzas contrarias los derechos sociales y pol\u00edticos obliga a una alianza pol\u00edtica cuya amplitud era impensable varias d\u00e9cadas atr\u00e1s.<\/p>\n\n\n\n<p class=\"wp-block-paragraph\">Esa confluencia pol\u00edtica es ineludible si realmente se quiere impedir que gobierne ese pa\u00eds el antiguo Frente Nacional, fundado por un neofascista, el padre de Marine Le Pen, y un ex SS nazi. Para \u201cblanquearlo\u201d y \u201cnormalizarlo\u201d, aquella lo rebautiz\u00f3 con el nombre de Reagrupaci\u00f3n Nacional. En el contexto de una estrecha amistad con la Rusia de Putin y otros sectores de la ultraderecha mundial, ese partido ha recibido pr\u00e9stamos de bancos rusos y h\u00fangaros para financiar sus actividades. Por tanto, su ascenso al poder resultar\u00eda en extremo peligroso para la Uni\u00f3n Europea, porque Francia, junto a Alemania, constituye un pilar fundamental de esa uni\u00f3n de pa\u00edses. El peligro se acent\u00faa por el posible ascenso al poder de Trump, amigo de Le Pen y pieza clave de la internacional ultraderechista.<\/p>\n\n\n\n<p class=\"wp-block-paragraph\">Pero, el tema no es s\u00f3lo de geopol\u00edtica, se trata del destino del sistema democr\u00e1tico, de la supresi\u00f3n de derechos y del predominio de sistemas pol\u00edticos basados en la arbitrariedad. Parece que la democracia ha perdido su Hada protectora, como dice Raffaelle Simone. Los ejemplos abundan. En EEUU, Trump se blind\u00f3 integrando un Tribunal Supremo con jueces ultraconservadores para protegerse de sus irrefrenables desafueros. Al ser imputado de numerosos delitos, ese tribunal acaba de evacuar una sentencia que le otorga impunidad de tal amplitud que en su voto disidente sobre esa sentencia, las juezas de ese organismo Sonia Sotomayor, Elena Kagan y Ketanji Brwon Jacson, expresan que esta \u201cdar\u00eda inmunidad por asesinatos, sobornos y golpes de Estado\u201d a cualquier presidente de ese pa\u00eds.<\/p>\n\n\n\n<p class=\"wp-block-paragraph\">En Italia un partido de ra\u00edz neofascista en el poder impone el pensamiento \u00fanico en las esferas de la cultura, de los medios de comunicaci\u00f3n del Estado y desmonta de derechos fundamentales, Milei en Argentina suprime derechos y conquistas de las mujeres, los trabajadores y los pensionados, con el bolsonarismo Brasil vivi\u00f3 diversas tragedias. Es el espejo en que han mirarse todo aquel que crea en una real gobernabilidad democr\u00e1tica, quiz\u00e1s sean esos tr\u00e1gicos ejemplos parte de las razones que explican la amplitud de la alianza que proponen las fuerzas progresistas y de derecha tradicional francesas. Saben que la coyuntura que vive su pa\u00eds tiene un contexto internacional sumamente desfavorable que podr\u00eda agravarse dependiendo de lo que suceda el domingo pr\u00f3ximo.<\/p>\n\n\n\n<p class=\"wp-block-paragraph\">Finalmente, de improviso, quiz\u00e1s no tanto, estamos ante un tema nunca pensado o por lo menos sistematizado: las fuerzas progresistas y de izquierda se encuentran en una coyuntura nueva en la larga lucha por la democracia, en una batalla en que en determinadas situaciones y\/o pa\u00edses, para sobrevivir, est\u00e1n obligadas a darla junto a sectores de la derecha conservadora, lo mismo sucede a \u00e9stas \u00faltimas con relaci\u00f3n a aquellas. Iron\u00eda de la historia, una de tantas. En su momento, las fuerzas progresistas y de izquierda fueron las m\u00e1s decididas impulsoras de la democracia, pero se perdieron en el camino, no entendieron que para la rentabilidad pol\u00edtica de sus luchas ese escenario era clave.<\/p>\n\n\n\n<p class=\"wp-block-paragraph\">No asumieron la advertencia\/propuesta de Gramsci de que la lucha por la hegemon\u00eda de las ideas era el mejor y \u00fanico camino para producir transformaciones sociales viables y sostenibles. La historia le dio la raz\u00f3n.&nbsp; Hoy hemos llegado a tal punto de complejidad del mundo que no tenemos claro el camino. Pero s\u00ed est\u00e1 claro que cualquier orden social con un m\u00ednimo de estabilidad y seguridad tiene que ser la negaci\u00f3n del que propone la ultraderecha y en el camino hacia ese orden, en determinadas circunstancias, habr\u00e1 que hacer alianzas tan in\u00e9ditas como imprescindibles. Un nuevo tema de reflexi\u00f3n, no s\u00f3lo para detener la bestia de la intolerancia, sino sobre un orden social que sea adem\u00e1s de deseable, posible.<\/p>\n","protected":false},"excerpt":{"rendered":"<p>Por C\u00c9SAR P\u00c9REZ El pr\u00f3ximo domingo se sabr\u00e1 si finalmente la ultraderecha xen\u00f3foba y racista&hellip;<\/p>\n","protected":false},"author":2,"featured_media":63777,"comment_status":"open","ping_status":"open","sticky":false,"template":"","format":"standard","meta":{"footnotes":""},"categories":[71,52,51],"tags":[],"class_list":["post-67474","post","type-post","status-publish","format-standard","has-post-thumbnail","hentry","category-cesar-perez","category-internacionales","category-opinion"],"_links":{"self":[{"href":"https:\/\/eldiarioantillano.com\/uno\/wp-json\/wp\/v2\/posts\/67474","targetHints":{"allow":["GET"]}}],"collection":[{"href":"https:\/\/eldiarioantillano.com\/uno\/wp-json\/wp\/v2\/posts"}],"about":[{"href":"https:\/\/eldiarioantillano.com\/uno\/wp-json\/wp\/v2\/types\/post"}],"author":[{"embeddable":true,"href":"https:\/\/eldiarioantillano.com\/uno\/wp-json\/wp\/v2\/users\/2"}],"replies":[{"embeddable":true,"href":"https:\/\/eldiarioantillano.com\/uno\/wp-json\/wp\/v2\/comments?post=67474"}],"version-history":[{"count":1,"href":"https:\/\/eldiarioantillano.com\/uno\/wp-json\/wp\/v2\/posts\/67474\/revisions"}],"predecessor-version":[{"id":67475,"href":"https:\/\/eldiarioantillano.com\/uno\/wp-json\/wp\/v2\/posts\/67474\/revisions\/67475"}],"wp:featuredmedia":[{"embeddable":true,"href":"https:\/\/eldiarioantillano.com\/uno\/wp-json\/wp\/v2\/media\/63777"}],"wp:attachment":[{"href":"https:\/\/eldiarioantillano.com\/uno\/wp-json\/wp\/v2\/media?parent=67474"}],"wp:term":[{"taxonomy":"category","embeddable":true,"href":"https:\/\/eldiarioantillano.com\/uno\/wp-json\/wp\/v2\/categories?post=67474"},{"taxonomy":"post_tag","embeddable":true,"href":"https:\/\/eldiarioantillano.com\/uno\/wp-json\/wp\/v2\/tags?post=67474"}],"curies":[{"name":"wp","href":"https:\/\/api.w.org\/{rel}","templated":true}]}}