{"id":67461,"date":"2024-07-04T17:30:22","date_gmt":"2024-07-04T21:30:22","guid":{"rendered":"https:\/\/eldiarioantillano.com\/uno\/?p=67461"},"modified":"2024-07-04T17:30:24","modified_gmt":"2024-07-04T21:30:24","slug":"se-cumplen-42-anos-del-suicidio-del-presidente-antonio-guzman-fernandez","status":"publish","type":"post","link":"https:\/\/eldiarioantillano.com\/uno\/2024\/07\/04\/se-cumplen-42-anos-del-suicidio-del-presidente-antonio-guzman-fernandez\/","title":{"rendered":"Se cumplen 42 a\u00f1os del suicidio del presidente Antonio Guzm\u00e1n Fern\u00e1ndez"},"content":{"rendered":"\n<p>A un mes y d\u00edas para entregar el poder a su compa\u00f1ero del Partido Revolucionario Dominicano, Salvador Jorge Blanco, se suicid\u00f3 sorpresivamente el entonces mandatario Antonio Guzm\u00e1n. A\u00fan no est\u00e1n claras las causas de esa tragedia.\u00a0<\/p>\n","protected":false},"excerpt":{"rendered":"<p>A un mes y d\u00edas para entregar el poder a su compa\u00f1ero del Partido Revolucionario&hellip;<\/p>\n","protected":false},"author":2,"featured_media":67462,"comment_status":"open","ping_status":"open","sticky":false,"template":"","format":"standard","meta":{"footnotes":""},"categories":[55],"tags":[],"class_list":["post-67461","post","type-post","status-publish","format-standard","has-post-thumbnail","hentry","category-nacionales"],"_links":{"self":[{"href":"https:\/\/eldiarioantillano.com\/uno\/wp-json\/wp\/v2\/posts\/67461","targetHints":{"allow":["GET"]}}],"collection":[{"href":"https:\/\/eldiarioantillano.com\/uno\/wp-json\/wp\/v2\/posts"}],"about":[{"href":"https:\/\/eldiarioantillano.com\/uno\/wp-json\/wp\/v2\/types\/post"}],"author":[{"embeddable":true,"href":"https:\/\/eldiarioantillano.com\/uno\/wp-json\/wp\/v2\/users\/2"}],"replies":[{"embeddable":true,"href":"https:\/\/eldiarioantillano.com\/uno\/wp-json\/wp\/v2\/comments?post=67461"}],"version-history":[{"count":1,"href":"https:\/\/eldiarioantillano.com\/uno\/wp-json\/wp\/v2\/posts\/67461\/revisions"}],"predecessor-version":[{"id":67463,"href":"https:\/\/eldiarioantillano.com\/uno\/wp-json\/wp\/v2\/posts\/67461\/revisions\/67463"}],"wp:featuredmedia":[{"embeddable":true,"href":"https:\/\/eldiarioantillano.com\/uno\/wp-json\/wp\/v2\/media\/67462"}],"wp:attachment":[{"href":"https:\/\/eldiarioantillano.com\/uno\/wp-json\/wp\/v2\/media?parent=67461"}],"wp:term":[{"taxonomy":"category","embeddable":true,"href":"https:\/\/eldiarioantillano.com\/uno\/wp-json\/wp\/v2\/categories?post=67461"},{"taxonomy":"post_tag","embeddable":true,"href":"https:\/\/eldiarioantillano.com\/uno\/wp-json\/wp\/v2\/tags?post=67461"}],"curies":[{"name":"wp","href":"https:\/\/api.w.org\/{rel}","templated":true}]}}