{"id":67438,"date":"2024-07-04T00:29:50","date_gmt":"2024-07-04T04:29:50","guid":{"rendered":"https:\/\/eldiarioantillano.com\/uno\/?p=67438"},"modified":"2024-07-04T02:23:15","modified_gmt":"2024-07-04T06:23:15","slug":"ahi-viene-el-cuco","status":"publish","type":"post","link":"https:\/\/eldiarioantillano.com\/uno\/2024\/07\/04\/ahi-viene-el-cuco\/","title":{"rendered":"Ah\u00ed viene el cuco"},"content":{"rendered":"\n<p>Por N\u00c9STOR EST\u00c9VEZ<\/p>\n\n\n\n<p>\u201cAh\u00ed viene el cuco\u201d. Es un anuncio que habremos escuchado much\u00edsimas veces. Con cierta frecuencia se dice con otros t\u00e9rminos. Alguien recordar\u00e1 muchas ocasiones en las que ha escuchado la famosa expresi\u00f3n. Y podr\u00eda haber gente, aunque ser\u00eda muy raro, que se atreve a decir que no le suena.<\/p>\n\n\n\n<p>Personalmente, desde mis t\u00edas hasta diversos individuos con quienes he coincidido en m\u00faltiples \u00e1mbitos, se han encargado de alertar sobre la llegada de ciertos \u201ccucos\u201d.<\/p>\n\n\n\n<p>Lo real es que, sabi\u00e9ndolo o no, como simple diversi\u00f3n, pero sobre todo como trampa, hay gente que apela al miedo para lograr sus prop\u00f3sitos.&nbsp;El miedo es una emoci\u00f3n poderosa y primaria que ha sido utilizada a lo largo de la historia como herramienta para influir y controlar el comportamiento humano. Por eso, desde l\u00edderes pol\u00edticos hasta mercad\u00f3logos, mucha gente apela al miedo como mecanismo de control y sumisi\u00f3n. &nbsp;<\/p>\n\n\n\n<p>Algunos estudiosos lo expresan de manera clara:&nbsp;\u201cA menos que est\u00e9n debidamente atemorizados por todos los posibles males que pueden destruirles, desde dentro o desde fuera, podr\u00edan empezar a pensar por s\u00ed mismos\u201d&nbsp;(Chomsky, 2003). Aunque este intelectual lo plantea en el \u00e1mbito de la relaci\u00f3n entre gobernantes y gobernados, de manera generalizada, el miedo promueve el deseo de huir o esconderse; nunca da oportunidad para pensar.<\/p>\n\n\n\n<p>El miedo activa respuestas emocionales intensas que pueden anular el pensamiento racional y cr\u00edtico, funci\u00f3n conocida como \u00absecuestro amigdalar\u00bb (LeDoux, 1996). Cuando una persona est\u00e1 bajo la influencia del miedo, la am\u00edgdala del cerebro toma el control, superando la corteza prefrontal, que es la responsable del razonamiento y la toma de decisiones. Este fen\u00f3meno puede ser explotado para inducir comportamientos espec\u00edficos y deseados.<\/p>\n\n\n\n<p>Uno de los estudios m\u00e1s influyentes en este campo es la denominada Teor\u00eda del control del miedo, desarrollada por Witte (1992). Esta teor\u00eda sugiere que cuando las personas se enfrentan a un mensaje de miedo, eval\u00faan la gravedad de la amenaza y su propia capacidad para manejarla. En esa situaci\u00f3n, si perciben que la amenaza es alta y que tienen poca capacidad para enfrentarla, pueden adoptar comportamientos de defensa o sumisi\u00f3n en lugar de estrategias de afrontamiento constructivo.<\/p>\n\n\n\n<p>Por eso en el \u00e1mbito pol\u00edtico, el miedo est\u00e1 muy vinculado a la manipulaci\u00f3n. L\u00edderes y partidos pol\u00edticos a menudo utilizan ret\u00f3rica de miedo para consolidar el poder y justificar much\u00edsimos desmanes. Un ejemplo claro es el tema migratorio, que muy frecuentemente se presta para manipular a las masas de muchos pa\u00edses. Con la ret\u00f3rica antiinmigrante exageran las supuestas amenazas que los inmigrantes representan para la seguridad y la econom\u00eda (Altheide, 2006). Pero ah\u00ed hay \u201c\u00f1apa\u201d incluida porque ese discurso, adem\u00e1s de promover xenofobia, sirve para desviar la atenci\u00f3n de problemas m\u00e1s complejos y hasta urgentes.<\/p>\n\n\n\n<p>Y todav\u00eda hay m\u00e1s. En un mundo donde (casi) todo se compra y se vende, el miedo tambi\u00e9n se emplea para manipular el comportamiento de los consumidores. Las campa\u00f1as de publicidad a menudo resaltan los peligros de no usar un producto o servicio determinado, creando una necesidad artificial en las personas.<\/p>\n\n\n\n<p>Desde la pandemia, las campa\u00f1as cimentadas en el miedo est\u00e1n \u201ca la orden del d\u00eda\u201d. Cualquiera recomienda \u201cremedios\u201d, cualquiera se presenta como experto, cualquiera ofrece un tutorial, cualquiera le echa manos al miedo y se sale con la suya. Ahora, cualquiera desinforma, estigmatiza y manipula, y hasta termina creando divisiones sociales.<\/p>\n\n\n\n<p>Por eso resulta muy \u00fatil remitirnos a Furedi (2006), quien plantea que una sociedad dominada por el miedo tiende a ser menos cohesionada y m\u00e1s susceptible a la manipulaci\u00f3n autoritaria. Adem\u00e1s, el uso repetido del miedo puede llevar a la desensibilizaci\u00f3n, donde las personas se vuelven menos receptivas a mensajes que utilizan el miedo, disminuyendo as\u00ed su efectividad a largo plazo.<\/p>\n\n\n\n<p>\u00bfSer\u00e1 a base de miedo que cierta gente se est\u00e1 pasando de lista? Nos urge identificar a tiempo a quien quiera \u201cenvolvernos\u201d mediante la t\u00e9cnica de infundir miedo, a menos que seamos como los beb\u00e9s.<\/p>\n\n\n\n<p>Aunque se nos ha hecho bastante tarde, es tiempo de \u201chacerle el fo\u201d a quien pretenda \u201cmarearnos\u201d a fuerza de miedo. Es necesario \u201cpararle el coche\u201d a quienes, con otras palabras, siguen con aquello de \u201cah\u00ed viene el cuco\u201d.&nbsp;<\/p>\n","protected":false},"excerpt":{"rendered":"<p>Por N\u00c9STOR EST\u00c9VEZ \u201cAh\u00ed viene el cuco\u201d. Es un anuncio que habremos escuchado much\u00edsimas veces.&hellip;<\/p>\n","protected":false},"author":2,"featured_media":66757,"comment_status":"open","ping_status":"open","sticky":false,"template":"","format":"standard","meta":{"footnotes":""},"categories":[55,143,51],"tags":[],"class_list":["post-67438","post","type-post","status-publish","format-standard","has-post-thumbnail","hentry","category-nacionales","category-nestor-estevez","category-opinion"],"_links":{"self":[{"href":"https:\/\/eldiarioantillano.com\/uno\/wp-json\/wp\/v2\/posts\/67438","targetHints":{"allow":["GET"]}}],"collection":[{"href":"https:\/\/eldiarioantillano.com\/uno\/wp-json\/wp\/v2\/posts"}],"about":[{"href":"https:\/\/eldiarioantillano.com\/uno\/wp-json\/wp\/v2\/types\/post"}],"author":[{"embeddable":true,"href":"https:\/\/eldiarioantillano.com\/uno\/wp-json\/wp\/v2\/users\/2"}],"replies":[{"embeddable":true,"href":"https:\/\/eldiarioantillano.com\/uno\/wp-json\/wp\/v2\/comments?post=67438"}],"version-history":[{"count":1,"href":"https:\/\/eldiarioantillano.com\/uno\/wp-json\/wp\/v2\/posts\/67438\/revisions"}],"predecessor-version":[{"id":67439,"href":"https:\/\/eldiarioantillano.com\/uno\/wp-json\/wp\/v2\/posts\/67438\/revisions\/67439"}],"wp:featuredmedia":[{"embeddable":true,"href":"https:\/\/eldiarioantillano.com\/uno\/wp-json\/wp\/v2\/media\/66757"}],"wp:attachment":[{"href":"https:\/\/eldiarioantillano.com\/uno\/wp-json\/wp\/v2\/media?parent=67438"}],"wp:term":[{"taxonomy":"category","embeddable":true,"href":"https:\/\/eldiarioantillano.com\/uno\/wp-json\/wp\/v2\/categories?post=67438"},{"taxonomy":"post_tag","embeddable":true,"href":"https:\/\/eldiarioantillano.com\/uno\/wp-json\/wp\/v2\/tags?post=67438"}],"curies":[{"name":"wp","href":"https:\/\/api.w.org\/{rel}","templated":true}]}}