{"id":67435,"date":"2024-07-03T01:18:50","date_gmt":"2024-07-03T05:18:50","guid":{"rendered":"https:\/\/eldiarioantillano.com\/uno\/?p=67435"},"modified":"2024-07-03T01:18:51","modified_gmt":"2024-07-03T05:18:51","slug":"hay-oleaje-peligroso-en-costa-caribena-y-avisos-por-lluvias-del-huracan-beryl","status":"publish","type":"post","link":"https:\/\/eldiarioantillano.com\/uno\/2024\/07\/03\/hay-oleaje-peligroso-en-costa-caribena-y-avisos-por-lluvias-del-huracan-beryl\/","title":{"rendered":"Hay oleaje peligroso en costa caribe\u00f1a y avisos por lluvias del hurac\u00e1n Beryl"},"content":{"rendered":"\n<p><strong>Martes 02 de julio de 2024 a las 6:00 p.m. V\u00e1lido hasta el jueves 04 de julio de 2024 a las 6:00 p.m.<\/strong><\/p>\n\n\n\n<p><strong>&nbsp;HURAC\u00c1N BERYL INCIDIENDO EN LAS CONDICIONES DEL TIEMPO ESTA NOCHE Y LA MADRUGADA. AVISO DE CONDICIONES DE TORMENTA TROPICAL VIGENTES. OLEAJE PELIGROSO EN EL LITORAL COSTERO CARIBE\u00d1O. ALERTAS Y AVISOS POR LLUVIAS EN VARIAS PROVINCIAS<\/strong><\/p>\n\n\n\n<p><strong>LA ONAMET MANTIENE EL AVISO DE CONDICIONES DE TORMENTA TROPICAL DESDE PUNTA PALENQUE (SAN CRIST\u00d3BAL) HASTA PEDERNALES, FRONTERA CON HAITI.<\/strong>&nbsp;Se recomienda a los operadores de embarcaciones permanecer en puerto, desde Cabo Cabr\u00f3n (semana) hasta Isla Beata (Pedernales) debido a la peligrosidad del hurac\u00e1n Beryl, el cual, producir\u00e1 condiciones mar\u00edtimas peligrosas. Los habitantes en zonas costeras deben tomar las precauciones de lugar y alejarse de las zonas m\u00e1s propensas a rompientes y posibles penetraciones en zonas costeras bajas.<\/p>\n\n\n\n<p>La&nbsp;<strong>ONAMET,<\/strong>&nbsp;informa que&nbsp;<strong>BERYL<\/strong>&nbsp;es un hurac\u00e1n categor\u00eda 4. Se localiza en la latitud 15.9 norte y longitud 70.8 oeste, esto es, a unos 200 kil\u00f3metros al sur\/sureste de Isla Beata. Tiene vientos m\u00e1ximos sostenidos de 250 kph y se desplaza hacia el oeste\/noroeste a unos 35 kph.&nbsp;<strong>Es importante mantenerse atentos a la evoluci\u00f3n y desarrollo de BERYL a trav\u00e9s de los boletines emitidos por este Centro Nacional de Pron\u00f3sticos.<\/strong><\/p>\n\n\n\n<p>El resto de&nbsp;<strong>la noche<\/strong>&nbsp;y la&nbsp;<strong>madrugada,<\/strong>&nbsp;a medida que el hurac\u00e1n Beryl contin\u00fae movi\u00e9ndose sobre aguas del mar Caribe ocasionar\u00e1&nbsp; nublados sobre gran parte de territorio con&nbsp; aguaceros moderados a fuertes, tronadas ocasionales y r\u00e1fagas fuertes que pueden llegar a tener fuerza de tormenta tropical, principalmente hacia provincias del litoral caribe\u00f1o, la llanura oriental, el norte, noreste, la Cordillera Central y la zona fronteriza. En la costa caribe\u00f1a se prev\u00e9n olas peligrosas que podr\u00edan superar los 15 pies de altura con fuertes rompientes.<\/p>\n\n\n\n<p><strong>ONAMET<\/strong>&nbsp;mantiene los niveles de&nbsp;<strong>Alerta<\/strong>&nbsp;M<strong>eteorol\u00f3gica<\/strong>, debido a las precipitaciones esperadas durante las pr\u00f3ximas 24 a 48 horas, ante posibles crecidas de r\u00edos, arroyos y ca\u00f1adas, inundaciones urbanas, as\u00ed como posibles deslizamientos de tierra para las provincias:<\/p>\n\n\n\n<figure class=\"wp-block-table\"><table><tbody><tr><td colspan=\"6\"><strong>NIVELES DE ALERTAS Y AVISOS METEOROL\u00d3GICOS<\/strong><\/td><\/tr><tr><td colspan=\"3\"><strong>&nbsp;&nbsp;&nbsp;&nbsp;&nbsp;&nbsp;&nbsp;&nbsp;&nbsp;&nbsp;&nbsp;&nbsp;&nbsp; ALERTA<\/strong><\/td><td colspan=\"2\"><strong>AVISO<\/strong><\/td><td><strong>DESCONTINUADAS<\/strong><\/td><\/tr><tr><td><strong>La Vega<\/strong><\/td><td colspan=\"2\"><strong>Espaillat<\/strong><\/td><td><strong>Peravia<\/strong><\/td><td><strong>Barahona<\/strong><\/td><td>&nbsp;<\/td><\/tr><tr><td><strong>Monse\u00f1or Nouel<\/strong><\/td><td colspan=\"2\"><strong>Puerto Plata<\/strong><\/td><td><strong>Azua<\/strong><\/td><td><strong>Pedernales<\/strong><\/td><td>&nbsp;<\/td><\/tr><tr><td><strong>S\u00e1nchez Ram\u00edrez<\/strong><\/td><td colspan=\"2\"><strong>Santiago<\/strong><\/td><td><strong>La Romana<\/strong><\/td><td><strong>Bahoruco<\/strong><\/td><td>&nbsp;<\/td><\/tr><tr><td><strong>Hato Mayor<\/strong><\/td><td colspan=\"2\"><strong>Hermanas Mirabal<\/strong><\/td><td><strong>La Altagracia<\/strong><\/td><td><strong>Independencia<\/strong><\/td><td>&nbsp;<\/td><\/tr><tr><td><strong>San Juan<\/strong><\/td><td colspan=\"2\"><strong>San Jos\u00e9 de Ocoa<\/strong><\/td><td><strong>San Pedro de Macor\u00eds<\/strong><\/td><td><strong>El Gran Santo Domingo<\/strong><\/td><td>&nbsp;<\/td><\/tr><tr><td><strong>El\u00edas Pi\u00f1a<\/strong><\/td><td colspan=\"2\"><strong>&nbsp;<\/strong><\/td><td><strong>San Crist\u00f3bal<\/strong><\/td><td><strong>Monte Plata<\/strong><\/td><td>&nbsp;<\/td><\/tr><tr><td colspan=\"2\"><strong>TOTAL: 11<\/strong><\/td><td colspan=\"3\"><strong>TOTAL: 12<\/strong><\/td><td><strong>TOTAL: 0<\/strong><\/td><\/tr><tr><td>&nbsp;<\/td><td>&nbsp;<\/td><td>&nbsp;<\/td><td>&nbsp;<\/td><td>&nbsp;<\/td><td>&nbsp;<\/td><\/tr><\/tbody><\/table><\/figure>\n\n\n\n<p><strong>Distrito Nacional<\/strong>: nublados con aguaceros, tronadas y r\u00e1fagas de viento intensas.<\/p>\n\n\n\n<p><strong>Santo Domingo Este<\/strong>: nublado con aguaceros, tronadas y r\u00e1fagas de viento intensas.<\/p>\n\n\n\n<p><strong>Santo Domingo Norte:<\/strong>&nbsp;mayormente nublado con aguaceros, tronadas y r\u00e1fagas de viento intensas.<\/p>\n\n\n\n<p><strong>Santo Domingo Oeste:&nbsp;<\/strong>nublados con aguaceros, tronadas y r\u00e1fagas de viento intensas.<\/p>\n\n\n\n<p><strong>Temperatura m\u00ednima entre 23 \u00b0C y 25 \u00b0C y m\u00e1xima entre 27 \u00b0C y 29 \u00b0C.<\/strong><\/p>\n\n\n\n<p><strong>Resumen:&nbsp;<\/strong><strong>Efectos indirectos del poderoso hurac\u00e1n Beryl dominando el tiempo sobre el pa\u00eds. Aviso de condiciones de tormenta tropical vigentes. Oleaje peligroso en el litoral costero caribe\u00f1o<\/strong><\/p>\n\n\n\n<p><strong>Avisos y Alertas meteorol\u00f3gicas vigentes por precipitaciones.<\/strong><\/p>\n\n\n\n<p>Para ma\u00f1ana&nbsp;<strong>mi\u00e9rcoles<\/strong>, el Hurac\u00e1n Beryl seguir\u00e1 su rumbo hacia el oeste, alej\u00e1ndose de nuestro territorio, localiz\u00e1ndose pr\u00f3ximo a Jamaica, y simult\u00e1neamente ingresar\u00e1 una masa de aire de reducido contenido de humedad&nbsp; que inducir\u00e1 condiciones de escasas lluvias sobre nuestro territorio. Solo se prev\u00e9n algunos chubascos distanciados en horas matutinas y al final de la tarde debido a los efectos locales sobre los sistemas monta\u00f1osos y el litoral costero Caribe\u00f1o.<\/p>\n\n\n\n<p>El &nbsp;<strong>jueves<\/strong>, se prev\u00e9 un incremento de la humedad e inestabilidad sobre nuestro territorio debido a la cercan\u00eda de una activa onda tropical y a la presencia de una vaguada en varios niveles de la troposfera, que producir\u00e1n aumentos nubosos en gran parte la geograf\u00eda nacional con aguaceros fuertes, tormentas el\u00e9ctricas, r\u00e1fagas de viento y oleaje peligroso en el litoral costero Caribe\u00f1o.&nbsp;<\/p>\n\n\n\n<p><strong>Santo Domingo y sus municipios:<\/strong>&nbsp;Nublados con aguaceros, tormentas el\u00e9ctricas y r\u00e1fagas de viento.<\/p>\n\n\n\n<p><strong>Distrito Nacional:<\/strong>&nbsp;Nublados con aguaceros, tormentas el\u00e9ctricas y r\u00e1fagas de viento fuertes en ocasiones.<\/p>\n\n\n\n<figure class=\"wp-block-table\"><table><tbody><tr><td><strong>PROVINCIAS<\/strong><\/td><td><strong>PRON\u00d3STICO POR LOCALIDADES<\/strong><\/td><td><strong>T. M\u00e1x. \u00b0C<\/strong><\/td><td><strong>T. Min. \u00b0C<\/strong><\/td><\/tr><tr><td><strong>Santiago<\/strong><\/td><td>Aguaceros moderados a localmente fuertes &nbsp;con tronadas y r\u00e1fagas de viento.<\/td><td><strong>29\/31<\/strong><\/td><td><strong>23\/25<\/strong><\/td><\/tr><tr><td><strong>Puerto&nbsp;Plata<\/strong><\/td><td>Aguaceros moderados a fuertes &nbsp;con tronadas y r\u00e1fagas de viento.<\/td><td><strong>29\/31<\/strong><\/td><td><strong>23\/25<\/strong><\/td><\/tr><tr><td><strong>Duarte<\/strong><\/td><td>Aguaceros moderados a fuertes &nbsp;con tronadas y r\u00e1fagas de viento.<\/td><td><strong>28\/30<\/strong><\/td><td><strong>22\/24<\/strong><\/td><\/tr><tr><td><strong>Constanza<\/strong><\/td><td>Aguaceros moderados a fuertes &nbsp;con tronadas y r\u00e1fagas de viento.<\/td><td><strong>25\/27<\/strong><\/td><td><strong>15\/18<\/strong><\/td><\/tr><tr><td><strong>Peravia<\/strong><\/td><td>Aguaceros moderados a &nbsp;fuertes con tronadas y r\u00e1fagas de viento con fuerza de tormenta tropical.<\/td><td><strong>28\/30<\/strong><\/td><td><strong>22\/24<\/strong><\/td><\/tr><tr><td><strong>San P. de Macor\u00eds<\/strong><\/td><td>Aguaceros moderados a &nbsp;fuertes con tronadas y r\u00e1fagas de viento.<\/td><td><strong>29\/31<\/strong><\/td><td><strong>22\/24<\/strong><\/td><\/tr><tr><td><strong>La Romana<\/strong><\/td><td>Aguaceros moderados a &nbsp;fuertes con tronadas y r\u00e1fagas de viento.<\/td><td><strong>28\/30<\/strong><\/td><td><strong>22\/24<\/strong><\/td><\/tr><tr><td><strong>La Vega<\/strong><\/td><td>Aguaceros moderados a fuertes con tronadas y r\u00e1fagas de viento.<\/td><td><strong>28\/30<\/strong><\/td><td><strong>22\/24<\/strong><\/td><\/tr><tr><td><strong>Monse\u00f1or Nouel<\/strong><\/td><td>Aguaceros moderados a fuertes desde alrededor del mediod\u00eda con tronadas y r\u00e1fagas de viento.<\/td><td><strong>29\/31<\/strong><\/td><td><strong>22\/24<\/strong><\/td><\/tr><tr><td><strong>San Crist\u00f3bal<\/strong><\/td><td>Aguaceros moderados a fuertes &nbsp;con tronadas y r\u00e1fagas de viento.<\/td><td><strong>28\/30<\/strong><\/td><td><strong>23\/25<\/strong><\/td><\/tr><tr><td><strong>Saman\u00e1<\/strong><\/td><td>Aguaceros&nbsp; moderados a fuertes con tronadas y r\u00e1fagas de viento.<\/td><td><strong>28\/30<\/strong><\/td><td><strong>22\/24<\/strong><\/td><\/tr><tr><td><strong>Monte Cristi<\/strong><\/td><td>Aguaceros moderados a fuertes &nbsp;con tronadas y r\u00e1fagas de viento.<\/td><td><strong>33\/35<\/strong><\/td><td><strong>22\/24<\/strong><\/td><\/tr><tr><td><strong>Azua<\/strong><\/td><td>Aguaceros moderados a &nbsp;fuertes con tronadas y r\u00e1fagas de viento con fuerza de tormenta tropical.<\/td><td><strong>32\/34<\/strong><\/td><td><strong>22\/24<\/strong><\/td><\/tr><tr><td><strong>San Juan<\/strong><\/td><td>Aguaceros moderados a fuertes, tronadas y r\u00e1fagas de viento intensas.<\/td><td><strong>29\/31<\/strong><\/td><td><strong>23\/25<\/strong><\/td><\/tr><tr><td><strong>Barahona<\/strong><\/td><td>Aguaceros intensos, tronadas y r\u00e1fagas de viento muy fuertes con intensidad de tormenta tropical.<\/td><td><strong>28\/30<\/strong><\/td><td><strong>23\/25<\/strong><\/td><\/tr><tr><td><strong>La Altagracia<\/strong><\/td><td>Aguaceros moderados a localmente fuertes con r\u00e1fagas de viento frecuentes.<\/td><td><strong>28\/30<\/strong><\/td><td><strong>23\/25<\/strong><\/td><\/tr><\/tbody><\/table><\/figure>\n\n\n\n<p><strong>Meteor\u00f3logos: Claudio Amaro\/ Cristopher Flori\u00e1n\/Jes\u00fas Beltre.<\/strong><\/p>\n","protected":false},"excerpt":{"rendered":"<p>Martes 02 de julio de 2024 a las 6:00 p.m. V\u00e1lido hasta el jueves 04&hellip;<\/p>\n","protected":false},"author":2,"featured_media":67436,"comment_status":"open","ping_status":"open","sticky":false,"template":"","format":"standard","meta":{"footnotes":""},"categories":[55],"tags":[],"class_list":["post-67435","post","type-post","status-publish","format-standard","has-post-thumbnail","hentry","category-nacionales"],"_links":{"self":[{"href":"https:\/\/eldiarioantillano.com\/uno\/wp-json\/wp\/v2\/posts\/67435","targetHints":{"allow":["GET"]}}],"collection":[{"href":"https:\/\/eldiarioantillano.com\/uno\/wp-json\/wp\/v2\/posts"}],"about":[{"href":"https:\/\/eldiarioantillano.com\/uno\/wp-json\/wp\/v2\/types\/post"}],"author":[{"embeddable":true,"href":"https:\/\/eldiarioantillano.com\/uno\/wp-json\/wp\/v2\/users\/2"}],"replies":[{"embeddable":true,"href":"https:\/\/eldiarioantillano.com\/uno\/wp-json\/wp\/v2\/comments?post=67435"}],"version-history":[{"count":1,"href":"https:\/\/eldiarioantillano.com\/uno\/wp-json\/wp\/v2\/posts\/67435\/revisions"}],"predecessor-version":[{"id":67437,"href":"https:\/\/eldiarioantillano.com\/uno\/wp-json\/wp\/v2\/posts\/67435\/revisions\/67437"}],"wp:featuredmedia":[{"embeddable":true,"href":"https:\/\/eldiarioantillano.com\/uno\/wp-json\/wp\/v2\/media\/67436"}],"wp:attachment":[{"href":"https:\/\/eldiarioantillano.com\/uno\/wp-json\/wp\/v2\/media?parent=67435"}],"wp:term":[{"taxonomy":"category","embeddable":true,"href":"https:\/\/eldiarioantillano.com\/uno\/wp-json\/wp\/v2\/categories?post=67435"},{"taxonomy":"post_tag","embeddable":true,"href":"https:\/\/eldiarioantillano.com\/uno\/wp-json\/wp\/v2\/tags?post=67435"}],"curies":[{"name":"wp","href":"https:\/\/api.w.org\/{rel}","templated":true}]}}