{"id":67324,"date":"2024-06-26T22:36:58","date_gmt":"2024-06-27T02:36:58","guid":{"rendered":"https:\/\/eldiarioantillano.com\/uno\/?p=67324"},"modified":"2024-06-26T22:59:24","modified_gmt":"2024-06-27T02:59:24","slug":"militares-de-bolivia-retornan-a-los-cuarteles","status":"publish","type":"post","link":"https:\/\/eldiarioantillano.com\/uno\/2024\/06\/26\/militares-de-bolivia-retornan-a-los-cuarteles\/","title":{"rendered":"Militares de Bolivia retornan a los cuarteles"},"content":{"rendered":"\n<p>Servicio de PRENSA LATINA<\/p>\n\n\n\n<p>El presidente Luis Arce posesion\u00f3 en la Casa Grande del Pueblo a los nuevos mandos militares, en medio de gritos de cientos de personas que se congregaron para apoyarlo en la sede gubernamental.<\/p>\n\n\n\n<p>Como nuevo comandante general del Ej\u00e9rcito nombr\u00f3 al general de divisi\u00f3n Jos\u00e9 Wilson, quien en su primera intervenci\u00f3n p\u00fablica orden\u00f3 el retorno a los cuarteles de todos los militares.<\/p>\n\n\n\n<p>Igualmente, llam\u00f3 al general golpista Juan Jos\u00e9 Z\u00fa\u00f1iga a deponer su actitud y evitar que las Fuerzas Armadas de Bolivia se vuelvan a manchar de sangre.<\/p>\n\n\n\n<p>En su mensaje, Arce resalt\u00f3 la importancia de la democracia para el pueblo boliviano.<\/p>\n\n\n\n<p>\u201cHaremos respetar la democracia ganada con el voto del pueblo boliviano\u201d, expres\u00f3.<\/p>\n\n\n\n<p>Durante todo este cap\u00edtulo golpista, Arce se mostr\u00f3 sereno en la Casa Grande del Pueblo y decidido a resistir contra el intento de rebeli\u00f3n castrense que encabez\u00f3 Z\u00fa\u00f1iga.<\/p>\n\n\n\n<p>\u201cLlamamos a todos a defender la democracia, y aqu\u00ed estamos firmes desde la Casa Grande\u201d, expres\u00f3 a trav\u00e9s del canal estatal Bolivia Tv, que en todo momento transmiti\u00f3 los acontecimientos.<\/p>\n\n\n\n<p>Minutos antes de la posesi\u00f3n de los nuevos mandos, Z\u00fa\u00f1iga proclam\u00f3 ante la prensa que el Ej\u00e9rcito liberar\u00e1 a Jeanine \u00c1\u00f1ez, Luis Fernando Camacho y otros golpistas de 2019, a quienes calific\u00f3 de \u201cpresos pol\u00edticos\u201d.<\/p>\n\n\n\n<p>Igualmente, con el empleo de una palabra procaz en referencia a los test\u00edculos, expres\u00f3 que el Ej\u00e9rcito los tiene para recuperar lo que denomin\u00f3 \u201cdemocracia\u201d.<\/p>\n\n\n\n<p>Esta intervenci\u00f3n tiene como antecedente, recientes acusaciones contra planes golpistas de la embajada de Estados Unidos en Bolivia y de la jefa del Comando Sur, Laura Richardson, quien al referirse de manera reiterada al litio, el agua y la amazonia de Bolivia utiliz\u00f3 el t\u00e9rmino \u201ctenemos\u201d.<\/p>\n\n\n\n<p>npg\/jpm<\/p>\n","protected":false},"excerpt":{"rendered":"<p>Servicio de PRENSA LATINA El presidente Luis Arce posesion\u00f3 en la Casa Grande del Pueblo&hellip;<\/p>\n","protected":false},"author":2,"featured_media":67325,"comment_status":"open","ping_status":"open","sticky":false,"template":"","format":"standard","meta":{"footnotes":""},"categories":[52,53],"tags":[],"class_list":["post-67324","post","type-post","status-publish","format-standard","has-post-thumbnail","hentry","category-internacionales","category-prensa-latina"],"_links":{"self":[{"href":"https:\/\/eldiarioantillano.com\/uno\/wp-json\/wp\/v2\/posts\/67324","targetHints":{"allow":["GET"]}}],"collection":[{"href":"https:\/\/eldiarioantillano.com\/uno\/wp-json\/wp\/v2\/posts"}],"about":[{"href":"https:\/\/eldiarioantillano.com\/uno\/wp-json\/wp\/v2\/types\/post"}],"author":[{"embeddable":true,"href":"https:\/\/eldiarioantillano.com\/uno\/wp-json\/wp\/v2\/users\/2"}],"replies":[{"embeddable":true,"href":"https:\/\/eldiarioantillano.com\/uno\/wp-json\/wp\/v2\/comments?post=67324"}],"version-history":[{"count":2,"href":"https:\/\/eldiarioantillano.com\/uno\/wp-json\/wp\/v2\/posts\/67324\/revisions"}],"predecessor-version":[{"id":67328,"href":"https:\/\/eldiarioantillano.com\/uno\/wp-json\/wp\/v2\/posts\/67324\/revisions\/67328"}],"wp:featuredmedia":[{"embeddable":true,"href":"https:\/\/eldiarioantillano.com\/uno\/wp-json\/wp\/v2\/media\/67325"}],"wp:attachment":[{"href":"https:\/\/eldiarioantillano.com\/uno\/wp-json\/wp\/v2\/media?parent=67324"}],"wp:term":[{"taxonomy":"category","embeddable":true,"href":"https:\/\/eldiarioantillano.com\/uno\/wp-json\/wp\/v2\/categories?post=67324"},{"taxonomy":"post_tag","embeddable":true,"href":"https:\/\/eldiarioantillano.com\/uno\/wp-json\/wp\/v2\/tags?post=67324"}],"curies":[{"name":"wp","href":"https:\/\/api.w.org\/{rel}","templated":true}]}}