{"id":67315,"date":"2024-06-26T00:28:32","date_gmt":"2024-06-26T04:28:32","guid":{"rendered":"https:\/\/eldiarioantillano.com\/uno\/?p=67315"},"modified":"2024-06-26T00:28:35","modified_gmt":"2024-06-26T04:28:35","slug":"la-guerra-mundial-vuelve-a-llamar-a-las-puertas-de-europa","status":"publish","type":"post","link":"https:\/\/eldiarioantillano.com\/uno\/2024\/06\/26\/la-guerra-mundial-vuelve-a-llamar-a-las-puertas-de-europa\/","title":{"rendered":"La guerra mundial vuelve a llamar a las puertas de Europa"},"content":{"rendered":"\n<p>22 de junio de 2024 (EIRNS)\u2014Ha pasado una semana desde que&nbsp;<a href=\"http:\/\/en.kremlin.ru\/events\/president\/news\/74285\" target=\"_blank\" rel=\"noreferrer noopener\">el presidente ruso Vladimir Putin<\/a>&nbsp;present\u00f3 una iniciativa integral para una nueva arquitectura de seguridad euroasi\u00e1tica, incluida una paz negociada para detener la escalada de la guerra en Ucrania, para la consideraci\u00f3n del mundo. Lo hizo el 14 de junio en un discurso de una hora ante los l\u00edderes del Ministerio de Asuntos Exteriores de Rusia, y fue expl\u00edcito en que su propuesta estaba dise\u00f1ada para garantizar la seguridad de&nbsp;<em>todas<\/em>&nbsp;las naciones, incluidas las de Europa y la OTAN.<\/p>\n\n\n\n<p>Aparte del rechazo casi instant\u00e1neo y brusco de la oferta por parte del presidente estadounidense Joe Biden y del canciller alem\u00e1n Olaf Scholz, ha habido un silencio ensordecedor sobre la propuesta de Putin por parte del gobierno y otros c\u00edrculos pol\u00edticos de Occidente, a pesar de que el Estados Unidos y Rusia est\u00e1n ahora en una trayectoria que apunta hacia una confrontaci\u00f3n nuclear en el corto plazo. Preguntado por los periodistas, el asesor del Kremlin, Yury Ushakov, confirm\u00f3 que Occidente no se ha acercado directamente a Mosc\u00fa para discutir la propuesta de Putin.<\/p>\n\n\n\n<p>Sin inmutarse, Putin reiter\u00f3 la esencia de su propuesta en&nbsp;<a href=\"http:\/\/en.kremlin.ru\/events\/president\/news\/74363\" target=\"_blank\" rel=\"noreferrer noopener\">unas declaraciones del 21 de junio a los graduados de las escuelas militares superiores de Rusia<\/a>&nbsp;: \u201cRecientemente, en la reuni\u00f3n con altos funcionarios del Ministerio de Asuntos Exteriores, describ\u00ed nuestra visi\u00f3n sobre la creaci\u00f3n de una seguridad igualitaria e indivisible en Eurasia. Estamos preparados para un amplio debate internacional sobre estas cuestiones claves y vitales con nuestros colegas de la Organizaci\u00f3n de Cooperaci\u00f3n de Shanghai, la CEI, la UEEA, los BRICS y con otras asociaciones internacionales, incluidos los Estados europeos y de la OTAN. Naturalmente, cuando est\u00e9n preparados para ello\u201d.<\/p>\n\n\n\n<p>Al parecer, el establishment occidental a\u00fan no est\u00e1 preparado.<\/p>\n\n\n\n<p>Como lo expres\u00f3&nbsp;<a href=\"https:\/\/valdaiclub.com\/a\/highlights\/will-nato-attack-russia\/?sphrase_id=1664246\" target=\"_blank\" rel=\"noreferrer noopener\">Igor Istomin<\/a>&nbsp;, un destacado experto ruso en asuntos internacionales de la Universidad MGIMO del Ministerio de Relaciones Exteriores, en un art\u00edculo del 19 de junio: \u201cMientras su representante ucraniano enfrenta la derrota, el bloque liderado por Estados Unidos se est\u00e1 volviendo cada vez m\u00e1s imprudente\u201d. A Istomin le preocupaba que \u201cOccidente se est\u00e9 acercando cada vez m\u00e1s al borde de una confrontaci\u00f3n militar directa\u201d con Rusia y que, como resultado, \u201cla posibilidad de una guerra transeuropea est\u00e9 m\u00e1s cerca hoy que en cualquier otro momento desde mediados del siglo XX. \u00ab<\/p>\n\n\n\n<p>No se puede estar en desacuerdo con la lectura de Istomin: Todo indica que la OTAN, de hecho, est\u00e1 preparando activamente sus fuerzas para una guerra a corto plazo en suelo europeo&#8230; otra vez.<\/p>\n\n\n\n<p>Sin embargo, existen voces a favor de la cordura en Occidente y en ambos lados del Atl\u00e1ntico. El 21 de junio, la Coalici\u00f3n Internacional por la Paz (IPC), en su 55\u00aa reuni\u00f3n semanal, escuch\u00f3 y adopt\u00f3 una resoluci\u00f3n que acoge con agrado el tipo de di\u00e1logo que Putin pide. La resoluci\u00f3n fue presentada por Joachim Bonatz, vicepresidente de la Junta Directiva de Asociaciones de Alemania Oriental (Ostdeutsches Kuratorium von Verb\u00e4nden (OKV) eV), y cont\u00f3 con el apoyo de destacadas figuras militares y de inteligencia de Estados Unidos, Francia y otros lugares. El Instituto Schiller y la fundadora del IPC, Helga Zepp-LaRouche, tambi\u00e9n respaldaron firmemente la iniciativa y hoy pidieron su r\u00e1pida distribuci\u00f3n internacional y una pronta expansi\u00f3n de la colaboraci\u00f3n en ambos lados del Atl\u00e1ntico para aceptar la propuesta de paz de Putin.<\/p>\n\n\n\n<p>&#8230;<\/p>\n","protected":false},"excerpt":{"rendered":"<p>22 de junio de 2024 (EIRNS)\u2014Ha pasado una semana desde que&nbsp;el presidente ruso Vladimir Putin&nbsp;present\u00f3&hellip;<\/p>\n","protected":false},"author":2,"featured_media":67318,"comment_status":"open","ping_status":"open","sticky":false,"template":"","format":"standard","meta":{"footnotes":""},"categories":[78,52],"tags":[],"class_list":["post-67315","post","type-post","status-publish","format-standard","has-post-thumbnail","hentry","category-eirns","category-internacionales"],"_links":{"self":[{"href":"https:\/\/eldiarioantillano.com\/uno\/wp-json\/wp\/v2\/posts\/67315","targetHints":{"allow":["GET"]}}],"collection":[{"href":"https:\/\/eldiarioantillano.com\/uno\/wp-json\/wp\/v2\/posts"}],"about":[{"href":"https:\/\/eldiarioantillano.com\/uno\/wp-json\/wp\/v2\/types\/post"}],"author":[{"embeddable":true,"href":"https:\/\/eldiarioantillano.com\/uno\/wp-json\/wp\/v2\/users\/2"}],"replies":[{"embeddable":true,"href":"https:\/\/eldiarioantillano.com\/uno\/wp-json\/wp\/v2\/comments?post=67315"}],"version-history":[{"count":1,"href":"https:\/\/eldiarioantillano.com\/uno\/wp-json\/wp\/v2\/posts\/67315\/revisions"}],"predecessor-version":[{"id":67319,"href":"https:\/\/eldiarioantillano.com\/uno\/wp-json\/wp\/v2\/posts\/67315\/revisions\/67319"}],"wp:featuredmedia":[{"embeddable":true,"href":"https:\/\/eldiarioantillano.com\/uno\/wp-json\/wp\/v2\/media\/67318"}],"wp:attachment":[{"href":"https:\/\/eldiarioantillano.com\/uno\/wp-json\/wp\/v2\/media?parent=67315"}],"wp:term":[{"taxonomy":"category","embeddable":true,"href":"https:\/\/eldiarioantillano.com\/uno\/wp-json\/wp\/v2\/categories?post=67315"},{"taxonomy":"post_tag","embeddable":true,"href":"https:\/\/eldiarioantillano.com\/uno\/wp-json\/wp\/v2\/tags?post=67315"}],"curies":[{"name":"wp","href":"https:\/\/api.w.org\/{rel}","templated":true}]}}