{"id":67310,"date":"2024-06-25T00:04:23","date_gmt":"2024-06-25T04:04:23","guid":{"rendered":"https:\/\/eldiarioantillano.com\/uno\/?p=67310"},"modified":"2024-06-25T00:05:03","modified_gmt":"2024-06-25T04:05:03","slug":"demandan-en-onu-respeto-para-soberania-de-puerto-rico","status":"publish","type":"post","link":"https:\/\/eldiarioantillano.com\/uno\/2024\/06\/25\/demandan-en-onu-respeto-para-soberania-de-puerto-rico\/","title":{"rendered":"Demandan en ONU respeto para soberan\u00eda de Puerto Rico"},"content":{"rendered":"\n<p>Naciones Unidas &nbsp;(Prensa Latina) El Comit\u00e9 de Descolonizaci\u00f3n de la ONU demand\u00f3 esta semana &nbsp;respeto por el derecho de Puerto Rico a la libre determinaci\u00f3n y la independencia tras aprobar una resoluci\u00f3n introducida por Cuba que pide su soberan\u00eda.<\/p>\n\n\n\n<p>El texto recuerda los instrumentos aprobados al respecto por la Asamblea General de Naciones Unidas y reconoce al pueblo de Puerto Rico como una naci\u00f3n latinoamericana y caribe\u00f1a con su propia e inconfundible identidad nacional.<\/p>\n\n\n\n<p>En ese sentido, exhorta al Gobierno de los Estados Unidos a permitir ese derecho para que los puertorrique\u00f1os puedan, de manera soberana, tomar decisiones para atender necesidades econ\u00f3micas y sociales como el desempleo, la marginaci\u00f3n, la insolvencia y la pobreza, as\u00ed como la educaci\u00f3n y la salud.<\/p>\n\n\n\n<p>Adem\u00e1s, &nbsp;advierte de la decisi\u00f3n del Congreso norteamericano que reduce a\u00fan m\u00e1s el espacio pol\u00edtico y econ\u00f3mico en ese territorio caribe\u00f1o a trav\u00e9s de la Ley de Supervisi\u00f3n, Administraci\u00f3n y Estabilidad Econ\u00f3mica de Puerto Rico y la creaci\u00f3n de la Junta de Supervisi\u00f3n y Administraci\u00f3n Financiera.<\/p>\n\n\n\n<p>Como consecuencia, agrega, se ha deteriorado seriamente la situaci\u00f3n social y econ\u00f3mica junto con la privatizaci\u00f3n de servicios esenciales como la energ\u00eda el\u00e9ctrica.<\/p>\n\n\n\n<p>La resoluci\u00f3n llama la atenci\u00f3n sobre el debate existente para la implementaci\u00f3n de un mecanismo que garantice la plena participaci\u00f3n de representantes de todos los sectores, entre ellos una asamblea constitucional basada en las alternativas de descolonizaci\u00f3n reconocidas por el derecho internacional.<\/p>\n\n\n\n<p>A la par, alerta de las acciones llevadas a cabo contra independentistas puertorrique\u00f1os y alienta a que se investiguen esas acciones con el rigor necesario y la cooperaci\u00f3n de las autoridades competentes.<\/p>\n\n\n\n<p>El documento solicita a la Asamblea General examinar la cuesti\u00f3n de Puerto Rico de manera amplia y en todos sus aspectos y se pronuncie al respecto lo antes posible.<\/p>\n\n\n\n<p><strong>Consorcio canadiense-estadounidense solicita alza tarifa en medio de crisis<\/strong><\/p>\n\n\n\n<p>Desde San Juan, Prensa Latina reporto que el consorcio canadiense-estadounidense LUMA Energy solicit\u00f3 el 21 de este mes al Negociado de Energ\u00eda de Puerto Rico un alza de 1,4 centavos por kilovatio\/hora en la tarifa el\u00e9ctrica, en medio de la crisis prevaleciente.<\/p>\n\n\n\n<p>La petici\u00f3n se produce cuando esa isla del Caribe, bajo el dominio colonial de Estados Unidos desde hace 125 a\u00f1os, se halla sumida en un caos energ\u00e9tico despu\u00e9s de cuatro a\u00f1os de haber comenzado la privatizaci\u00f3n de la estatal Autoridad de Energ\u00eda El\u00e9ctrica (AEE).<\/p>\n\n\n\n<p>La empresa privatizadora estableci\u00f3 en un comunicado de prensa que se trata de un ajuste trimestral por el costo de combustible.<\/p>\n\n\n\n<p>\u201cLUMA presenta un ajuste trimestral del combustible debido al impacto del consumo y de la mezcla de combustibles utilizados por las generatrices de la Isla\u201d, aleg\u00f3.<\/p>\n\n\n\n<p>La corporaci\u00f3n norteamericana dijo &nbsp;que el aumento en el costo del combustible se debe a \u201cun aumento de un 15 por ciento en el consumo &nbsp;debido a una mayor demanda por temporada y a un mayor uso de las unidades de generaci\u00f3n durante las horas pico, que requieren un combustible m\u00e1s caro\u201d.<\/p>\n\n\n\n<p>Actualmente el costo por kilovatio\/hora promedio es de .22 centavos, un centavo m\u00e1s que el a\u00f1o pasado para el mismo periodo.<\/p>\n\n\n\n<p>El gobernador de Puerto Rico, Pedro R. Pierluisi, se manifest\u00f3 el jueves \u00faltimo &nbsp;en contra de un nuevo incremento en la tarifa el\u00e9ctrica, a d\u00edas de un apag\u00f3n que dej\u00f3 a 350 mil abonados sin servicio.<\/p>\n\n\n\n<p>\u201cLo que tiene que hacer (LUMA Energy) es ajustarse al presupuesto que tiene y priorizar las \u00e1reas\u201d, expres\u00f3 .<\/p>\n\n\n\n<p>Mientras, los legisladores del Partido Independentista Puertorrique\u00f1o (PIP) presentaron una propuesta para dise\u00f1ar un nuevo proyecto que rescate la producci\u00f3n energ\u00e9tica como un servicio p\u00fablico, en medio del caos con LUMA Energy y GeneraPR.<\/p>\n\n\n\n<p>La senadora Mar\u00eda de Lourdes Santiago Negr\u00f3n y el diputado Denis M\u00e1rquez Lebr\u00f3n explicaron que, mediante una transici\u00f3n adecuada, se puede pasar a la producci\u00f3n de energ\u00eda renovable, consciente de que la electricidad es un derecho humano.<\/p>\n\n\n\n<p>Los portavoces del PIP en la Asamblea Legislativa proponen la creaci\u00f3n de un Comit\u00e9 Especial para la Recuperaci\u00f3n del Sistema Energ\u00e9tico del Pueblo de Puerto Rico, compuesto por 10 personas, entre las que figuren docentes de la Universidad de Puerto Rico, profesionales de Administraci\u00f3n P\u00fablica, Econom\u00eda y Derecho.<\/p>\n\n\n\n<p>Este comit\u00e9 tendr\u00e1 como funci\u00f3n dise\u00f1ar un plan de transici\u00f3n en un a\u00f1o a un modelo p\u00fablico y eficiente de generaci\u00f3n, &nbsp;que incluir\u00e1 una nueva corporaci\u00f3n p\u00fablica encargada de la generaci\u00f3n, transmisi\u00f3n y distribuci\u00f3n de energ\u00eda en reemplazo de la estatal Autoridad de Energ\u00eda El\u00e9ctrica (AEE).<\/p>\n\n\n\n<p>Igualmente, el organismo estudiar\u00e1 las consecuencias de cancelar, resolver o rescindir los contratos de privatizaci\u00f3n y las consecuencias de la reestructuraci\u00f3n de la deuda y reconocer\u00e1 el acceso a la energ\u00eda como un servicio p\u00fablico esencial y un derecho humano.<\/p>\n\n\n\n<p>Los legisladores independentistas expusieron que se vislumbrar\u00e1 el acceso a la energ\u00eda como un mecanismo indispensable para un desarrollo econ\u00f3mico sostenible en congruencia con la preservaci\u00f3n del medioambiente.<\/p>\n\n\n\n<p>La senadora Santiago Negr\u00f3n, proponente de la medida, coment\u00f3 que \u201cla recuperaci\u00f3n de nuestro sistema energ\u00e9tico tiene que ser el gran proyecto colectivo del pueblo puertorrique\u00f1o\u201d.<\/p>\n\n\n\n<p>\u201cLa privatizaci\u00f3n tiene de reh\u00e9n toda posibilidad de desarrollo econ\u00f3mico en nuestro pa\u00eds; nos parece que en este momento la mejor contribuci\u00f3n que puede hacer la Asamblea Legislativa es comenzar un di\u00e1logo con personas comprometidas y capacitadas que puedan marcar el mapa de ruta para que, como pa\u00eds, podamos garantizar el derecho humano que es la energ\u00eda\u201d, resumi\u00f3.<\/p>\n\n\n\n<p>npg\/nrm\/eb<\/p>\n","protected":false},"excerpt":{"rendered":"<p>Naciones Unidas &nbsp;(Prensa Latina) El Comit\u00e9 de Descolonizaci\u00f3n de la ONU demand\u00f3 esta semana &nbsp;respeto&hellip;<\/p>\n","protected":false},"author":2,"featured_media":67308,"comment_status":"open","ping_status":"open","sticky":false,"template":"","format":"standard","meta":{"footnotes":""},"categories":[52,1],"tags":[],"class_list":["post-67310","post","type-post","status-publish","format-standard","has-post-thumbnail","hentry","category-internacionales","category-uncategorized"],"_links":{"self":[{"href":"https:\/\/eldiarioantillano.com\/uno\/wp-json\/wp\/v2\/posts\/67310","targetHints":{"allow":["GET"]}}],"collection":[{"href":"https:\/\/eldiarioantillano.com\/uno\/wp-json\/wp\/v2\/posts"}],"about":[{"href":"https:\/\/eldiarioantillano.com\/uno\/wp-json\/wp\/v2\/types\/post"}],"author":[{"embeddable":true,"href":"https:\/\/eldiarioantillano.com\/uno\/wp-json\/wp\/v2\/users\/2"}],"replies":[{"embeddable":true,"href":"https:\/\/eldiarioantillano.com\/uno\/wp-json\/wp\/v2\/comments?post=67310"}],"version-history":[{"count":1,"href":"https:\/\/eldiarioantillano.com\/uno\/wp-json\/wp\/v2\/posts\/67310\/revisions"}],"predecessor-version":[{"id":67311,"href":"https:\/\/eldiarioantillano.com\/uno\/wp-json\/wp\/v2\/posts\/67310\/revisions\/67311"}],"wp:featuredmedia":[{"embeddable":true,"href":"https:\/\/eldiarioantillano.com\/uno\/wp-json\/wp\/v2\/media\/67308"}],"wp:attachment":[{"href":"https:\/\/eldiarioantillano.com\/uno\/wp-json\/wp\/v2\/media?parent=67310"}],"wp:term":[{"taxonomy":"category","embeddable":true,"href":"https:\/\/eldiarioantillano.com\/uno\/wp-json\/wp\/v2\/categories?post=67310"},{"taxonomy":"post_tag","embeddable":true,"href":"https:\/\/eldiarioantillano.com\/uno\/wp-json\/wp\/v2\/tags?post=67310"}],"curies":[{"name":"wp","href":"https:\/\/api.w.org\/{rel}","templated":true}]}}