{"id":67279,"date":"2024-06-23T00:00:00","date_gmt":"2024-06-23T04:00:00","guid":{"rendered":"https:\/\/eldiarioantillano.com\/uno\/?p=67279"},"modified":"2024-06-22T20:40:14","modified_gmt":"2024-06-23T00:40:14","slug":"haiti-da-pasos-cortos-en-un-escenario-de-caos","status":"publish","type":"post","link":"https:\/\/eldiarioantillano.com\/uno\/2024\/06\/23\/haiti-da-pasos-cortos-en-un-escenario-de-caos\/","title":{"rendered":"Hait\u00ed da pasos cortos en un escenario de caos"},"content":{"rendered":"\n<p><strong>Puerto&nbsp;Pr\u00edncipe<\/strong>(<em>Prensa Latina).<\/em>&#8211; Aun con un gobierno reci\u00e9n conformado y la pr\u00f3xima llegada de una misi\u00f3n multinacional para hacer frente a la violencia, Hait\u00ed sigue siendo un escenario de caos, con cerca de 580 mil desplazados, seg\u00fan datos de la Organizaci\u00f3n de las Naciones Unidas (ONU).<br>Esas personas, obligadas a abandonar sus hogares en un pa\u00eds sometido a la escalada de inseguridad impuesta por las pandillas, representan un aumento del 60 por ciento desde marzo.<br>De acuerdo con la informaci\u00f3n de la ONU, el \u00e1rea m\u00e1s afectada es Puerto Pr\u00edncipe, la capital, donde las bandas armadas controlan m\u00e1s del 80 por ciento del territorio, lo que aumenta la presi\u00f3n en las comunidades ya vulnerables.<br>Como consecuencia, en el departamento Sur, el n\u00famero de desplazados se elev\u00f3 de 116 mil a 270 mil en apenas tres meses.<br>Mientras, en la capital 39 escuelas se han transformado en lugares de acogida de estos ciudadanos y quedaron fuera de servicio para las actividades docentes.<br>Funcionarios de Naciones Unidas consideran que el sector educativo se ha visto gravemente afectado por la violencia reciente, con m\u00e1s de 200 mil ni\u00f1os y cuatro mil profesores imposibilitados de asistir a los centros de ense\u00f1anza en los departamentos del Oeste y Artibonite.<br>Sin embargo, ese es solo uno de los tantos \u00e1mbitos en crisis en Hait\u00ed, cuya estabilidad ven\u00eda en picada desde el magnicidio en 2021 del presidente Jovenel Moise, y se hundi\u00f3 a\u00fan m\u00e1s a partir de marzo, con un ataque coordinado por varias bandas a la principal prisi\u00f3n de la naci\u00f3n franc\u00f3fona que liber\u00f3 a miles de reos.<br>All\u00ed est\u00e1 el origen m\u00e1s reciente del dantesco panorama de la naci\u00f3n, donde ciudadanos, viviendas, bancos, instalaciones educativas, terminales a\u00e9reas y portuarias e, incluso, el propio Palacio Nacional, han sido objetivos de las pandillas, cuyo accionar incide en \u00e1reas tambi\u00e9n claves como el acceso a la salud y la alimentaci\u00f3n.<br>Los criminales han arremetido igualmente contra autom\u00f3viles particulares, un seminario religioso, la primera Iglesia Bautista de Hait\u00ed con m\u00e1s de 180 a\u00f1os de fundada, y m\u00e1s de una docena de farmacias, y en demostraci\u00f3n de que van en serio le quemaron la casa al excomandante en jefe de la Polic\u00eda Nacional.<br>No asombra, entonces, que el pa\u00eds amaneciera este mi\u00e9rcoles con su Ej\u00e9rcito en pie de guerra, en otro intento de unir esfuerzos para combatir a la coalici\u00f3n de grupos criminales, y que el combate a la inseguridad sea una de las prioridades delineadas por el Consejo Presidencial de Transici\u00f3n y el nuevo primer ministro, Garry Conille.<br>Tambi\u00e9n en esta jornada Conille reiter\u00f3 su compromiso de centrarse en la celebraci\u00f3n de los comicios generales, y visit\u00f3 el Consejo Electoral Provisional (CEP) con el fin de elaborar un plan de conformidad con el acuerdo firmado entre el Consejo Presidencial de Transici\u00f3n y \u00e9l para la realizaci\u00f3n de la cita ante las urnas.<br>Con anterioridad, el director del CEP, Max D\u00e9lice, vaticin\u00f3 que el proceso para preparar las elecciones ser\u00e1 complejo, teniendo en cuenta la situaci\u00f3n que vive el pa\u00eds caribe\u00f1o.<br>En primer lugar est\u00e1 el tema de la violencia, y otro elemento a tener en cuenta es que el panorama electoral cambi\u00f3 considerablemente, pero seguimos trabajando a pesar de la dif\u00edcil situaci\u00f3n que enfrentamos, precis\u00f3 D\u00e9lice, al referir que en condiciones \u00f3ptimas el Consejo necesita entre 180 y 200 d\u00edas para celebrar unos comicios.<br>El funcionario explic\u00f3 que se debe preparar un calendario y resolver el asunto de la poca cantidad de centros de votaci\u00f3n accesibles por la crisis de seguridad, sin mencionar \u2013asever\u00f3- las restricciones en cuanto al movimiento de personas y la falta de equipamiento.<br>Hemos planteado el tema del padr\u00f3n electoral, pues miles de electores fueron desplazados por la violencia o simplemente abandonaron la naci\u00f3n, a\u00f1adi\u00f3 la autoridad, quien reiter\u00f3 que realizar ese ejercicio requerir\u00e1 de mucha voluntad, en un pa\u00eds saturado por las crisis y la violencia.<\/p>\n\n\n\n<p>Las\/<\/p>\n","protected":false},"excerpt":{"rendered":"<p>Puerto&nbsp;Pr\u00edncipe(Prensa Latina).&#8211; Aun con un gobierno reci\u00e9n conformado y la pr\u00f3xima llegada de una misi\u00f3n&hellip;<\/p>\n","protected":false},"author":2,"featured_media":67281,"comment_status":"open","ping_status":"open","sticky":false,"template":"","format":"standard","meta":{"footnotes":""},"categories":[52,53],"tags":[],"class_list":["post-67279","post","type-post","status-publish","format-standard","has-post-thumbnail","hentry","category-internacionales","category-prensa-latina"],"_links":{"self":[{"href":"https:\/\/eldiarioantillano.com\/uno\/wp-json\/wp\/v2\/posts\/67279","targetHints":{"allow":["GET"]}}],"collection":[{"href":"https:\/\/eldiarioantillano.com\/uno\/wp-json\/wp\/v2\/posts"}],"about":[{"href":"https:\/\/eldiarioantillano.com\/uno\/wp-json\/wp\/v2\/types\/post"}],"author":[{"embeddable":true,"href":"https:\/\/eldiarioantillano.com\/uno\/wp-json\/wp\/v2\/users\/2"}],"replies":[{"embeddable":true,"href":"https:\/\/eldiarioantillano.com\/uno\/wp-json\/wp\/v2\/comments?post=67279"}],"version-history":[{"count":1,"href":"https:\/\/eldiarioantillano.com\/uno\/wp-json\/wp\/v2\/posts\/67279\/revisions"}],"predecessor-version":[{"id":67282,"href":"https:\/\/eldiarioantillano.com\/uno\/wp-json\/wp\/v2\/posts\/67279\/revisions\/67282"}],"wp:featuredmedia":[{"embeddable":true,"href":"https:\/\/eldiarioantillano.com\/uno\/wp-json\/wp\/v2\/media\/67281"}],"wp:attachment":[{"href":"https:\/\/eldiarioantillano.com\/uno\/wp-json\/wp\/v2\/media?parent=67279"}],"wp:term":[{"taxonomy":"category","embeddable":true,"href":"https:\/\/eldiarioantillano.com\/uno\/wp-json\/wp\/v2\/categories?post=67279"},{"taxonomy":"post_tag","embeddable":true,"href":"https:\/\/eldiarioantillano.com\/uno\/wp-json\/wp\/v2\/tags?post=67279"}],"curies":[{"name":"wp","href":"https:\/\/api.w.org\/{rel}","templated":true}]}}