{"id":67272,"date":"2024-06-22T01:22:20","date_gmt":"2024-06-22T05:22:20","guid":{"rendered":"https:\/\/eldiarioantillano.com\/uno\/?p=67272"},"modified":"2024-06-22T01:22:23","modified_gmt":"2024-06-22T05:22:23","slug":"hagamos-nuestra-parte","status":"publish","type":"post","link":"https:\/\/eldiarioantillano.com\/uno\/2024\/06\/22\/hagamos-nuestra-parte\/","title":{"rendered":"Hagamos nuestra parte"},"content":{"rendered":"\n<p>Por PATRICIA ARACHE<\/p>\n\n\n\n<p>Desde hace d\u00edas, la Organizaci\u00f3n Mundial de la Salud (OMS) y el Ministerio de Salud de Rep\u00fablica Dominicana (MSP) formulan llamados de atenci\u00f3n sobre la incidencia de una nueva variante del coronavirus.<\/p>\n\n\n\n<p>Advierten que esa variante es cinco veces m\u00e1s agresiva que las ya amargamente vividas y que, incluso, tiene una tasa de mortalidad m\u00e1s alta, con el agravante de que tarda menos tiempo en alcanzar una gravedad extrema, sin que haya s\u00edntomas evidentes.<\/p>\n\n\n\n<p>Antes del inicio del presente a\u00f1o 2024, las autoridades competentes hablaban sobre el surgimiento de una nueva variante de esta enfermedad, cuyas devastadoras consecuencias no solo impactaron en el plano sanitario, sino tambi\u00e9n, en las econom\u00edas, en el comportamiento humano, en la educaci\u00f3n y en el conjunto de elementos que conforman la vida, en sentido general.<\/p>\n\n\n\n<p>Hasta el 31 de diciembre de 2021, la OMS estim\u00f3 que la pandemia de COVID-19 caus\u00f3 14,9 millones de muertes en todo el mundo, de las cuales hubo 6,2 millones notificados oficialmente por sus 194 pa\u00edses miembros.<\/p>\n\n\n\n<p>Despu\u00e9s de dos a\u00f1os, en los que el mundo se mantuvo pr\u00e1cticamente de rodillas o en proceso de involuci\u00f3n, las realidades post pand\u00e9micas tampoco han sido halag\u00fce\u00f1as, por lo cual, algunos gobiernos, y el del presidente Luis Abinader, en Rep\u00fablica Dominicana, no fue la excepci\u00f3n, han debido enfrentar con valent\u00eda, responsabilidad y un gran peso los tiempos y sus circunstancias.<\/p>\n\n\n\n<p>Por ello, y por todo, es importante que cada uno pongamos de nuestra parte, siguiendo sin menosprecio las recomendaciones que formulan los especialistas, cuyas opiniones quedan validadas d\u00eda a d\u00eda en las emergencias de cl\u00ednicas y hospitales que hoy por hoy se ven repletas de personas con afecciones vinculadas al sistema respiratorio y a s\u00edntomas pocos comunes.<\/p>\n\n\n\n<p>De acuerdo a las informaciones emitidas por las autoridades sanitarias, los s\u00edntomas del virus en su nueva variante no incluyen tos ni fiebre, pero s\u00ed, dolores en las articulaciones, en la cabeza, en la parte superior de la espalda y en el cuello; as\u00ed como neumon\u00eda y, regularmente, falta de apetito.<\/p>\n\n\n\n<p>Por este inusual comportamiento, es que lo definen como algo muy contagioso y altamente virulento.<\/p>\n\n\n\n<p>Conozco de personas que ya han sido diagnosticadas por esta variante y a las que, por suerte, se les ha tratado a tiempo.<\/p>\n\n\n\n<p>En un comunicado oficial, el Ministerio de Salud P\u00fablica, que dirige el afable doctor V\u00edctor Atallah, indica que varios pacientes diagnosticados con Covid fueron clasificados como sin fiebre y sin dolor.<\/p>\n\n\n\n<p>\u201cEsto significa que el virus puede propagarse en la comunidad e infectar directamente los pulmones, provocando una neumon\u00eda v\u00edrica, que a su vez provoca una dificultad respiratoria aguda\u201d.<\/p>\n\n\n\n<p>La recomendaci\u00f3n es clara, precisa y concisa: precauci\u00f3n, evitar los lugares concurridos, mantener una distancia de 1,5 m incluso en espacios abiertos, llevar una m\u00e1scara de doble capa, usar una mascarilla adecuada, lavarse las manos con frecuencia, aunque no haya tos ni estornudos,<\/p>\n\n\n\n<p>A partir de ahora, lo har\u00e9, porque se aconseja a todo el mundo que se ponga una mascarilla, debido a que la nueva variante del coronavirus es diferente y no es f\u00e1cil de detectar correctamente.<\/p>\n\n\n\n<p>Me quedo con la visi\u00f3n del presidente del Colegio M\u00e9dico Dominicano (CMD) Waldo Ariel Suero, respecto al COVID: \u201cTenemos que reconocer que hay un ligero incremento de casos de covid-19, pero eso no quiere decir que tenemos que aterrorizar a la poblaci\u00f3n porque no es necesario\u201d.<\/p>\n\n\n\n<p>Hagamos lo que tengamos que hacer. Evitemos lamentaciones y comencemos a aportar nuestro grano de arena en la superaci\u00f3n de los obst\u00e1culos. A prop\u00f3sito, comparto esta cita: \u201cMuchas personas piensan en cambiar el mundo, pero pocas personas piensan en cambiarse a s\u00ed mismas\u201d. Vamos \u00a1Seamos, la diferencia!<\/p>\n","protected":false},"excerpt":{"rendered":"<p>Por PATRICIA ARACHE Desde hace d\u00edas, la Organizaci\u00f3n Mundial de la Salud (OMS) y el&hellip;<\/p>\n","protected":false},"author":2,"featured_media":63965,"comment_status":"open","ping_status":"open","sticky":false,"template":"","format":"standard","meta":{"footnotes":""},"categories":[55,51,65],"tags":[],"class_list":["post-67272","post","type-post","status-publish","format-standard","has-post-thumbnail","hentry","category-nacionales","category-opinion","category-patricia-arache"],"_links":{"self":[{"href":"https:\/\/eldiarioantillano.com\/uno\/wp-json\/wp\/v2\/posts\/67272","targetHints":{"allow":["GET"]}}],"collection":[{"href":"https:\/\/eldiarioantillano.com\/uno\/wp-json\/wp\/v2\/posts"}],"about":[{"href":"https:\/\/eldiarioantillano.com\/uno\/wp-json\/wp\/v2\/types\/post"}],"author":[{"embeddable":true,"href":"https:\/\/eldiarioantillano.com\/uno\/wp-json\/wp\/v2\/users\/2"}],"replies":[{"embeddable":true,"href":"https:\/\/eldiarioantillano.com\/uno\/wp-json\/wp\/v2\/comments?post=67272"}],"version-history":[{"count":1,"href":"https:\/\/eldiarioantillano.com\/uno\/wp-json\/wp\/v2\/posts\/67272\/revisions"}],"predecessor-version":[{"id":67273,"href":"https:\/\/eldiarioantillano.com\/uno\/wp-json\/wp\/v2\/posts\/67272\/revisions\/67273"}],"wp:featuredmedia":[{"embeddable":true,"href":"https:\/\/eldiarioantillano.com\/uno\/wp-json\/wp\/v2\/media\/63965"}],"wp:attachment":[{"href":"https:\/\/eldiarioantillano.com\/uno\/wp-json\/wp\/v2\/media?parent=67272"}],"wp:term":[{"taxonomy":"category","embeddable":true,"href":"https:\/\/eldiarioantillano.com\/uno\/wp-json\/wp\/v2\/categories?post=67272"},{"taxonomy":"post_tag","embeddable":true,"href":"https:\/\/eldiarioantillano.com\/uno\/wp-json\/wp\/v2\/tags?post=67272"}],"curies":[{"name":"wp","href":"https:\/\/api.w.org\/{rel}","templated":true}]}}