{"id":67259,"date":"2024-06-21T00:03:00","date_gmt":"2024-06-21T04:03:00","guid":{"rendered":"https:\/\/eldiarioantillano.com\/uno\/?p=67259"},"modified":"2024-06-20T23:14:02","modified_gmt":"2024-06-21T03:14:02","slug":"habra-aguaceros-con-tronadas-y-rafagas-de-viento-al-inicio-del-verano","status":"publish","type":"post","link":"https:\/\/eldiarioantillano.com\/uno\/2024\/06\/21\/habra-aguaceros-con-tronadas-y-rafagas-de-viento-al-inicio-del-verano\/","title":{"rendered":"Habr\u00e1 aguaceros con tronadas y r\u00e1fagas de viento al inicio del verano"},"content":{"rendered":"\n<p><strong>Jueves 20 de junio de 2024 a las 6:00 p.m. V\u00e1lido hasta el s\u00e1bado 22 de junio de 2024 a las 6:00 p.m.<\/strong><strong>&nbsp;&nbsp;&nbsp;&nbsp;<\/strong><strong>&nbsp;<\/strong><strong>&nbsp;<\/strong><\/p>\n\n\n\n<p><strong>&nbsp;VIENTO DEL ESTE INCIDIENDO EN LAS CONDICIONES DEL TIEMPO\u2026 ALGUNOS &nbsp;AGUACEROS CON TRONADAS Y R\u00c1FAGAS DE VIENTO EN HACIA EL INTERIOR DEL PA\u00cdS\u2026 ALERTAS METEOROL\u00d3GICOS VIGENTES.&nbsp;<\/strong><strong>&nbsp; &nbsp;&nbsp;&nbsp;<\/strong><\/p>\n\n\n\n<p>Durante la tarde se han estado generando concentraciones nubosas acompa\u00f1adas de aguaceros localmente moderados a fuetes, tronadas y r\u00e1fagas de viento en ocasiones sobre las regiones del&nbsp; norte, noreste, litoral costero Caribe\u00f1o, cordillera Central y la zona fronteriza, provincias como: Barahona, Pedernales, Peravia, San Crist\u00f3bal, San Pedro de Macor\u00eds, Saman\u00e1, El Gran Santo Domingo, Puerto Plata, La Vega, Santiago, Monse\u00f1or Nouel,&nbsp; Duarte, S\u00e1nchez Ram\u00edrez, Monte Plata y Santiago, producto de la humedad dejada por la vaguada y la interacci\u00f3n del viento del este. Esta actividad de lluvias estar\u00e1 presente hasta las primeras horas de la noche.&nbsp;<\/p>\n\n\n\n<p>Ma\u00f1ana viernes,&nbsp; se pronostica una disminuci\u00f3n en cuanto a los acumulados de lluvias, debido a que la vaguada se habr\u00e1 alejado de nuestro territorio. Sin embargo, el paso de una onda tropical al sur del pa\u00eds, con su mayor actividad lluviosa en aguas del mar Caribe, estar\u00e1n produciendo nublados en ocasiones con aguaceros locales, tronadas aisladas y r\u00e1fagas de viento en el litoral costero Caribe\u00f1o (Incluyendo el Gran Santo Domingo), el noreste, Cordillera Central y la zona fronteriza.&nbsp;<\/p>\n\n\n\n<ul class=\"wp-block-list\">\n<li>\u00a0Depresi\u00f3n Tropical se localiza a unos 420 kil\u00f3metros al oeste de Tampico, M\u00e9xico, con viento m\u00e1ximo sostenido de 45 kph y posibles r\u00e1fagas superiores. Se mueve hacia el oeste a unos 39 kph.\u00a0<strong>Por su posici\u00f3n y futuro desplazamiento, no ofrece, peligro para la Rep\u00fablica Dominicana.<\/strong>\u00a0<\/li>\n\n\n\n<li>Dos \u00e1reas desorganizadas de aguaceros con tormentas el\u00e9ctricas y r\u00e1fagas de viento la primera a unos 400 km al noreste de Las Bahamas y la segunda,, se pronostica se forme una zona de baja presi\u00f3n sobre el sureste M\u00e9xico y el norte de Am\u00e9rica central, ambas poseen un 40 % y 20 % de probabilidad de convertirse en un cicl\u00f3n tropical en las pr\u00f3ximas 48 horas y para siete d\u00edas 40 % y 50 %.\u00a0\u00a0<strong>Por su posici\u00f3n y futuro desplazamiento, este sistema no ofrece peligro para la Rep\u00fablica Dominicana.<\/strong>\u00a0<strong>\u00a0<\/strong><\/li>\n<\/ul>\n\n\n\n<p><strong>ONAMET, se discontin\u00faan 2 provincias en los niveles de Alerta Meteorol\u00f3gico, debido a posibles crecidas de r\u00edos, arroyos y ca\u00f1adas, as\u00ed como, inundaciones urbanas, granizo y posibles deslizamientos de tierra, producto de las lluvias ca\u00eddas, as\u00ed como las pronosticadas para las pr\u00f3ximas 24 horas a 48 horas. Ver la siguiente tabla:<\/strong><\/p>\n\n\n\n<figure class=\"wp-block-table\"><table><tbody><tr><td colspan=\"3\"><strong>NIVELES DE ALERTAS Y AVISOS METEOROL\u00d3GICOS<\/strong><\/td><\/tr><tr><td><strong>ALERTAS<\/strong><\/td><td><strong>AVISOS<\/strong><\/td><td><strong>DESCONTINUADAS<\/strong><\/td><\/tr><tr><td><strong>Santiago<\/strong><\/td><td><strong>&nbsp;<\/strong><\/td><td><strong>Hato Mayor<\/strong><\/td><\/tr><tr><td><strong>La Vega<\/strong><\/td><td><strong>&nbsp;<\/strong><\/td><td><strong>El Seibo<\/strong><\/td><\/tr><tr><td><strong>Monte Plata<\/strong><\/td><td><strong>&nbsp;<\/strong><\/td><td><strong>&nbsp;<\/strong><\/td><\/tr><tr><td><strong>San Pedro de Macor\u00eds<\/strong><\/td><td><strong>&nbsp;<\/strong><\/td><td><strong>&nbsp;<\/strong><\/td><\/tr><tr><td><strong>&nbsp;<\/strong><\/td><td><strong>&nbsp;<\/strong><\/td><td><strong>&nbsp;<\/strong><\/td><\/tr><tr><td><strong>&nbsp;<\/strong><\/td><td><strong>&nbsp;<\/strong><\/td><td><strong>&nbsp;<\/strong><\/td><\/tr><tr><td><strong>Total:4<\/strong><\/td><td><strong>Total: 0<\/strong><\/td><td><strong>Total: 2<\/strong><\/td><\/tr><\/tbody><\/table><\/figure>\n\n\n\n<p><strong>&nbsp;<\/strong><strong>Distrito Nacional<\/strong>: Generalmente nublado con chubascos dispersos, tronadas y r\u00e1fagas de viento.<\/p>\n\n\n\n<p><strong>Santo Domingo Este:&nbsp;<\/strong>Incrementos nubosos en ocasiones con chubascos dispersos, tronadas y r\u00e1fagas de viento.<\/p>\n\n\n\n<p><strong>Santo Domingo Norte:<\/strong>&nbsp;Incrementos nubosos en ocasiones con chubascos dispersos, tronadas y r\u00e1fagas de viento.<\/p>\n\n\n\n<p><strong>Santo Domingo Oeste:&nbsp;<\/strong>Generalmente nublado con aguaceros dispersos, tronadas y r\u00e1fagas de viento.<\/p>\n\n\n\n<p><strong>Temperatura m\u00ednima entre 23 \u00b0C y 25 \u00b0C y m\u00e1xima entre 33 \u00b0C y 35 \u00b0C.<\/strong><strong>&nbsp;<\/strong><\/p>\n\n\n\n<p><strong>Resumen: Humedad aportada por la vaguada y viento del este<\/strong><strong>. Temperaturas calurosas. &nbsp;Alertas Meteorol\u00f3gicos vigentes.<\/strong><strong>&nbsp;<\/strong><\/p>\n\n\n\n<p><strong>El s\u00e1bado<\/strong>, una nueva vaguada en varios niveles de la troposfera y el viento del este, ser\u00e1n los responsables que, desde horas matutinas, se presenten lluvias con tronadas en las provincias: La Altagracia, La Romana, Saman\u00e1, Mar\u00eda Trinidad S\u00e1nchez, San Pedro de Macor\u00eds, Hato Mayor, Monte Plata y otras cercanas. En&nbsp; la tarde hasta las primeras horas de la noche, aumentar\u00e1 la actividad lluviosa en forma de aguaceros moderados a fuertes en ocasiones, tormentas el\u00e9ctricas y r\u00e1fagas de viento, principalmente concentrados en las regiones noreste, sureste, Cordillera Central, Valle del Cibao y la zona fronteriza.&nbsp;<\/p>\n\n\n\n<p><strong>Santo Domingo y sus municipios:<\/strong>&nbsp;incrementos nubosos con aguaceros dispersos, aisladas tronadas y posibles r\u00e1fagas de viento en la tarde.<\/p>\n\n\n\n<p><strong>Distrito Nacional:&nbsp;<\/strong>medio nublado a nublado en ocasiones con aguaceros dispersos, tronadas aisladas y posibles r\u00e1fagas de viento en la tarde.<\/p>\n\n\n\n<figure class=\"wp-block-table\"><table><tbody><tr><td><strong>PROVINCIAS<\/strong><\/td><td><strong>PRON\u00d3STICO POR LOCALIDADES<\/strong><\/td><td><strong>T. M\u00e1x. \u00b0C<\/strong><\/td><td><strong>T. Min. \u00b0C<\/strong><\/td><\/tr><tr><td><strong>Santiago<\/strong><\/td><td>Incrementos nubosos con aguaceros, tormentas el\u00e9ctricas y r\u00e1fagas de viento.<\/td><td><strong>33\/35<\/strong><\/td><td><strong>23\/25<\/strong><\/td><\/tr><tr><td><strong>Puerto&nbsp;Plata<\/strong><\/td><td>Medio nublado a nublado en ocasiones con aguaceros locales y tronadas.<\/td><td><strong>32\/34<\/strong><\/td><td><strong>23\/25<\/strong><\/td><\/tr><tr><td><strong>Duarte<\/strong><\/td><td>Medio nublado a nublado en ocasiones con aguaceros locales y tronadas.<\/td><td><strong>31\/33<\/strong><\/td><td><strong>22\/24<\/strong><\/td><\/tr><tr><td><strong>Constanza<\/strong><\/td><td>Incrementos nubosos con chubascos, tormentas el\u00e9ctricas y r\u00e1fagas de viento.<\/td><td><strong>25\/27<\/strong><\/td><td><strong>15\/18<\/strong><\/td><\/tr><tr><td><strong>Peravia<\/strong><\/td><td>Incrementos nubosos en ocasiones con aguaceros dispersos, tronadas y r\u00e1fagas.<\/td><td><strong>31\/33<\/strong><\/td><td><strong>22\/24<\/strong><\/td><\/tr><tr><td><strong>San P. de Macor\u00eds<\/strong><\/td><td>Medio nublado a nublado en ocasiones con aguaceros locales y tronadas aisladas.<\/td><td><strong>31\/33<\/strong><\/td><td><strong>22\/24<\/strong><\/td><\/tr><tr><td><strong>La Romana<\/strong><\/td><td>Nublado en ocasiones con chubascos y tronadas hasta las primeras horas.<\/td><td><strong>32\/34<\/strong><\/td><td><strong>22\/24<\/strong><\/td><\/tr><tr><td><strong>La Vega<\/strong><\/td><td>Incrementos nubosos en ocasiones con aguaceros dispersos, tronadas y r\u00e1fagas de viento.<\/td><td><strong>31\/33<\/strong><\/td><td><strong>22\/24<\/strong><\/td><\/tr><tr><td><strong>Monse\u00f1or Nouel<\/strong><\/td><td>Incrementos nubosos con aguaceros, tormentas el\u00e9ctricas y r\u00e1fagas de viento en la tarde.<\/td><td><strong>31\/33<\/strong><\/td><td><strong>22\/24<\/strong><\/td><\/tr><tr><td><strong>San Crist\u00f3bal<\/strong><\/td><td>Incrementos nubosos en ocasiones con aguaceros dispersos, tronadas y r\u00e1fagas de viento.<\/td><td><strong>31\/33<\/strong><\/td><td><strong>23\/25<\/strong><\/td><\/tr><tr><td><strong>Saman\u00e1<\/strong><\/td><td>Incrementos nubosos en ocasiones con aguaceros dispersos, tronadas y r\u00e1fagas de viento.<\/td><td><strong>32\/34<\/strong><\/td><td><strong>22\/24<\/strong><\/td><\/tr><tr><td><strong>Monte Cristi<\/strong><\/td><td>Nubes dispersas, incrementando en la tarde con chubascos locales y tronadas aisladas.<\/td><td><strong>33\/35<\/strong><\/td><td><strong>22\/24<\/strong><\/td><\/tr><tr><td><strong>Azua<\/strong><\/td><td>Incrementos nubosos en ocasiones con aguaceros dispersos, tronadas y r\u00e1fagas de viento.<\/td><td><strong>32\/34<\/strong><\/td><td><strong>22\/24<\/strong><\/td><\/tr><tr><td><strong>San Juan<\/strong><\/td><td>Incrementos nubosos en ocasiones con aguaceros dispersos, tronadas y r\u00e1fagas de viento.<\/td><td><strong>33\/35<\/strong><\/td><td><strong>23\/25<\/strong><\/td><\/tr><tr><td><strong>Barahona<\/strong><\/td><td>Incrementos nubosos en ocasiones con aguaceros, tronadas y r\u00e1fagas de viento.<\/td><td><strong>33\/35<\/strong><\/td><td><strong>23\/25<\/strong><\/td><\/tr><tr><td><strong>La Altagracia<\/strong><\/td><td>Incrementando a final de la tarde con aguaceros locales y tronadas aisladas.<\/td><td><strong>32\/34<\/strong><\/td><td><strong>23\/25<\/strong><\/td><\/tr><\/tbody><\/table><\/figure>\n\n\n\n<p><strong>Meteor\u00f3logos: H<\/strong>enry Agramonte \/ Caridad Hern\u00e1ndez.<\/p>\n","protected":false},"excerpt":{"rendered":"<p>Jueves 20 de junio de 2024 a las 6:00 p.m. V\u00e1lido hasta el s\u00e1bado 22&hellip;<\/p>\n","protected":false},"author":2,"featured_media":64250,"comment_status":"open","ping_status":"open","sticky":false,"template":"","format":"standard","meta":{"footnotes":""},"categories":[55],"tags":[],"class_list":["post-67259","post","type-post","status-publish","format-standard","has-post-thumbnail","hentry","category-nacionales"],"_links":{"self":[{"href":"https:\/\/eldiarioantillano.com\/uno\/wp-json\/wp\/v2\/posts\/67259","targetHints":{"allow":["GET"]}}],"collection":[{"href":"https:\/\/eldiarioantillano.com\/uno\/wp-json\/wp\/v2\/posts"}],"about":[{"href":"https:\/\/eldiarioantillano.com\/uno\/wp-json\/wp\/v2\/types\/post"}],"author":[{"embeddable":true,"href":"https:\/\/eldiarioantillano.com\/uno\/wp-json\/wp\/v2\/users\/2"}],"replies":[{"embeddable":true,"href":"https:\/\/eldiarioantillano.com\/uno\/wp-json\/wp\/v2\/comments?post=67259"}],"version-history":[{"count":1,"href":"https:\/\/eldiarioantillano.com\/uno\/wp-json\/wp\/v2\/posts\/67259\/revisions"}],"predecessor-version":[{"id":67260,"href":"https:\/\/eldiarioantillano.com\/uno\/wp-json\/wp\/v2\/posts\/67259\/revisions\/67260"}],"wp:featuredmedia":[{"embeddable":true,"href":"https:\/\/eldiarioantillano.com\/uno\/wp-json\/wp\/v2\/media\/64250"}],"wp:attachment":[{"href":"https:\/\/eldiarioantillano.com\/uno\/wp-json\/wp\/v2\/media?parent=67259"}],"wp:term":[{"taxonomy":"category","embeddable":true,"href":"https:\/\/eldiarioantillano.com\/uno\/wp-json\/wp\/v2\/categories?post=67259"},{"taxonomy":"post_tag","embeddable":true,"href":"https:\/\/eldiarioantillano.com\/uno\/wp-json\/wp\/v2\/tags?post=67259"}],"curies":[{"name":"wp","href":"https:\/\/api.w.org\/{rel}","templated":true}]}}