{"id":67186,"date":"2024-06-14T01:59:02","date_gmt":"2024-06-14T05:59:02","guid":{"rendered":"https:\/\/eldiarioantillano.com\/uno\/?p=67186"},"modified":"2024-06-14T02:10:40","modified_gmt":"2024-06-14T06:10:40","slug":"se-conmemoran-65-anos-de-la-expedicion-de-constanza-mamon-y-estero-hondo","status":"publish","type":"post","link":"https:\/\/eldiarioantillano.com\/uno\/2024\/06\/14\/se-conmemoran-65-anos-de-la-expedicion-de-constanza-mamon-y-estero-hondo\/","title":{"rendered":"Se conmemoran 65 a\u00f1os de la expedici\u00f3n de Constanza, Mam\u00f3n y Estero Hondo"},"content":{"rendered":"\n<p>Este 14 de junio se cumplen 65 a\u00f1os de la expedici\u00f3n militar de dominicanos, cubanos y otros combatientes internacionalistas que arriesgaron sus vidas para derrocar el gobierno represivo de Trujillo en 1959.\u00a0<\/p>\n","protected":false},"excerpt":{"rendered":"<p>Este 14 de junio se cumplen 65 a\u00f1os de la expedici\u00f3n militar de dominicanos, cubanos&hellip;<\/p>\n","protected":false},"author":2,"featured_media":67192,"comment_status":"open","ping_status":"open","sticky":false,"template":"","format":"standard","meta":{"footnotes":""},"categories":[55],"tags":[],"class_list":["post-67186","post","type-post","status-publish","format-standard","has-post-thumbnail","hentry","category-nacionales"],"_links":{"self":[{"href":"https:\/\/eldiarioantillano.com\/uno\/wp-json\/wp\/v2\/posts\/67186","targetHints":{"allow":["GET"]}}],"collection":[{"href":"https:\/\/eldiarioantillano.com\/uno\/wp-json\/wp\/v2\/posts"}],"about":[{"href":"https:\/\/eldiarioantillano.com\/uno\/wp-json\/wp\/v2\/types\/post"}],"author":[{"embeddable":true,"href":"https:\/\/eldiarioantillano.com\/uno\/wp-json\/wp\/v2\/users\/2"}],"replies":[{"embeddable":true,"href":"https:\/\/eldiarioantillano.com\/uno\/wp-json\/wp\/v2\/comments?post=67186"}],"version-history":[{"count":1,"href":"https:\/\/eldiarioantillano.com\/uno\/wp-json\/wp\/v2\/posts\/67186\/revisions"}],"predecessor-version":[{"id":67187,"href":"https:\/\/eldiarioantillano.com\/uno\/wp-json\/wp\/v2\/posts\/67186\/revisions\/67187"}],"wp:featuredmedia":[{"embeddable":true,"href":"https:\/\/eldiarioantillano.com\/uno\/wp-json\/wp\/v2\/media\/67192"}],"wp:attachment":[{"href":"https:\/\/eldiarioantillano.com\/uno\/wp-json\/wp\/v2\/media?parent=67186"}],"wp:term":[{"taxonomy":"category","embeddable":true,"href":"https:\/\/eldiarioantillano.com\/uno\/wp-json\/wp\/v2\/categories?post=67186"},{"taxonomy":"post_tag","embeddable":true,"href":"https:\/\/eldiarioantillano.com\/uno\/wp-json\/wp\/v2\/tags?post=67186"}],"curies":[{"name":"wp","href":"https:\/\/api.w.org\/{rel}","templated":true}]}}