{"id":67138,"date":"2024-06-09T00:56:07","date_gmt":"2024-06-09T04:56:07","guid":{"rendered":"https:\/\/eldiarioantillano.com\/uno\/?p=67138"},"modified":"2024-06-09T00:56:10","modified_gmt":"2024-06-09T04:56:10","slug":"uruguay-ninos-victimas-de-la-violencia-reaviva-debate-politico","status":"publish","type":"post","link":"https:\/\/eldiarioantillano.com\/uno\/2024\/06\/09\/uruguay-ninos-victimas-de-la-violencia-reaviva-debate-politico\/","title":{"rendered":"Uruguay: ni\u00f1os v\u00edctimas de la violencia reaviva debate pol\u00edtico"},"content":{"rendered":"\n<p>Servicio de PRENSA LATINA<\/p>\n\n\n\n<p>Montevideo (Prensa Latina) El n\u00famero creciente de ni\u00f1os y adolescentes v\u00edctimas de la violencia en Uruguay, resulta hoy preocupaci\u00f3n y debate en un pa\u00eds que se preciaba por la seguridad ciudadana.<\/p>\n\n\n\n<p>Un cu\u00e1druple homicidio ocurrido en el capitalino barrio Maracan\u00e1 sacudi\u00f3 a esta sociedad, donde se desdibuja aquello de que Uruguay es la Suiza de Am\u00e9rica.<\/p>\n\n\n\n<p>Sobre todo, porque entre los cuatro asesinados estaba un ni\u00f1o de 11 a\u00f1os.<\/p>\n\n\n\n<p>La Polic\u00eda indic\u00f3 que no era familiar de las otras tres v\u00edctimas: un hombre de 40 y dos adolescentes, uno de 18 y otro de 17.<\/p>\n\n\n\n<p>Los atacantes dispararon un centenar de balas que impactaron tambi\u00e9n en el t\u00f3rax, brazos y piernas de un adolescente de 17 a\u00f1os, a quien los m\u00e9dicos luchan por salvar su vida.<\/p>\n\n\n\n<p><strong>ASESINATO REAVIV\u00d3 DEBATE POL\u00cdTICO<\/strong><\/p>\n\n\n\n<p>El atroz asesinato reaviv\u00f3 el debate pol\u00edtico en tiempos de campa\u00f1a electoral, pero se sum\u00f3 a otros hechos de violencia a los que no escaparon varios infantes.<\/p>\n\n\n\n<p>Hace unas semanas desde el Hospital Pedi\u00e1trico Pereira Rossell, de referencia nacional, advirtieron que la cantidad de menores de 15 a\u00f1os heridos de bala se hab\u00eda duplicado en cinco a\u00f1os.<\/p>\n\n\n\n<p>De octubre \u00faltimo a la fecha varios resultaron heridos o perecieron v\u00edctimas de disparos.<\/p>\n\n\n\n<p>As\u00ed ocurri\u00f3 el 6 de octubre de 2023 con uno de 12 a\u00f1os, quien recibi\u00f3 un balazo en una pierna.<\/p>\n\n\n\n<p>Dos meses despu\u00e9s, una ni\u00f1a sufri\u00f3 en el abdomen un disparo de escopeta con perdigones, que iba dirigido contra un vecino.<\/p>\n\n\n\n<p>El 17 de diciembre otra ni\u00f1a, de nueve a\u00f1os, fue herida de dos balazos mientras jugaba frente a su casa del barrio Marconi. Los sicarios dispararon desde un auto en marcha. Son varios los casos en lo que va de a\u00f1o.<\/p>\n\n\n\n<p>El alcalde municipal, el frenteamplista Juan Carlos Placho, dijo que en las reuniones barriales el primer tema que surge es el de la inseguridad.<\/p>\n\n\n\n<p>En d\u00edas recientes, la fiscal de Homicidios, Mirta Morales, afirm\u00f3 en entrevista televisiva que \u201cla sociedad uruguaya es much\u00edsimo m\u00e1s violenta, con muchas armas en la calle\u201d.<\/p>\n\n\n\n<p>Subray\u00f3 que la violencia creciente se refleja en los homicidios.<\/p>\n\n\n\n<p>\u201cY ya hemos visto inocentes que no ten\u00edan que ver, como los ni\u00f1os, que incluso mueren\u201d, apunt\u00f3.<\/p>\n\n\n\n<p>Hay una violencia \u201cinusitada\u201d, con \u201cuso de armas sin control\u201d. \u201cMe preocupa que nos estemos acostumbrando\u201d, alert\u00f3.<\/p>\n\n\n\n<p>Manifest\u00f3 que la situaci\u00f3n va m\u00e1s all\u00e1 de polic\u00eda, pues se ha convertido en un tema de Estado que demanda \u201ctomar medidas m\u00e1s profundas\u201d.<\/p>\n\n\n\n<p>Seg\u00fan la \u00faltima encuesta de la consultora Factum, correspondiente a abril, la falta de seguridad ciudadana es la principal preocupaci\u00f3n de los uruguayos.<\/p>\n\n\n\n<p>El 53 por ciento de los interrogados se\u00f1al\u00f3 la seguridad p\u00fablica, violencia y narcotr\u00e1fico, un todo que causa desvelo en la poblaci\u00f3n.<\/p>\n\n\n\n<p>Diversas propuestas o l\u00edneas de trabajo sobre el tema de la violencia, forman parte de las campa\u00f1as de los precandidatos de los partidos pol\u00edticos que competir\u00e1n en las primarias de junio, de cara a las elecciones nacionales del 27 de octubre.<\/p>\n\n\n\n<p>Pero la violencia armada no es el \u00fanico flagelo que apunta a la infancia.<\/p>\n\n\n\n<p><strong>MALTRATO INFANTIL<\/strong><\/p>\n\n\n\n<p>El D\u00eda Internacional contra el Maltrato Infantil y Adolescente tiene lugar aqu\u00ed el 25 de abril con exhortaciones y preocupaciones desde la sociedad civil y la instituci\u00f3n gubernamental a cargo del tema.<\/p>\n\n\n\n<p>La Plataforma Infancias y Adolescencias (PIAs) subray\u00f3 en un comunicado la necesidad de contar con pol\u00edticas p\u00fablicas e inversiones sostenidas al respecto.<\/p>\n\n\n\n<p>Es fundamental trabajar en la promoci\u00f3n de una cultura de buen trato, el desarrollo de estrategias de prevenci\u00f3n y detecci\u00f3n temprana, y la atenci\u00f3n especializada a v\u00edctimas de violencia\u201d, dijo el pronunciamiento<\/p>\n\n\n\n<p>La Plataforma la integran una red que articula organizaciones de la sociedad civil y de la academia.<\/p>\n\n\n\n<p>Tiene entre sus prop\u00f3sitos visibilizar, defender y promover los derechos de infantes y adolescentes a trav\u00e9s de varias acciones.<\/p>\n\n\n\n<p>La conmemoraci\u00f3n ocurri\u00f3 despu\u00e9s de que el presidente del Instituto del Ni\u00f1o y Adolescente del Uruguay (INAU), Pablo Abdala, expresara preocupaci\u00f3n por situaciones de maltrato infantil y el incremento de las denuncias.<\/p>\n\n\n\n<p>En mayo del a\u00f1o pasado, la relatora especial de la ONU sobre la venta y explotaci\u00f3n sexual de ni\u00f1os, Mama Fatima Singhateh, inst\u00f3 al Estado uruguayo a encarar la cultura que \u201cnormaliza\u201d el abuso sexual de menores.<\/p>\n\n\n\n<p>La relatora estuvo 11 d\u00edas en Uruguay invitada por el gobierno del presidente Luis Lacalle Pou, para examinar la protecci\u00f3n de ni\u00f1os y adolescentes contra la explotaci\u00f3n sexual, el matrimonio infantil, la trata de menores y la venta de infantes a trav\u00e9s de adopciones ilegales.<\/p>\n\n\n\n<p>Ya por entonces ocupaba titulares de prensa el esc\u00e1ndalo del hoy exsenador del Partido Nacional Gustavo Penad\u00e9s, preso e imputado por diversos delitos sexuales contra menores de edad.<\/p>\n\n\n\n<p><strong>LA POBREZA<\/strong><\/p>\n\n\n\n<p>La pobreza en Uruguay cerr\u00f3 en 2023 en 10,1 por ciento y la infantil duplic\u00f3 la cifra, lo cual indica magros resultados en el enfrentamiento gubernamental.<\/p>\n\n\n\n<p>De acuerdo con el Instituto Nacional de Estad\u00edsticas (INE), al concluir el a\u00f1o pasado la pobreza qued\u00f3 en 10,1 por ciento para un incremento de 0,2 puntos porcentuales respecto a 2022.<\/p>\n\n\n\n<p>El valor que toma la proporci\u00f3n de personas pobres para el a\u00f1o 2023 implica que, de cada mil personas, 101 no superaron el ingreso m\u00ednimo para cubrir las necesidades b\u00e1sicas alimentarias y no alimentarias consideradas por el INE.<\/p>\n\n\n\n<p>Los datos muestran que la poblaci\u00f3n infantil es la que m\u00e1s padece la insuficiencia de ingresos en sus hogares, lo cual se confirma como un problema estructural del pa\u00eds.<\/p>\n\n\n\n<p>La estad\u00edstica del INE consign\u00f3 que 20,1 por ciento de los ni\u00f1os menores de seis a\u00f1os eran pobres en 2023.<\/p>\n\n\n\n<p>En la franja de seis a 12 a\u00f1os, la pobreza se estim\u00f3 en 18,3 por ciento (18 por ciento en 2022) y en la de 13 a 17 a\u00f1os fue 17,9 por ciento (16,2 por ciento un a\u00f1o atr\u00e1s).<\/p>\n\n\n\n<p>La penuria entre los menores de seis a\u00f1os result\u00f3 11,6 veces mayor que la registrada en los adultos mayores (m\u00e1s de 65 a\u00f1os).<\/p>\n\n\n\n<p>Eso convierte a Uruguay en el pa\u00eds de la regi\u00f3n con mayor infantilizaci\u00f3n de la pobreza, una sentencia que coincide con un informe del soci\u00f3logo Gustavo de Armas, asesor de la oficina de Naciones Unidas en esta naci\u00f3n sudamericana.<\/p>\n\n\n\n<p>Ool\/ Prensa Latina<\/p>\n","protected":false},"excerpt":{"rendered":"<p>Servicio de PRENSA LATINA Montevideo (Prensa Latina) El n\u00famero creciente de ni\u00f1os y adolescentes v\u00edctimas&hellip;<\/p>\n","protected":false},"author":2,"featured_media":67139,"comment_status":"open","ping_status":"open","sticky":false,"template":"","format":"standard","meta":{"footnotes":""},"categories":[52,53],"tags":[],"class_list":["post-67138","post","type-post","status-publish","format-standard","has-post-thumbnail","hentry","category-internacionales","category-prensa-latina"],"_links":{"self":[{"href":"https:\/\/eldiarioantillano.com\/uno\/wp-json\/wp\/v2\/posts\/67138","targetHints":{"allow":["GET"]}}],"collection":[{"href":"https:\/\/eldiarioantillano.com\/uno\/wp-json\/wp\/v2\/posts"}],"about":[{"href":"https:\/\/eldiarioantillano.com\/uno\/wp-json\/wp\/v2\/types\/post"}],"author":[{"embeddable":true,"href":"https:\/\/eldiarioantillano.com\/uno\/wp-json\/wp\/v2\/users\/2"}],"replies":[{"embeddable":true,"href":"https:\/\/eldiarioantillano.com\/uno\/wp-json\/wp\/v2\/comments?post=67138"}],"version-history":[{"count":1,"href":"https:\/\/eldiarioantillano.com\/uno\/wp-json\/wp\/v2\/posts\/67138\/revisions"}],"predecessor-version":[{"id":67140,"href":"https:\/\/eldiarioantillano.com\/uno\/wp-json\/wp\/v2\/posts\/67138\/revisions\/67140"}],"wp:featuredmedia":[{"embeddable":true,"href":"https:\/\/eldiarioantillano.com\/uno\/wp-json\/wp\/v2\/media\/67139"}],"wp:attachment":[{"href":"https:\/\/eldiarioantillano.com\/uno\/wp-json\/wp\/v2\/media?parent=67138"}],"wp:term":[{"taxonomy":"category","embeddable":true,"href":"https:\/\/eldiarioantillano.com\/uno\/wp-json\/wp\/v2\/categories?post=67138"},{"taxonomy":"post_tag","embeddable":true,"href":"https:\/\/eldiarioantillano.com\/uno\/wp-json\/wp\/v2\/tags?post=67138"}],"curies":[{"name":"wp","href":"https:\/\/api.w.org\/{rel}","templated":true}]}}