{"id":67110,"date":"2024-06-07T00:01:00","date_gmt":"2024-06-07T04:01:00","guid":{"rendered":"https:\/\/eldiarioantillano.com\/uno\/?p=67110"},"modified":"2024-06-06T19:20:32","modified_gmt":"2024-06-06T23:20:32","slug":"ademas-de-las-reformas","status":"publish","type":"post","link":"https:\/\/eldiarioantillano.com\/uno\/2024\/06\/07\/ademas-de-las-reformas\/","title":{"rendered":"Adem\u00e1s de las reformas"},"content":{"rendered":"\n<p>Por C\u00c9SAR P\u00c9REZ<\/p>\n\n\n\n<p>Podr\u00eda decirse el que, en nuestro pa\u00eds, el tema de las reformas es viejo, m\u00e1s de una d\u00e9cada. Entre las reformas recurrentemente anunciadas se destaca la nunca iniciada ni mucho menos llevada a puerto: la fiscal. Como aqu\u00ed no bien termina un proceso electoral cuando ya comenzamos otro, siempre se dice que estas se har\u00e1n \u201ccuando pasen las elecciones\u201d. Todo apunta a que esta vez se va en serio, y no s\u00f3lo finalmente se har\u00e1, sino que el Presidente se propone impulsarla junto a otras en la esfera pol\u00edtica. Esa perspectiva no s\u00f3lo es correcta, sino que es imprescindible. No obstante, debemos ser conscientes que reformas del calado de las planteadas solo ser\u00edan sostenible si superan el \u00e1mbito formalmente institucional y abarcan cuestiones esenciales de la cultura pol\u00edtica<\/p>\n\n\n\n<p>Concebido as\u00ed, el proceso de reformas podr\u00eda ser eficaz para recortar significativamente la notoria distancia que aqu\u00ed existe entre los elementos modernizadores que se identifican en la esfera de lo econ\u00f3mico, que algunos obcecados niegan, con el sostenido atraso del sistema pol\u00edtico. Podemos fortalecer las instituciones, pero no basta, eso no detiene esa lenta erosi\u00f3n que est\u00e1 socavando los pilares de la democracia, entre otros: los derechos a la participaci\u00f3n y representaci\u00f3n pol\u00edticas sin trabas de ninguna \u00edndole. Pero, la pr\u00e1ctica del uso desmedido de los recursos p\u00fablicos de parte de la clase pol\u00edtica para reproducirse en el poder se constituye en un valladar para el ejercicio pleno de esos derechos.<\/p>\n\n\n\n<p>Son muchas las formas en que se expresa ese uso indebido de los dineros p\u00fablicos para mantenerse en el poder y para constituir mayor\u00edas en las instituciones pol\u00edticas. Veamos, de los 190 diputados del anterior Congreso, alrededor de s\u00f3lo 40 no buscaban su reelecci\u00f3n y de estos, 18 se postularon para una alcald\u00eda o en el senado. Eso quiere decir que cerca de 150 buscaban su reelecci\u00f3n y, en esencia, para su campa\u00f1a utilizaron el barrilito (dinero del contribuyente) durante cuatro a\u00f1os para promoverse, al igual que los senadores reeleccionistas y los referidos dieciocho que cambiaron de carril. O sea, que esos candidatos usaron el dinero p\u00fablico a su favor y en contra de sus contrincantes. Corrupci\u00f3n pura y dura.<\/p>\n\n\n\n<p>Se dice que entre las reformas se plantear\u00e1 reducir en 100 la cantidad de diputados. Bien. \u00bfPero, se mantendr\u00e1 para \u00e9stos los privilegios que gozaron esos 190? El alto costo de la pol\u00edtica, otra expresi\u00f3n del alto costo de la corrupci\u00f3n para el pa\u00eds es el principal motivo de la baja calidad de la representaci\u00f3n, algo que no resuelve una simple reducci\u00f3n de los representantes. Quitar los afrentosos barrilitos y cofrecitos y oros privilegios, es mucho m\u00e1s importante que modificar el m\u00e9todo de D \u00b4Hondt. Como, tampoco tiene efecto democratizador, todo lo contrario, unir las elecciones municipales, presidenciales y congresuales para \u201cdisminuir\u201d los tiempos y costos de campa\u00f1as. Estas son largas, intensas y dispendiosas por los grandes beneficios que a muchos deja una curul, una alcald\u00eda o una regidur\u00eda. Esa es la cuesti\u00f3n.<\/p>\n\n\n\n<p>En ese tenor, ri\u00f1e con la ley electoral, el decoro y la memoria hist\u00f3rica, el negocio entre un candidato, confeso evasor de impuesto, y el due\u00f1o del partido postulante, trujillista por dem\u00e1s, que dicen haber acordado una cantidad de dinero para aquel, proporcional a la cantidad de votos que obtuviese. Ese partido obtuvo una cantidad de votos que le garantiza alrededor de 50 millones de pesos anuales durante tres a\u00f1os y100 el cuarto que es electoral. Una afrenta para las muchas familias que pagaron con sangre su lucha contra la dictadura de Trujillo, porque con sus dineros de contribuyentes, en parte, se financiar\u00e1n las actividades de ese partido. Otro de los dilemas morales que se desprende de una ley de financiamiento a los partidos, cuya excesiva generosidad para los m\u00e1s grandes evidencia su iniquidad e inequidad.&nbsp;<\/p>\n\n\n\n<p>Afrentas como esas, y otras m\u00e1s, es lo que produce la abstenci\u00f3n\/desafecci\u00f3n pol\u00edtica, algo que no detiene la obligatoriedad del voto. En otro tenor, sin caer en la judicializaci\u00f3n de la pol\u00edtica, es necesario establecer un r\u00e9gimen de consecuencias mediante leyes y con sanciones morales para enfrentar las acusaciones injuriosas y sin pruebas durante las campa\u00f1as, frenar las falsas informaciones, las campa\u00f1as sucias, la interminable pr\u00e1ctica de la compra de c\u00e9dulas, las acusaciones peregrinas y los financiamientos ilegales de campa\u00f1a. Hacer m\u00e1s efectivas las que ya existen y exigirles pruebas a esos que sin tenerlas dicen o escriben que no \u201cperdieron las elecciones, sino que se las \u201crobaron\u201d.<\/p>\n\n\n\n<p>Finalmente, diversos pensadores establecen que \u201cla estabilidad de una democracia no s\u00f3lo depende de la fortaleza de sus instituciones sino no tambi\u00e9n de las actitudes pol\u00edticas y no pol\u00edticas de los integrantes de una sociedad\u201d. Las presiones de los poderes f\u00e1cticos para lograr exenciones fiscales, los privilegios de algunos que sin sonrojo los usan para combatir a candidatos por sus convicciones ideol\u00f3gicas, la cantidad de personajes que mienten y hacen comentarios injuriosos en diversos medios, algunos financiados a trav\u00e9s de anuncios del gobierno, son ejemplos de esas actitudes que lastran nuestro sistema pol\u00edtico y de partidos a las que resulta imperioso sacar de cuajo. &nbsp;<\/p>\n\n\n\n<p>Por consiguiente, adem\u00e1s de las reformas, cambiar esas malas pr\u00e1cticas es otra materia pendiente que debemos superar.<\/p>\n","protected":false},"excerpt":{"rendered":"<p>Por C\u00c9SAR P\u00c9REZ Podr\u00eda decirse el que, en nuestro pa\u00eds, el tema de las reformas&hellip;<\/p>\n","protected":false},"author":2,"featured_media":63777,"comment_status":"open","ping_status":"open","sticky":false,"template":"","format":"standard","meta":{"footnotes":""},"categories":[71,55,51],"tags":[],"class_list":["post-67110","post","type-post","status-publish","format-standard","has-post-thumbnail","hentry","category-cesar-perez","category-nacionales","category-opinion"],"_links":{"self":[{"href":"https:\/\/eldiarioantillano.com\/uno\/wp-json\/wp\/v2\/posts\/67110","targetHints":{"allow":["GET"]}}],"collection":[{"href":"https:\/\/eldiarioantillano.com\/uno\/wp-json\/wp\/v2\/posts"}],"about":[{"href":"https:\/\/eldiarioantillano.com\/uno\/wp-json\/wp\/v2\/types\/post"}],"author":[{"embeddable":true,"href":"https:\/\/eldiarioantillano.com\/uno\/wp-json\/wp\/v2\/users\/2"}],"replies":[{"embeddable":true,"href":"https:\/\/eldiarioantillano.com\/uno\/wp-json\/wp\/v2\/comments?post=67110"}],"version-history":[{"count":1,"href":"https:\/\/eldiarioantillano.com\/uno\/wp-json\/wp\/v2\/posts\/67110\/revisions"}],"predecessor-version":[{"id":67111,"href":"https:\/\/eldiarioantillano.com\/uno\/wp-json\/wp\/v2\/posts\/67110\/revisions\/67111"}],"wp:featuredmedia":[{"embeddable":true,"href":"https:\/\/eldiarioantillano.com\/uno\/wp-json\/wp\/v2\/media\/63777"}],"wp:attachment":[{"href":"https:\/\/eldiarioantillano.com\/uno\/wp-json\/wp\/v2\/media?parent=67110"}],"wp:term":[{"taxonomy":"category","embeddable":true,"href":"https:\/\/eldiarioantillano.com\/uno\/wp-json\/wp\/v2\/categories?post=67110"},{"taxonomy":"post_tag","embeddable":true,"href":"https:\/\/eldiarioantillano.com\/uno\/wp-json\/wp\/v2\/tags?post=67110"}],"curies":[{"name":"wp","href":"https:\/\/api.w.org\/{rel}","templated":true}]}}