{"id":66895,"date":"2024-05-20T00:00:00","date_gmt":"2024-05-20T04:00:00","guid":{"rendered":"https:\/\/eldiarioantillano.com\/uno\/?p=66895"},"modified":"2024-05-19T23:38:21","modified_gmt":"2024-05-20T03:38:21","slug":"dejando-el-surco-abierto-y-la-semilla-plantada","status":"publish","type":"post","link":"https:\/\/eldiarioantillano.com\/uno\/2024\/05\/20\/dejando-el-surco-abierto-y-la-semilla-plantada\/","title":{"rendered":"Dejando el surco abierto y la semilla plantada"},"content":{"rendered":"\n<p>ART\u00cdCULO INVITADO<\/p>\n\n\n\n<p>Por Rafael Chaljub Mej\u00eda<\/p>\n\n\n\n<p>Entre los aportes de la presencia y la propaganda de la compa\u00f1era Mar\u00eda Teresa Cabrera, candidata presidencial del Frente Amplio, est\u00e1 el hecho de que, con su mensaje y sus pronunciamientos ella va sentando las bases para despu\u00e9s de las elecciones seguir la lucha por objetivos pol\u00edticos pendientes de realizaci\u00f3n desde hace d\u00e9cadas.<\/p>\n\n\n\n<p>Mar\u00eda Teresa ha resumido ese prop\u00f3sito en una consigna pol\u00edtica de profundidad y largo aliento: inaugurar una nueva \u00e9poca pol\u00edtica en nuestro pa\u00eds. Eso tiene su raz\u00f3n pol\u00edtica y su justificaci\u00f3n hist\u00f3rica. El r\u00e9gimen pol\u00edtico y estatal establecido en nuestro pa\u00eds tiene sus peculiaridades. Libertad pol\u00edtica, un congreso nacional y otras instancias jur\u00eddicas constituidas, elecciones cada cuatro a\u00f1os y otros ornamentos m\u00e1s de los del sistema de la democracia representativa.<\/p>\n\n\n\n<p>Pero, bien vistos los aspectos esenciales de este sistema, nos topamos con un pa\u00eds de soberan\u00eda nacional transgredida y mediatizada por una superpotencia imperialista, una distribuci\u00f3n de la riqueza injusta y desequilibrada hasta la m\u00e9dula, unas instituciones d\u00e9biles, cuyos postulados quedan convertidos en letra muerta ante el atraso, la tradici\u00f3n caudillista y conservadora. Incluyendo el ejercicio del sufragio que se convierte en una mera mercanc\u00eda en este mercado p\u00fablico en el que se convierten las campa\u00f1as electorales. A fin de cuentas, lo que tenemos es una sociedad injusta y una democracia enferma.<\/p>\n\n\n\n<p>Las fuerzas nacionales y progresistas tienen el deber de mirar lejos, hacia su objetivo hist\u00f3rico de revoluci\u00f3n democr\u00e1tica y nacional, parte importante de la cual han sido siempre la defensa de la soberan\u00eda, la defensa de lo p\u00fablico, la democratizaci\u00f3n del Estado y la vida pol\u00edtica en todos los sentidos. Sin descuidar ni mucho menos las tareas inmediatas del presente proceso electoral, la candidata del Frente Amplio ha mirado y nos manda a mirar hacia ese horizonte. De ah\u00ed la importancia de su mensaje y su consigna. El arte consiste en hacer una correcta relaci\u00f3n entre lo inmediato y lo por venir.<\/p>\n\n\n\n<p>Nada de resignarse y descuidar las tareas de hoy en nombre de que la nuestra es una lucha a largo plazo. Por el contrario. A buscar el voto con la gente, lograr los mejores resultados electorales posibles porque esos buenos resultados son un importante punto de partida para seguir la batalla hacia nuevos horizontes. Y como queda dicho, en medio del esfuerzo de hoy, ir dejando el surco abierto y en \u00e9l, una semilla de esperanza que germinar\u00e1 y sin duda alguna dar\u00e1 sus frutos m\u00e1s temprano que tarde.<\/p>\n\n\n\n<p>Reproducido de eldia.com<\/p>\n","protected":false},"excerpt":{"rendered":"<p>ART\u00cdCULO INVITADO Por Rafael Chaljub Mej\u00eda Entre los aportes de la presencia y la propaganda&hellip;<\/p>\n","protected":false},"author":2,"featured_media":66896,"comment_status":"open","ping_status":"open","sticky":false,"template":"","format":"standard","meta":{"footnotes":""},"categories":[66,55],"tags":[],"class_list":["post-66895","post","type-post","status-publish","format-standard","has-post-thumbnail","hentry","category-articulo-invitado","category-nacionales"],"_links":{"self":[{"href":"https:\/\/eldiarioantillano.com\/uno\/wp-json\/wp\/v2\/posts\/66895","targetHints":{"allow":["GET"]}}],"collection":[{"href":"https:\/\/eldiarioantillano.com\/uno\/wp-json\/wp\/v2\/posts"}],"about":[{"href":"https:\/\/eldiarioantillano.com\/uno\/wp-json\/wp\/v2\/types\/post"}],"author":[{"embeddable":true,"href":"https:\/\/eldiarioantillano.com\/uno\/wp-json\/wp\/v2\/users\/2"}],"replies":[{"embeddable":true,"href":"https:\/\/eldiarioantillano.com\/uno\/wp-json\/wp\/v2\/comments?post=66895"}],"version-history":[{"count":2,"href":"https:\/\/eldiarioantillano.com\/uno\/wp-json\/wp\/v2\/posts\/66895\/revisions"}],"predecessor-version":[{"id":66898,"href":"https:\/\/eldiarioantillano.com\/uno\/wp-json\/wp\/v2\/posts\/66895\/revisions\/66898"}],"wp:featuredmedia":[{"embeddable":true,"href":"https:\/\/eldiarioantillano.com\/uno\/wp-json\/wp\/v2\/media\/66896"}],"wp:attachment":[{"href":"https:\/\/eldiarioantillano.com\/uno\/wp-json\/wp\/v2\/media?parent=66895"}],"wp:term":[{"taxonomy":"category","embeddable":true,"href":"https:\/\/eldiarioantillano.com\/uno\/wp-json\/wp\/v2\/categories?post=66895"},{"taxonomy":"post_tag","embeddable":true,"href":"https:\/\/eldiarioantillano.com\/uno\/wp-json\/wp\/v2\/tags?post=66895"}],"curies":[{"name":"wp","href":"https:\/\/api.w.org\/{rel}","templated":true}]}}