{"id":66889,"date":"2024-05-20T00:01:00","date_gmt":"2024-05-20T04:01:00","guid":{"rendered":"https:\/\/eldiarioantillano.com\/uno\/?p=66889"},"modified":"2024-05-19T23:25:23","modified_gmt":"2024-05-20T03:25:23","slug":"perfil-antiinmigrante-del-pistolero-eslovaco-cintula","status":"publish","type":"post","link":"https:\/\/eldiarioantillano.com\/uno\/2024\/05\/20\/perfil-antiinmigrante-del-pistolero-eslovaco-cintula\/","title":{"rendered":"Perfil antiinmigrante del pistolero eslovaco Cintula"},"content":{"rendered":"\n<p>16 de mayo de 2024 (EIRNS). \u2014El hombre identificado como el tirador del primer ministro de Eslovaquia, Robert Fico, seg\u00fan su fotograf\u00eda en un video del intento de asesinato, es Juraz Cintula. Si bien las autoridades se abstuvieron de nombrar al sospechoso, pusieron a la esposa de Cintula bajo custodia protectora y supuestamente tambi\u00e9n la est\u00e1n interrogando. En una palabra, a Cintula le han tocado los botones todas y cada una de las cuestiones antiautoritarias impulsadas por los operadores de la \u201crevoluci\u00f3n de color\u201d y el partido de oposici\u00f3n, \u201cEslovaquia Progresista\u201d. Y el PS ha estado a la cabeza de un desagradable ataque contra el gobierno de Fico desde su elecci\u00f3n el a\u00f1o pasado.<\/p>\n\n\n\n<p>Solo el 10 de mayo, Fico hab\u00eda\u00a0<a href=\"https:\/\/www.idnes.cz\/zpravy\/zahranicni\/fico-video-duben-vrazda-atentat.A240515_174034_zahranicni_ert\" target=\"_blank\" rel=\"noreferrer noopener\">publicado un mensaje en v\u00eddeo<\/a>\u00a0abordando el peligro que supone el bombeo de vitriolo del PS a la poblaci\u00f3n. \u201cLos votantes progresistas de Eslovaquia est\u00e1n maldiciendo a los pol\u00edticos del gobierno en las calles y solo estoy esperando a ver cu\u00e1ndo esta frustraci\u00f3n, profundizada por [tres medios de comunicaci\u00f3n clave, ] Dennik N, SME y Aktuality, se convertir\u00e1 en el asesinato de algunos de los principales pol\u00edticos del gobierno\u201d.<\/p>\n\n\n\n<p>Los primeros indicios sugieren que una preocupaci\u00f3n central de Cintula que se ha destacado durante a\u00f1os es su n\u00facleo antinmigrante. Se dice que\u00a0la novela de Cintula de 2015,\u00a0<em>Efata<\/em>, es un ataque abierto contra los roman\u00edes (\u201cgitanos\u201d) y la falta de acciones gubernamentales contra ellos. En enero de 2016, habl\u00f3 con un grupo paramilitar, Slovenski Branci (\u201cConscriptos eslovenos\u201d), y enfatiz\u00f3 que a esos grupos se les deber\u00eda permitir proteger \u201ca los habitantes, la cultura, la tradici\u00f3n, la cultura\u201d de los inmigrantes provenientes de fuera de Europa. Deber\u00edan poder tomar medidas sin esperar a que act\u00faen las autoridades. Valor\u00f3 \u201cla capacidad de actuar sin someterse a las \u00f3rdenes del Estado\u201d, ya que \u201ccientos de miles de inmigrantes\u201d est\u00e1n llegando a Europa y, en este contexto, los reclutas quieren proteger a Eslovaquia de su influencia, actuando como verdaderos &#8216;patriotas&#8217;. Es de destacar que se dice que Cintula trabaj\u00f3 como guardia de seguridad en un centro comercial y se hab\u00eda involucrado en uno o m\u00e1s incidentes.<\/p>\n\n\n\n<p>Poco despu\u00e9s de su aparici\u00f3n en 2016 con Slovenski Branci, fund\u00f3 su curioso partido \u201cHnutie proti nasiliu\u201d (\u201cMovimiento contra la violencia\u201d).<\/p>\n\n\n\n<p>Curiosamente, el d\u00e9bil intento de vincular a Cintula con Mosc\u00fa implica la caracterizaci\u00f3n de Slovenski Branci como pro-Mosc\u00fa. Sin embargo, aparte de la dudosa acusaci\u00f3n de que Slovenski Branci es pro Mosc\u00fa, Cintula no estaba relacionado con el grupo, al igual que sus elogios generales a los paramilitares por su posible papel en el trato con los inmigrantes. Adem\u00e1s, la idea de que Mosc\u00fa querr\u00eda asesinar a Fico no es m\u00e1s que una \u201csombra\u201d que se arroja sobre la situaci\u00f3n, para ser repetida por los est\u00fapidos.<\/p>\n\n\n\n<p>La fuente de esta afirmaci\u00f3n \u201cpro-Mosc\u00fa\u201d parece ser un joven periodista de investigaci\u00f3n h\u00fangaro, Szabolcs Panyi, cuya descripci\u00f3n en l\u00ednea ofrece que \u201cactualmente es becario Hubert H. Humphrey (Fulbright) en la Escuela de Periodismo y Comunicaci\u00f3n de Masas Walter Cronkite, Arizona\u201d. State University, donde toma cursos sobre responsabilidad y periodismo de investigaci\u00f3n mientras contin\u00faa trabajando en sus proyectos relacionados con descubrir la desinformaci\u00f3n y la propaganda del Kremlin. Tiene su sede en Phoenix, Arizona y Washington, DC\u201d.<\/p>\n\n\n\n<p>Por lo dem\u00e1s, parece haber comenzado su carrera en 2015 y ganado cierta notoriedad por sus art\u00edculos de 2019 que apuntaban a una conexi\u00f3n entre el primer ministro h\u00fangaro, Viktor Orb\u00e1n, y el entonces presidente estadounidense, Donald Trump. Tambi\u00e9n expuso en 2019 el sospechoso traslado del Banco Internacional de Inversiones \u201cvinculado a la Uni\u00f3n Sovi\u00e9tica\u201d a Budapest.<\/p>\n","protected":false},"excerpt":{"rendered":"<p>16 de mayo de 2024 (EIRNS). \u2014El hombre identificado como el tirador del primer ministro&hellip;<\/p>\n","protected":false},"author":2,"featured_media":66890,"comment_status":"open","ping_status":"open","sticky":false,"template":"","format":"standard","meta":{"footnotes":""},"categories":[78,52],"tags":[],"class_list":["post-66889","post","type-post","status-publish","format-standard","has-post-thumbnail","hentry","category-eirns","category-internacionales"],"_links":{"self":[{"href":"https:\/\/eldiarioantillano.com\/uno\/wp-json\/wp\/v2\/posts\/66889","targetHints":{"allow":["GET"]}}],"collection":[{"href":"https:\/\/eldiarioantillano.com\/uno\/wp-json\/wp\/v2\/posts"}],"about":[{"href":"https:\/\/eldiarioantillano.com\/uno\/wp-json\/wp\/v2\/types\/post"}],"author":[{"embeddable":true,"href":"https:\/\/eldiarioantillano.com\/uno\/wp-json\/wp\/v2\/users\/2"}],"replies":[{"embeddable":true,"href":"https:\/\/eldiarioantillano.com\/uno\/wp-json\/wp\/v2\/comments?post=66889"}],"version-history":[{"count":1,"href":"https:\/\/eldiarioantillano.com\/uno\/wp-json\/wp\/v2\/posts\/66889\/revisions"}],"predecessor-version":[{"id":66891,"href":"https:\/\/eldiarioantillano.com\/uno\/wp-json\/wp\/v2\/posts\/66889\/revisions\/66891"}],"wp:featuredmedia":[{"embeddable":true,"href":"https:\/\/eldiarioantillano.com\/uno\/wp-json\/wp\/v2\/media\/66890"}],"wp:attachment":[{"href":"https:\/\/eldiarioantillano.com\/uno\/wp-json\/wp\/v2\/media?parent=66889"}],"wp:term":[{"taxonomy":"category","embeddable":true,"href":"https:\/\/eldiarioantillano.com\/uno\/wp-json\/wp\/v2\/categories?post=66889"},{"taxonomy":"post_tag","embeddable":true,"href":"https:\/\/eldiarioantillano.com\/uno\/wp-json\/wp\/v2\/tags?post=66889"}],"curies":[{"name":"wp","href":"https:\/\/api.w.org\/{rel}","templated":true}]}}