{"id":66883,"date":"2024-05-19T16:24:22","date_gmt":"2024-05-19T20:24:22","guid":{"rendered":"https:\/\/eldiarioantillano.com\/uno\/?p=66883"},"modified":"2024-05-19T16:24:22","modified_gmt":"2024-05-19T20:24:22","slug":"elecciones-en-montecristi-2","status":"publish","type":"post","link":"https:\/\/eldiarioantillano.com\/uno\/2024\/05\/19\/elecciones-en-montecristi-2\/","title":{"rendered":"Elecciones en Montecristi"},"content":{"rendered":"\n<p>Impedidos de concentrarse frente a los centros de votaci\u00f3n, votantes se aglomeran debajo de un \u00e1rbol cerca de la escuela Rosa Sm\u00e9ster en la ciudad donde se firm\u00f3 el Manifiesto de Montecristi, durante los comicios legislativos y presidenciales efectuados en Rep\u00fablica Dominicana este 19 de mayo del 2024.\u00a0<\/p>\n","protected":false},"excerpt":{"rendered":"<p>Impedidos de concentrarse frente a los centros de votaci\u00f3n, votantes se aglomeran debajo de un&hellip;<\/p>\n","protected":false},"author":2,"featured_media":66884,"comment_status":"open","ping_status":"open","sticky":false,"template":"","format":"standard","meta":{"footnotes":""},"categories":[57],"tags":[],"class_list":["post-66883","post","type-post","status-publish","format-standard","has-post-thumbnail","hentry","category-montecristi"],"_links":{"self":[{"href":"https:\/\/eldiarioantillano.com\/uno\/wp-json\/wp\/v2\/posts\/66883","targetHints":{"allow":["GET"]}}],"collection":[{"href":"https:\/\/eldiarioantillano.com\/uno\/wp-json\/wp\/v2\/posts"}],"about":[{"href":"https:\/\/eldiarioantillano.com\/uno\/wp-json\/wp\/v2\/types\/post"}],"author":[{"embeddable":true,"href":"https:\/\/eldiarioantillano.com\/uno\/wp-json\/wp\/v2\/users\/2"}],"replies":[{"embeddable":true,"href":"https:\/\/eldiarioantillano.com\/uno\/wp-json\/wp\/v2\/comments?post=66883"}],"version-history":[{"count":1,"href":"https:\/\/eldiarioantillano.com\/uno\/wp-json\/wp\/v2\/posts\/66883\/revisions"}],"predecessor-version":[{"id":66885,"href":"https:\/\/eldiarioantillano.com\/uno\/wp-json\/wp\/v2\/posts\/66883\/revisions\/66885"}],"wp:featuredmedia":[{"embeddable":true,"href":"https:\/\/eldiarioantillano.com\/uno\/wp-json\/wp\/v2\/media\/66884"}],"wp:attachment":[{"href":"https:\/\/eldiarioantillano.com\/uno\/wp-json\/wp\/v2\/media?parent=66883"}],"wp:term":[{"taxonomy":"category","embeddable":true,"href":"https:\/\/eldiarioantillano.com\/uno\/wp-json\/wp\/v2\/categories?post=66883"},{"taxonomy":"post_tag","embeddable":true,"href":"https:\/\/eldiarioantillano.com\/uno\/wp-json\/wp\/v2\/tags?post=66883"}],"curies":[{"name":"wp","href":"https:\/\/api.w.org\/{rel}","templated":true}]}}