{"id":66778,"date":"2024-05-14T00:03:00","date_gmt":"2024-05-14T04:03:00","guid":{"rendered":"https:\/\/eldiarioantillano.com\/uno\/?p=66778"},"modified":"2024-05-13T20:47:48","modified_gmt":"2024-05-14T00:47:48","slug":"republica-dominicana-la-ultima-palabra-esta-en-las-urnas","status":"publish","type":"post","link":"https:\/\/eldiarioantillano.com\/uno\/2024\/05\/14\/republica-dominicana-la-ultima-palabra-esta-en-las-urnas\/","title":{"rendered":"Rep\u00fablica Dominicana: La \u00faltima palabra est\u00e1 en las urnas"},"content":{"rendered":"\n<p>Por Mariela P\u00e9rez Valenzuela<\/p>\n\n\n\n<p>Corresponsal jefa de Prensa Latina en Rep\u00fablica Dominicana<\/p>\n\n\n\n<p>Hasta el 16 de mayo, los nueve aspirantes a la primera magistratura -de ellos solo dos mujeres- y los que pretenden un esca\u00f1o en el Congreso Nacional, mantienen sus campa\u00f1as electorales, algunas subidas de tono con cr\u00edticas al oficialista Partido Revolucionario Moderno (PRM), y al dignatario.<\/p>\n\n\n\n<p>Por el momento, y a pesar de la andanada de diatribas de los tres grandes partidos opositores a su gobierno, Abinader, empresario de 54 a\u00f1os, es favorito para ganar en primera vuelta.<\/p>\n\n\n\n<p>As\u00ed lo confirman las \u00faltimas encuestas conocidas sobre las inclinaciones del electorado dominicano de 8,1 millones de empadronados, de los cuales 868 mil 785 residen en el exterior y tienen derecho al voto, lo que no ocurre cuando se trata de comicios municipales.<\/p>\n\n\n\n<p>Aunque la mayor\u00eda vive en Estados Unidos, la di\u00e1spora en Puerto Rico podr\u00eda tener un peso importante en los resultados, ya que esa isla caribe\u00f1a acoge a casi el 10 por ciento de los dominicanos emigrantes. Contexto que favorece a Abinader, a pesar de ataques p\u00fablicos en su contra, seg\u00fan analistas.<\/p>\n\n\n\n<p>El vicepresidente del Partido de la Liberaci\u00f3n Dominicana (PLD), Tem\u00edstocles Mont\u00e1s, plante\u00f3 una grave acusaci\u00f3n contra el oficialista PRM pues, aunque no present\u00f3 pruebas, refiri\u00f3 que el gobierno hab\u00eda \u201ccomprado\u201d antes de las elecciones municipales a m\u00e1s de 32 alcaldes, 15 diputados, 45 directores municipales y una importante cantidad de regidores.<\/p>\n\n\n\n<p>En un art\u00edculo con su firma publicado en los peri\u00f3dicos Hoy y Vanguardia del Pueblo, Mont\u00e1s acus\u00f3 al Ejecutivo de presentarse como \u201canticorrupto\u201d cuando practica, dijo, la perniciosa pericia de comprar dirigentes opositores.<\/p>\n\n\n\n<p>Inculpaciones de diverso tipo contra el jefe de gobierno y su partido han ca\u00eddo, al parecer, en suelo \u00e1rido, pues -aunque pueden tener algunos puntos de diferencia- reconocidas firmas encuestadoras dan como segura la reelecci\u00f3n presidencial, permitida por una vez por la Constituci\u00f3n Nacional.<\/p>\n\n\n\n<p>La \u00faltima semana varias empresas, entre ellas Gallup, dieron como ganador a Abinader en primera vuelta, pero los n\u00fameros, y m\u00e1s al final de una campa\u00f1a, pueden ser cambiantes. Sin embargo, la firma encuestadora brasile\u00f1a AtlasIntel confirm\u00f3 el 11 de mayo lo que ya anunciaban sus similares, incluidas varias dominicanas.<\/p>\n\n\n\n<p>AtlasIntel proyect\u00f3 al presidente con las mayores posibilidades de vencer el 19 de mayo, en tanto el oficialista PRM ocupar\u00eda el mayor n\u00famero de esca\u00f1os en las dos C\u00e1maras del Congreso Nacional.<\/p>\n\n\n\n<p>Ante lo que parece inevitable, los partidos Fuerza del Pueblo (FP), Liberaci\u00f3n Dominicana (PLD) y Revolucionario Dominicano (PRD), consignaron sus alianzas para buscar ser mayor\u00eda en las bancadas parlamentarias, lo cual no significa que hasta el \u00faltimo momento no pierdan las esperanzas de una segunda vuelta el 30 de junio y mantengan sus cr\u00edticas contra el PRM.<\/p>\n\n\n\n<p>El \u00f3rgano legislativo est\u00e1 integrado por 190 diputados y 32 senadores y el prop\u00f3sito de los tres grandes partidos opositores unidos en la Alianza Rescate RD si logran mayor\u00eda en ese espacio, es impedir en alguna medida la segunda gobernanza de Abinader e imponer sus propias leyes.<\/p>\n\n\n\n<p>En la investigaci\u00f3n de AtlasIntel, mientras Abinader alcanz\u00f3 un 68.1 por ciento de los votos, el expresidente Leonel Fern\u00e1ndez obtuvo un 17,9 y Abel Mart\u00ednez, exdiputado y exalcalde de Santiago de los Caballeros, logr\u00f3 un 12,1 por ciento.<\/p>\n\n\n\n<p>Respecto a los aspirantes de agrupaciones minoritarias, Roque Espaillat, de Esperanza por la Democracia, alcanz\u00f3 un 1,2 por ciento, pero los restantes tuvieron menos del uno por ciento.<\/p>\n\n\n\n<p>Sobre la interrogante, \u00bfUsted tiene una imagen positiva o negativa de los siguientes l\u00edderes?, Abinader tuvo la mejor valoraci\u00f3n con un 68 por ciento de imagen positiva, un 28 por ciento opt\u00f3 por negativa y un cuatro por ciento dijo no saber.<\/p>\n\n\n\n<p>Mart\u00ednez se situ\u00f3 en segundo lugar con un 32 por ciento de imagen favorable, 41 por ciento de negativa y un 27 por ciento no supo. El peor valorado fue Fern\u00e1ndez con un 58 por ciento de imagen tachada, 28 por ciento favorable y un 14 por ciento que no supo contestar.<\/p>\n\n\n\n<p>Respuestas que -en todas las encuestadoras- reflejan en gran medida los resultados del debate p\u00fablico entre los aspirantes a la jefatura de gobierno, organizado por la Asociaci\u00f3n Nacional de J\u00f3venes Empresarios (ANJE) el \u00faltimo mi\u00e9rcoles de abril.<\/p>\n\n\n\n<p>Abinader es el primer gobernante que, en b\u00fasqueda de la reelecci\u00f3n, participa en una lid de este tipo, seg\u00fan \u00e9l mismo dijo al aceptar la invitaci\u00f3n al encuentro.<\/p>\n\n\n\n<p>Por otro lado, Fern\u00e1ndez calific\u00f3 el evento de \u201cdebate de la democracia contra la dinerocracia\u201d, en uno de sus habituales an\u00e1lisis sobre la actual administraci\u00f3n.<\/p>\n\n\n\n<p>No obstante, sobre las cifras conocidas, la Junta Central Electoral (JCE) advirti\u00f3 que si ning\u00fan postulado a la presidencia recibe m\u00e1s del 50 por ciento de apoyo habr\u00e1 una segunda vuelta el 30 de junio entre los dos m\u00e1s votados.<\/p>\n\n\n\n<p>Senadores y diputados, se\u00f1al\u00f3, son electos mediante escrutinio mayoritario uninominal, o sea, el votante escoge un \u00fanico aspirante, entre todos los que se presentan y gana el que recibe la mayor cifra afirmativa.<\/p>\n\n\n\n<p>As\u00ed transcurren los \u00faltimos d\u00edas de la campa\u00f1a electoral en Rep\u00fablica Dominicana, donde el pr\u00f3ximo domingo, 19 de mayo, se lanzar\u00e1 la \u00faltima bola de la campa\u00f1a electoral.<\/p>\n\n\n\n<p>arb\/mpv<\/p>\n","protected":false},"excerpt":{"rendered":"<p>Por Mariela P\u00e9rez Valenzuela Corresponsal jefa de Prensa Latina en Rep\u00fablica Dominicana Hasta el 16&hellip;<\/p>\n","protected":false},"author":2,"featured_media":64006,"comment_status":"open","ping_status":"open","sticky":false,"template":"","format":"standard","meta":{"footnotes":""},"categories":[55,53],"tags":[],"class_list":["post-66778","post","type-post","status-publish","format-standard","has-post-thumbnail","hentry","category-nacionales","category-prensa-latina"],"_links":{"self":[{"href":"https:\/\/eldiarioantillano.com\/uno\/wp-json\/wp\/v2\/posts\/66778","targetHints":{"allow":["GET"]}}],"collection":[{"href":"https:\/\/eldiarioantillano.com\/uno\/wp-json\/wp\/v2\/posts"}],"about":[{"href":"https:\/\/eldiarioantillano.com\/uno\/wp-json\/wp\/v2\/types\/post"}],"author":[{"embeddable":true,"href":"https:\/\/eldiarioantillano.com\/uno\/wp-json\/wp\/v2\/users\/2"}],"replies":[{"embeddable":true,"href":"https:\/\/eldiarioantillano.com\/uno\/wp-json\/wp\/v2\/comments?post=66778"}],"version-history":[{"count":1,"href":"https:\/\/eldiarioantillano.com\/uno\/wp-json\/wp\/v2\/posts\/66778\/revisions"}],"predecessor-version":[{"id":66779,"href":"https:\/\/eldiarioantillano.com\/uno\/wp-json\/wp\/v2\/posts\/66778\/revisions\/66779"}],"wp:featuredmedia":[{"embeddable":true,"href":"https:\/\/eldiarioantillano.com\/uno\/wp-json\/wp\/v2\/media\/64006"}],"wp:attachment":[{"href":"https:\/\/eldiarioantillano.com\/uno\/wp-json\/wp\/v2\/media?parent=66778"}],"wp:term":[{"taxonomy":"category","embeddable":true,"href":"https:\/\/eldiarioantillano.com\/uno\/wp-json\/wp\/v2\/categories?post=66778"},{"taxonomy":"post_tag","embeddable":true,"href":"https:\/\/eldiarioantillano.com\/uno\/wp-json\/wp\/v2\/tags?post=66778"}],"curies":[{"name":"wp","href":"https:\/\/api.w.org\/{rel}","templated":true}]}}