{"id":66761,"date":"2024-05-13T00:03:00","date_gmt":"2024-05-13T04:03:00","guid":{"rendered":"https:\/\/eldiarioantillano.com\/uno\/?p=66761"},"modified":"2024-05-12T17:44:12","modified_gmt":"2024-05-12T21:44:12","slug":"naciones-del-caribe-a-la-vanguardia-en-lucha-contra-vih-y-sifilis","status":"publish","type":"post","link":"https:\/\/eldiarioantillano.com\/uno\/2024\/05\/13\/naciones-del-caribe-a-la-vanguardia-en-lucha-contra-vih-y-sifilis\/","title":{"rendered":"Naciones del Caribe a la vanguardia en lucha contra VIH y s\u00edfilis"},"content":{"rendered":"\n<p class=\"wp-block-paragraph\">Kingston (Prensa Latina) La Organizaci\u00f3n Mundial de la Salud (OMS) otorg\u00f3 a tres naciones del Caribe &#8211; Belice, Jamaica y San Vicente y las Granadinas &#8211; la certificaci\u00f3n oficial por eliminar de manera exitosa la transmisi\u00f3n materno infantil del VIH y la s\u00edfilis.&nbsp;<\/p>\n\n\n\n<p class=\"wp-block-paragraph\">Si bien el logro es resultado de la cooperaci\u00f3n t\u00e9cnica de la Organizaci\u00f3n Panamericana de la Salud (OPS), apoyada por UNICEF y ONUSIDA, tambi\u00e9n sum\u00f3 el esfuerzo colaborativo de cada pa\u00eds, que ahora engrosan la lista de 11 certificados en las Am\u00e9ricas.<\/p>\n\n\n\n<p class=\"wp-block-paragraph\">A nivel mundial, 19 territorios han merecido este reconocimiento con Cuba a la vanguardia cuando hizo historia en 2015, al convertirse en el primer pa\u00eds del mundo en lograr la doble eliminaci\u00f3n del VIH y la s\u00edfilis cong\u00e9nita, seguido de Anguila, Antigua y Barbuda, Bermudas, Islas Caim\u00e1n y Montserrat y San Crist\u00f3bal y Nevis en 2017, y Dominica en 2020.<\/p>\n\n\n\n<p class=\"wp-block-paragraph\">El organismo internacional no s\u00f3lo elogi\u00f3 los pasos de avance en los pa\u00edses caribe\u00f1os; tambi\u00e9n abog\u00f3 por el fortalecimiento continuo de los servicios de prevenci\u00f3n primaria y tratamiento para mujeres embarazadas, incluyendo pruebas, detecci\u00f3n y tratamiento de seropositivas para VIH y s\u00edfilis, tras el desarrollo de herramientas de seguimiento y evaluaci\u00f3n.&nbsp;<\/p>\n\n\n\n<p class=\"wp-block-paragraph\">Mucho aport\u00f3, adem\u00e1s, a juicio de los expertos de la OMS, la sistem\u00e1tica capacitaci\u00f3n de proveedores de atenci\u00f3n m\u00e9dica en los sectores de salud p\u00fablico y privado en l\u00ednea directa con la creaci\u00f3n de los laboratorios nacionales para apoyar el diagn\u00f3stico y las pruebas de VIH, s\u00edfilis y otras afecciones relacionadas.<\/p>\n\n\n\n<p class=\"wp-block-paragraph\">Para la doctora Karen Lewis-Bell, representante de la OPS\/OMS en Belice, consumar la eliminaci\u00f3n ha sido un gran avance para el pa\u00eds, particularmente despu\u00e9s de la exclusi\u00f3n de la malaria en 2023, por considerarla \u201cuna de las \u00e1reas prioritarias de la cooperaci\u00f3n t\u00e9cnica de la OPS con esa naci\u00f3n\u201d.<\/p>\n\n\n\n<p class=\"wp-block-paragraph\">Destac\u00f3 el trabajo de la organizaci\u00f3n para garantizar el desarrollo de capacidades, la provisi\u00f3n de normas y est\u00e1ndares, as\u00ed como el apoyo pr\u00e1ctico con reactivos para pruebas, como elementos clave de la contribuci\u00f3n.<\/p>\n\n\n\n<p class=\"wp-block-paragraph\">\u201cLa eliminaci\u00f3n de la transmisi\u00f3n materno infantil del VIH y la s\u00edfilis solo fue posible al existir un fuerte trabajo en equipo y se brindaron servicios de salud de calidad\u201d, as\u00ed como la asistencia entre los sectores p\u00fablico y privado, a\u00f1adi\u00f3 paralelamente el ministro de Salud y Bienestar, Kevin Bernard.\u00a0<\/p>\n\n\n\n<p class=\"wp-block-paragraph\">Tal logro surge tras m\u00e1s de una d\u00e9cada de trabajo para consolidar la prevenci\u00f3n primaria y tratamiento de la salud materno infantil, acorde al compromiso de los pa\u00edses con la Estrategia y Plan de Acci\u00f3n para la Eliminaci\u00f3n de la Enfermedad Materno Infantil de la &nbsp;OPS -transmisi\u00f3n infantil del VIH y s\u00edfilis cong\u00e9nita en la regi\u00f3n.&nbsp;<\/p>\n\n\n\n<p class=\"wp-block-paragraph\">Con el pacto de alcanzar la eliminaci\u00f3n desde 2010, las Am\u00e9ricas han adecuado y actualizado la din\u00e1mica de trabajo establecida en dicho plan de acci\u00f3n de la OPS, cuyas bases se sostienen en la prevenci\u00f3n y el control de ambas enfermedades.&nbsp;<\/p>\n\n\n\n<p class=\"wp-block-paragraph\">Tanto Belice, Jamaica y San Vicente y las Granadinas activaron la utilizaci\u00f3n de pruebas r\u00e1pidas y desplegaron bases de datos en l\u00ednea para una prestaci\u00f3n de servicios eficiente a tono con los objetivos de eliminaci\u00f3n.&nbsp;<\/p>\n\n\n\n<p class=\"wp-block-paragraph\">Para el doctor Jarbas Barbosa, director de la OPS, la alianza entre gobiernos, profesionales de la salud y comunidades fue m\u00e1s all\u00e1 de actualizar las gu\u00edas, garantizar la detecci\u00f3n efectiva en las mujeres embarazadas, monitorear los casos y dar seguimiento a los beb\u00e9s expuestos a esas afecciones.&nbsp;<\/p>\n\n\n\n<p class=\"wp-block-paragraph\">Barbosa sostuvo que la resiliencia notable demostrada por los tres pa\u00edses, asegurando la adaptaci\u00f3n y continuidad de los servicios esenciales a pesar de los desaf\u00edos planteados por la pandemia de Covid-19, ha sido fundamental.&nbsp;<\/p>\n\n\n\n<p class=\"wp-block-paragraph\">Conf\u00edo en que la certificaci\u00f3n inspirar\u00e1 a otros pa\u00edses a revitalizar sus compromisos hacia una generaci\u00f3n libre de VIH y s\u00edfilis cong\u00e9nita, destac\u00f3.<\/p>\n\n\n\n<p class=\"wp-block-paragraph\">En esa propia l\u00ednea, el director general de la OMS, Tedros Adhanom Ghebreyesus, subray\u00f3 la necesidad de mantenerla bajo esfuerzos sostenidos de la OMS y sus socios, quienes seguir\u00e1n apoyando a todos los pa\u00edses de las Am\u00e9ricas para que fortalezcan los sistemas de salud, al tiempo que presten servicios integrales.<\/p>\n\n\n\n<p class=\"wp-block-paragraph\">Cm\/Prensa Latina<\/p>\n","protected":false},"excerpt":{"rendered":"<p>Kingston (Prensa Latina) La Organizaci\u00f3n Mundial de la Salud (OMS) otorg\u00f3 a tres naciones del&hellip;<\/p>\n","protected":false},"author":2,"featured_media":66762,"comment_status":"open","ping_status":"open","sticky":false,"template":"","format":"standard","meta":{"footnotes":""},"categories":[52,53],"tags":[],"class_list":["post-66761","post","type-post","status-publish","format-standard","has-post-thumbnail","hentry","category-internacionales","category-prensa-latina"],"_links":{"self":[{"href":"https:\/\/eldiarioantillano.com\/uno\/wp-json\/wp\/v2\/posts\/66761","targetHints":{"allow":["GET"]}}],"collection":[{"href":"https:\/\/eldiarioantillano.com\/uno\/wp-json\/wp\/v2\/posts"}],"about":[{"href":"https:\/\/eldiarioantillano.com\/uno\/wp-json\/wp\/v2\/types\/post"}],"author":[{"embeddable":true,"href":"https:\/\/eldiarioantillano.com\/uno\/wp-json\/wp\/v2\/users\/2"}],"replies":[{"embeddable":true,"href":"https:\/\/eldiarioantillano.com\/uno\/wp-json\/wp\/v2\/comments?post=66761"}],"version-history":[{"count":1,"href":"https:\/\/eldiarioantillano.com\/uno\/wp-json\/wp\/v2\/posts\/66761\/revisions"}],"predecessor-version":[{"id":66763,"href":"https:\/\/eldiarioantillano.com\/uno\/wp-json\/wp\/v2\/posts\/66761\/revisions\/66763"}],"wp:featuredmedia":[{"embeddable":true,"href":"https:\/\/eldiarioantillano.com\/uno\/wp-json\/wp\/v2\/media\/66762"}],"wp:attachment":[{"href":"https:\/\/eldiarioantillano.com\/uno\/wp-json\/wp\/v2\/media?parent=66761"}],"wp:term":[{"taxonomy":"category","embeddable":true,"href":"https:\/\/eldiarioantillano.com\/uno\/wp-json\/wp\/v2\/categories?post=66761"},{"taxonomy":"post_tag","embeddable":true,"href":"https:\/\/eldiarioantillano.com\/uno\/wp-json\/wp\/v2\/tags?post=66761"}],"curies":[{"name":"wp","href":"https:\/\/api.w.org\/{rel}","templated":true}]}}