{"id":66743,"date":"2024-05-12T00:02:00","date_gmt":"2024-05-12T04:02:00","guid":{"rendered":"https:\/\/eldiarioantillano.com\/uno\/?p=66743"},"modified":"2024-05-11T21:23:05","modified_gmt":"2024-05-12T01:23:05","slug":"xi-jinping-se-reune-con-macron-es-posible-una-nueva-ofensiva-de-paz","status":"publish","type":"post","link":"https:\/\/eldiarioantillano.com\/uno\/2024\/05\/12\/xi-jinping-se-reune-con-macron-es-posible-una-nueva-ofensiva-de-paz\/","title":{"rendered":"Xi Jinping se re\u00fane con Macron: \u00bfes posible una nueva ofensiva de paz?"},"content":{"rendered":"\n<p><em>Webcast<\/em>&nbsp;con&nbsp;<a href=\"https:\/\/youtu.be\/iXoG6gBWkHU\" rel=\"noreferrer noopener\" target=\"_blank\">Helga Zepp-LaRouche<\/a>&nbsp;, fundadora y presidenta del Instituto Schiller<\/p>\n\n\n\n<p>Mayo de 2024<\/p>\n\n\n\n<p>HARLEY SCHLANGER: Hola y bienvenido a nuestro di\u00e1logo semanal con Helga Zepp-LaRouche, fundadora y presidenta del Instituto Schiller. Hoy es mi\u00e9rcoles 8 de mayo de 2024. Soy Harley Schlanger y ser\u00e9 su anfitri\u00f3n hoy. Puede enviarnos sus preguntas y comentarios por correo electr\u00f3nico a&nbsp;<a href=\"mailto:questions@schillerinstitute.org\" target=\"_blank\" rel=\"noreferrer noopener\">questions@schillerinstitute.org<\/a>&nbsp;o publicarlos en la p\u00e1gina de la sala de chat.<\/p>\n\n\n\n<p>Helga, hay un volumen incre\u00edble de actividad en el frente, en las contraprotestas diplom\u00e1ticas y dem\u00e1s, pero vamos a empezar con una pregunta muy simple, que recib\u00ed de varias personas diferentes, que es: \u00bfCu\u00e1l es su evaluaci\u00f3n de la situaci\u00f3n? \u00bfResultado de la cumbre de dos d\u00edas entre el presidente chino Xi Jinping y el presidente franc\u00e9s Emmanuel Macron?<\/p>\n\n\n\n<p>HELGA ZEPP-LAROUCHE: Creo que en general es bastante importante, de hecho, muy importante, porque era el 60\u00ba aniversario de la reanudaci\u00f3n de las relaciones diplom\u00e1ticas. De hecho, Francia fue el primer pa\u00eds bajo Charles de Gaulle en reconocer a la Rep\u00fablica Popular China, y los chinos han dado gran importancia a ese hecho y a la relaci\u00f3n con Francia. De manera similar, la industria francesa, al igual que la industria alemana, est\u00e1 absolutamente decidida a no permitir el llamado \u00abreducci\u00f3n de riesgos\u00bb (que es simplemente otra palabra para \u00abdesacoplamiento\u00bb) y creo que, por lo tanto, este es un resultado muy importante. No s\u00e9 por qu\u00e9 el canciller Olaf Scholz, que visit\u00f3 a Macron justo los d\u00edas previos a la visita de Xi Jinping, prefiri\u00f3 ir a Lituania, a los pa\u00edses b\u00e1lticos. Creo que Macron claramente hizo un esfuerzo por atraer otras fuerzas, por lo que trajo a Ursula von der Leyen, lo que creo que no fue la mejor opci\u00f3n, porque esta mujer es cl\u00ednicamente antichina y simplemente expresa la visi\u00f3n anglosf\u00e9rica sobre China.<\/p>\n\n\n\n<p>Pero dadas las dificultades y la situaci\u00f3n estrat\u00e9gica incre\u00edblemente tensa, que es incre\u00edblemente de crisis, creo que era importante. Creo que tambi\u00e9n es muy digno de menci\u00f3n que Macron haya considerado necesario enfatizar, en presencia de Xi Jinping, que Francia no est\u00e1 en guerra con Rusia y no planea un cambio de r\u00e9gimen en Mosc\u00fa. Ya sabes, esto ocurri\u00f3 inmediatamente despu\u00e9s de su anuncio, dos veces, de que Francia enviar\u00eda tropas francesas a Ucrania, en caso de que Ucrania perdiera en el campo de batalla. Ya lo hab\u00eda dicho a principios del mes pasado, y luego nuevamente en la edici\u00f3n del 2 de mayo lo hab\u00eda repetido en su&nbsp;<a href=\"https:\/\/www.economist.com\/europe\/2024\/05\/02\/emmanuel-macron-in-his-own-words-english\" rel=\"noreferrer noopener\" target=\"_blank\">entrevista del 29 de abril con&nbsp;<\/a><em><u><a href=\"https:\/\/www.economist.com\/europe\/2024\/05\/02\/emmanuel-macron-in-his-own-words-english\" rel=\"noreferrer noopener\" target=\"_blank\">The Economist<\/a><\/u><\/em>&nbsp;. As\u00ed que creo que es bastante importante y, obviamente, esto refleja tambi\u00e9n la perspectiva de Xi Jinping, que es mucho m\u00e1s amplia de la que se puede obtener de la mayor\u00eda de los l\u00edderes europeos en este momento. Por eso creo que fue extremadamente \u00fatil e importante.<\/p>\n\n\n\n<p>SCHLANGER: Helga, sigamos con esto. Hay una pregunta que lleg\u00f3 desde Londres y el interlocutor dijo: \u201cEl Secretario de Relaciones Exteriores, David Cameron, dijo que el gobierno brit\u00e1nico le dijo a Ucrania que pod\u00edan usar armas brit\u00e1nicas para atacar objetivos en Rusia. El grupo de expertos angloamericano Atlantic Council aplaudi\u00f3 esta decisi\u00f3n, diciendo que Putin no ha respaldado sus amenazas y que es bueno denunciar sus faroles sobre su l\u00ednea roja\u201d. Entonces el interlocutor escribi\u00f3: \u201c\u00bfCameron no cree a Putin y Lavrov cuando dicen que responder\u00e1n con dureza a tales ataques? \u00bfSe enga\u00f1an Cameron y los dem\u00e1s al pensar que no habr\u00e1 respuesta si se derriba el puente de Kerch, por ejemplo? Y luego tambi\u00e9n pregunta: \u201c\u00bfQu\u00e9 pasa con los ejercicios nucleares t\u00e1cticos rusos? \u00bfNo est\u00e1n prestando atenci\u00f3n en Occidente?\u201d<\/p>\n\n\n\n<p>ZEPP-LAROUCHE: Bueno, la respuesta r\u00e1pida es s\u00ed, as\u00ed de enga\u00f1ados est\u00e1n. Y de hecho, creo que la definici\u00f3n cl\u00ednica de locura es cuando se ha perdido el sentido de la realidad y ya no se ve ninguna conexi\u00f3n entre causa y resultado. Y creo que ese es sin duda el caso de muchos de esos provocadores en Occidente. Creo que el hecho de que Putin haya respondido ordenando la maniobra de armas nucleares t\u00e1cticas en el Distrito Militar del Sur debe verse como una respuesta directa. Y fue uno de los funcionarios del grupo de expertos de la OTAN, William Alberque, quien destac\u00f3 el hecho de que Rusia realiza regularmente tales ensayos y maniobras, pero es completamente inaudito anunciar tales maniobras en respuesta a declaraciones de l\u00edderes occidentales, y Alberque dijo que estamos en aguas desconocidas en materia de se\u00f1alizaci\u00f3n nuclear. Y eso deber\u00eda quedar registrado. Porque fue Macron quien dijo que quer\u00eda enviar tropas francesas a Ucrania; Fue Cameron quien dijo que los ucranianos pueden usar misiles brit\u00e1nicos para llegar profundamente al territorio de Rusia. Luego, el l\u00edder dem\u00f3crata en el Congreso, Hakeem Jeffries, dijo que si Ucrania pierde, no s\u00f3lo se deber\u00eda enviar dinero estadounidense, sino tambi\u00e9n a las mujeres y militares estadounidenses.<\/p>\n\n\n\n<p>Luego hubo una discusi\u00f3n sobre los despliegues del F-16, a lo que la respuesta rusa fue que consideran que el F-16 es de doble uso, con capacidad nuclear pero tambi\u00e9n como arma convencional, pero asumir\u00e1n que porta armas nucleares y inmediatamente eliminar\u00e1 todo esto; otros comentaristas como Scott Ritter fueron muy enf\u00e1ticos, diciendo que si tales cosas suceden, estos soldados ser\u00e1n asesinados, o probablemente los mercenarios, ser\u00e1n asesinados en el acto, pero habr\u00e1 una respuesta m\u00e1s all\u00e1. Y Ritter piensa, y despu\u00e9s de todo es el ex inspector de armas de la ONU en Irak, y tiene un conocimiento extremadamente actualizado sobre los sistemas de armas: dijo que cree que, si esto sucede, por parte de Macron, Cameron o Jeffries, la respuesta rusa ser\u00e1 utilizar armas nucleares t\u00e1cticas, no dentro de Ucrania sino contra los centros de toma de decisiones desde donde se despliegan esas armas y esas personas. Y ser\u00edan bases en Rumania, Polonia, Francia, Alemania. Y creo que esto es realmente serio.<\/p>\n\n\n\n<p>Si escuchas el&nbsp;<a href=\"http:\/\/en.kremlin.ru\/events\/president\/news\/73981\" rel=\"noreferrer noopener\" target=\"_blank\">discurso de toma de posesi\u00f3n de Putin<\/a>&nbsp;, creo que es extremadamente severo, extremadamente fr\u00edo, muy, muy serio. Dijo: Mire, Rusia todav\u00eda est\u00e1 preparada para un di\u00e1logo con Occidente, pero s\u00f3lo en un nivel igual, no es que los l\u00edderes occidentales est\u00e9n tratando de hablar con desprecio a Rusia. Tienen que dejar de intentar continuamente debilitar a Rusia, contenerla, etc.<\/p>\n\n\n\n<p>As\u00ed que hemos llegado a un punto en el que o los l\u00edderes occidentales est\u00e1n entrando en raz\u00f3n o estamos entrando en la Tercera Guerra Mundial. Tambi\u00e9n vi hoy una declaraci\u00f3n de Jeffrey Sachs que dec\u00eda que nos estamos deslizando hacia la Tercera Guerra Mundial, que no se nos dice la verdad, no se nos dice la planificaci\u00f3n de la guerra ni ninguna otra cosa por el estilo, y s\u00f3lo puedo estar de acuerdo: es ya sea incompetencia o enga\u00f1o y de alguna manera la idea de que hay que destruir a Rusia, hay que destruir a China (algunos de ellos piensan lo mismo), \u00a1y esto tiene que terminar! Y necesitamos una respuesta p\u00fablica de la poblaci\u00f3n, porque estos l\u00edderes que son claramente secuaces y enanos, no tienen derecho a llevar al mundo en esta direcci\u00f3n que podr\u00eda significar la aniquilaci\u00f3n de la civilizaci\u00f3n.<\/p>\n\n\n\n<p>SCHLANGER: Helga, hoy hubo un informe de que Estados Unidos est\u00e1 suspendiendo los env\u00edos de armas a Israel, al menos dos categor\u00edas de armas. \u00bfY un presentador de podcasts pregunt\u00f3 si esto es una continuaci\u00f3n de las advertencias a Israel? \u00bfBiden se toma en serio ahora la posibilidad de cortarle las armas a Israel?<\/p>\n\n\n\n<p>ZEPP-LAROUCHE: Eso espero, pero no lo creo. Creo que esto es s\u00f3lo un disparo de advertencia. Est\u00e1 suspendido, no eliminado. Y a la luz del hecho de que Netanyahu y su gabinete de guerra dijeron que no importa lo que Hamas est\u00e9 diciendo con respecto al posible acuerdo negociado por Qatar y Egipto, Israel seguir\u00e1 adelante con el ataque de las FDI a Rafah, donde m\u00e1s M\u00e1s de un mill\u00f3n de palestinos se encuentran en una situaci\u00f3n absolutamente desesperada. Vi algunos mensajes de corresponsales de la regi\u00f3n y describen c\u00f3mo estas personas est\u00e1n aterrorizadas, pensando de un lado a otro si deber\u00edan ir a otro rinc\u00f3n de Rafah, \u00a1porque hasta ahora s\u00f3lo se ha aconsejado a 100.000 personas que vayan a Khan Younis! \u00bfTe imaginas esto? \u00a1Khan Younis est\u00e1 completamente destruido! Ya no tiene servicios; era una de las regiones de donde se hab\u00eda ordenado a la gente que se marchara y donde se hab\u00edan producido los bombardeos m\u00e1s masivos.<\/p>\n\n\n\n<p>Por lo tanto, es absolutamente c\u00ednico y es la m\u00e1xima guerra psicol\u00f3gica adem\u00e1s de la masacre que est\u00e1 teniendo lugar. Entonces, a la luz de todo eso, creo que la suspensi\u00f3n de estos env\u00edos de armas no es en absoluto adecuada.<\/p>\n\n\n\n<p>SCHLANGER: Aqu\u00ed hay una pregunta de alguien que se describi\u00f3 a s\u00ed misma como alguien que hab\u00eda sido una \u201cc\u00ednica deprimida\u201d hasta que vio las protestas en las universidades estadounidenses. Por eso escribe: \u201cMis amigos me dicen que estas protestas est\u00e1n orquestadas por Soros y el FBI, como parte de un escenario de caos para desviar la atenci\u00f3n de las matanzas que contin\u00faan en Gaza. Pero me conmovi\u00f3 lo que Alastair Crooke le dijo al juez Napolitano, que estaba impresionado por la empat\u00eda mostrada por los manifestantes hacia las v\u00edctimas de la agresi\u00f3n israel\u00ed\u201d. Entonces ella pregunta: \u201c\u00bfCu\u00e1l es su opini\u00f3n sobre las protestas en el campus? \u00bfSe est\u00e1n extendiendo por Europa? \u00bfTienen posibilidades de cambiar la pol\u00edtica de Estados Unidos?<\/p>\n\n\n\n<p>ZEPP-LAROUCHE: Bueno, s\u00ed. Se est\u00e1n extendiendo a Europa, ya han surgido en la Sorbona y en otras universidades francesas. Aparecieron en la Universidad Libre de Berl\u00edn, donde los estudiantes montaron un campamento y la polic\u00eda entr\u00f3 como lo hab\u00eda hecho en Estados Unidos. Pero, luego, muy importante, fue un comunicado emitido por varios profesores universitarios defendiendo el derecho de los estudiantes a expresar su opini\u00f3n. Y creo que esto es muy, muy importante. Asimismo, hab\u00eda muchos profesores en Estados Unidos defendiendo a los estudiantes.<\/p>\n\n\n\n<p>Creo que lo que est\u00e1 pasando aqu\u00ed es que obviamente los j\u00f3venes&#8230; \u00a1hay algo bueno en los j\u00f3venes, que en la mayor\u00eda de los casos todav\u00eda no est\u00e1n mimados! Todav\u00eda sienten lo que es justo y lo que es correcto, y creo que la presente protesta no tiene nada que ver con el antisemitismo. Este es un esfuerzo muy repugnante para discriminar a estos estudiantes, porque hay muchos jud\u00edos entre ellos, tanto dentro de Israel como tambi\u00e9n dentro de Estados Unidos, que est\u00e1n igualmente consternados por lo que ven proveniente de Netanyahu. Netanyahu no es igual al \u201cjuda\u00edsmo\u201d, \u00a1eso es simplemente una completa invenci\u00f3n de los medios! Lo que est\u00e1 pasando son los establishments occidentales, pero obviamente la administraci\u00f3n Biden, est\u00e1n horrorizados de que toda su narrativa proisrael\u00ed se est\u00e9 desmoronando, de que est\u00e9n perdiendo el control. Hubo encuestas extremadamente importantes en Estados Unidos, donde el 50% de todos los j\u00f3venes entre 18 y 29 a\u00f1os est\u00e1n convencidos de que lo que Israel est\u00e1 haciendo en Gaza es un genocidio, y est\u00e1n muy molestos por ello. Y dado que Estados Unidos tiene un a\u00f1o electoral, y en las \u00faltimas elecciones, la generaci\u00f3n m\u00e1s joven fue un factor importante en la elecci\u00f3n de Biden; y si tiene que temer que ese factor est\u00e9 desapareciendo, es por eso que est\u00e1n tomando medidas dr\u00e1sticas con tanta brutalidad, \u00a1y deja claro al mundo entero que la Constituci\u00f3n de los Estados Unidos est\u00e1 en juego! Porque hay una que es m\u00e1s fuerte en Estados Unidos que en casi cualquier otro lugar, y es la Primera Enmienda: el derecho a la libertad de expresi\u00f3n, el derecho de reuni\u00f3n, el derecho a expresar su opini\u00f3n. Y si esos derechos est\u00e1n siendo aplastados, \u00bfqu\u00e9 pasa entonces con la famosa \u201cdemocracia\u201d? \u00bfQu\u00e9 pasa con el famoso \u201corden basado en reglas\u201d? Todo eso se va por la ventana.<\/p>\n\n\n\n<p>Entonces, lo que en realidad est\u00e1 sucediendo es que toda la narrativa sobre lo que representa Occidente se va por el desag\u00fce con esta represi\u00f3n policial, y creo que el hecho de que los estudiantes y otros j\u00f3venes no est\u00e9n de acuerdo con eso es, en realidad, la \u00fanica esperanza para la humanidad. que Estados Unidos volviera a su mente razonable.<\/p>\n\n\n\n<p>SCHLANGER: Ahora, aqu\u00ed hay una pregunta de un activista pol\u00edtico en Alemania, que se refiere a las pr\u00f3ximas elecciones al Parlamento de la UE en junio. Pregunta: \u00ab\u00bfCree usted que algo podr\u00eda ocurrir en algunos de los pa\u00edses europeos, como en las elecciones de George Galloway en el Reino Unido, donde hay una ruptura total con los partidos mayoritarios?\u00bb<\/p>\n\n\n\n<p>ZEPP-LAROUCHE: Creo que s\u00ed. Es muy interesante que Galloway tenga todo un movimiento de candidatos, no recuerdo el n\u00famero absoluto, pero es muy grande, tal vez hasta 200 aproximadamente. Y todos ellos tienen como punto n\u00famero uno de su programa electoral a Gaza y detener el genocidio en Gaza. Y dado que en Gran Breta\u00f1a hab\u00eda cientos de miles de personas manifest\u00e1ndose, puedo imaginar muy bien que esto provocar\u00e1 un terremoto, no s\u00f3lo en Gran Breta\u00f1a, sino tambi\u00e9n, con suerte, en algunos pa\u00edses de la UE.<\/p>\n\n\n\n<p>SCHLANGER: \u00a1Esperemos que s\u00ed! He aqu\u00ed una pregunta de un profesor de m\u00fasica jubilado, que escribi\u00f3: \u201cS\u00f3lo una nota para agradecerle\u201d, refiri\u00e9ndose a m\u00ed, \u201cpor su sugerencia de ayer en su Actualizaci\u00f3n Diaria de que la gente deber\u00eda escuchar la&nbsp;<em>Novena Sinfon\u00eda<\/em>&nbsp;de Beethoven \u201d, en conmemoraci\u00f3n de su 200.\u00ba aniversario. aniversario de su estreno en Viena. Ella dijo: \u201cNo pude dejar de llorar durante el cuarto movimiento. Qu\u00e9 hermoso el mensaje de Beethoven y Schiller. En mi humilde opini\u00f3n, la cultura puede ayudar a cerrar la brecha entre diferentes naciones. Helga, me gustar\u00eda escuchar tu opini\u00f3n sobre eso\u201d.<\/p>\n\n\n\n<p>ZEPP-LAROUCHE: Bueno, no podr\u00eda estar m\u00e1s de acuerdo contigo. Beethoven y Schiller son para m\u00ed (y no s\u00f3lo para m\u00ed, estoy seguro) los gigantes de lo que amo de Alemania, de lo que amo de la cultura cl\u00e1sica. Y creo que ambos son los mejores en su campo. S\u00e9 que hay gente que no est\u00e1 de acuerdo con eso, pero si escuchas mucho a Beethoven, es lo mejor que puedes hacer para tu alma y tu coraz\u00f3n, y Schiller tambi\u00e9n: Estos dos gigantes de los cl\u00e1sicos alemanes, tienen un poder curativo, porque devuelven al universo su forma, lo hacen lucir hermoso otra vez y te llevan a este reino de ideal, que es tan diferente de la realidad que enfrentamos actualmente, pero que ayuda a elevarte. Y esa es la mentalidad que necesitas para lidiar con las cosas horribles que suceden en el mundo hoy.<\/p>\n\n\n\n<p>Creo que los valores, la imagen del hombre expresada por Schiller, que quiere que el hombre sea un alma bella, por Beethoven, que tiene una idea absolutamente rigurosa de lo que es el genio, es decir, que es m\u00e1s importante ba\u00f1arse, posiblemente todos los d\u00edas, para supere este per\u00edodo e insp\u00edrese para ser tan creativo que pueda encontrar enfoques sobre c\u00f3mo lidiar con los problemas que nos rodean.<\/p>\n\n\n\n<p>As\u00ed que estoy totalmente de acuerdo. Y realmente deber\u00edamos volver a los valores de estos dos gigantes.<\/p>\n\n\n\n<p>SCHLANGER: Aqu\u00ed hay un comentario que acabamos de recibir de Louisa, quien dice: \u00abEste es un momento triste, cuando los medios son c\u00f3mplices del genocidio b\u00e1rbaro y salvaje\u00bb, y ella pregunta: \u00ab\u00bfC\u00f3mo solucionar este problema de los medios?\u00bb. ?\u201d<\/p>\n\n\n\n<p>ZEPP-LAROUCHE: Bueno, tengo buenas noticias para usted: porque nosotros, el movimiento LaRouche, hemos estado publicando durante 50 a\u00f1os&nbsp;<em>Executive Intelligence Review<\/em>&nbsp;. Esta es una revista que tiene una gran reputaci\u00f3n en el mundo, la leen muchos parlamentarios de muchos pa\u00edses y desde hace 6 o 7 a\u00f1os hemos producido una&nbsp;<em>Alerta Diaria<\/em>&nbsp;. Este es un bolet\u00edn muy singular, porque no es s\u00f3lo una colecci\u00f3n de hechos y noticias y dem\u00e1s, sino que es el an\u00e1lisis resumido que refleja la experiencia de 50 a\u00f1os de nuestro movimiento que fue iniciado por mi difunto esposo, Lyndon LaRouche, quien como usted Tal vez lo sepas, desarroll\u00f3 un m\u00e9todo cient\u00edfico \u00fanico y espec\u00edfico que influy\u00f3 e inspir\u00f3 el tipo de an\u00e1lisis que est\u00e1n realizando nuestros editores. Y se puede obtener cada d\u00eda una estimaci\u00f3n de c\u00f3mo ha cambiado la situaci\u00f3n estrat\u00e9gica de ayer a hoy. Le sugerir\u00eda que obtenga una suscripci\u00f3n gratuita de cuatro semanas, la mire, la compare con otros boletines y estoy bastante seguro de que quedar\u00e1 absolutamente impresionado por lo incre\u00edblemente \u00fanico que es. Porque no s\u00f3lo analiza hechos y acontecimientos, sino que muestra tendencias hacia las soluciones; siempre muestra d\u00f3nde est\u00e1 la salida.<\/p>\n\n\n\n<p>Entonces, creo que construir esta alerta estrat\u00e9gica como una alternativa a los medios de comunicaci\u00f3n es lo m\u00e1s eficiente que se puede hacer.<\/p>\n\n\n\n<p>SCHLANGER: Aqu\u00ed hay una pregunta que acaba de llegar. La persona escribi\u00f3: \u201cNo soy partidario de la guerra de Ucrania. Considero que su continuaci\u00f3n es un acto de locura. \u00bfPero no cree que es imprudente por parte de Putin proceder con ejercicios nucleares t\u00e1cticos y anunciarlos p\u00fablicamente?<\/p>\n\n\n\n<p>ZEPP-LAROUCHE: Bueno, entonces preg\u00fantese: \u00bfqu\u00e9 acciones imprudentes han llevado a Putin a decir eso? Putin, y Rusia en general, han dejado muy claro cu\u00e1l es la l\u00ednea roja para que utilicen armas nucleares. Lo han dicho, por escrito y de palabra, muchas, muchas veces, que s\u00f3lo utilizar\u00e1n armas nucleares cuando la existencia f\u00edsica del territorio de Rusia est\u00e9 amenazada. Ahora, ese es su derecho, y mientras estemos en el reino demente de tener industrias de armas con el potencial de matarse entre s\u00ed 100 veces, tendremos doctrinas nucleares de ese tipo. Y si nos fijamos en la doctrina de la OTAN, \u00a1la doctrina estadounidense ni siquiera excluye el primer uso de armas nucleares! \u00bfQu\u00e9 hay sobre eso? \u00bfPor qu\u00e9 no se habla de eso?<\/p>\n\n\n\n<p>Entonces, cuando tenemos esto, lo que mencion\u00e9 antes, el anuncio de Putin de ensayar el uso de armas nucleares t\u00e1cticas&nbsp;<em>en respuesta<\/em>&nbsp;a lo que dijo Macron, lo que dijo Cameron, lo que dijo Hakeem Jeffries, el despliegue de F-16, todos estos \u00a1Los despliegues militares significan una amenaza a la existencia f\u00edsica de Rusia!<\/p>\n\n\n\n<p>\u00bfCu\u00e1l es entonces la gran sorpresa?<\/p>\n\n\n\n<p>Eso es lo que creo que la gente debe tener en cuenta, que la causa y el efecto suceden. Estamos en un universo racional, donde, si haces una cosa, debes esperar que el resultado sea la siguiente. Entonces, la manera de detener esto no es enojarse por Putin, sino estar molesto por los l\u00edderes occidentales que obviamente&#8230; \u00bfhan o\u00eddo, en alg\u00fan momento, a estas personas hablar de una soluci\u00f3n diplom\u00e1tica? \u00a1No! Lo que hicieron, en marzo de 2022, entre Ucrania y Rusia era que hab\u00eda un acuerdo que funcionaba perfectamente para poner fin a la guerra, despu\u00e9s de b\u00e1sicamente cuatro semanas, con la mediaci\u00f3n de T\u00fcrkiye. En Estambul ten\u00edan listo un acuerdo, listo para ser firmado, para detener esta guerra, que en ese momento era una operaci\u00f3n militar especial limitada. \u00bfY que pasa? Esta otra persona de Gran Breta\u00f1a, Boris Johnson, vol\u00f3 a Kiev y le dijo a Zelenskyy: \u201cContin\u00faa la guerra, te respaldaremos plenamente\u201d. Entonces, todas las personas que han muerto mientras tanto, \u00bfpara qu\u00e9? Para llenar los bolsillos del complejo militar-industrial. \u00a1Ahora sus supervivientes pueden acudir a Boris Johnson y agradecerle por ello!<\/p>\n\n\n\n<p>\u00a1Tiene que haber un final! Y tenemos que volver a la diplomacia y negociar una soluci\u00f3n. Y ahora tenemos el&nbsp;<a href=\"https:\/\/www.fmprc.gov.cn\/eng\/wjdt_665385\/2649_665393\/202302\/t20230224_11030713.html\" rel=\"noreferrer noopener\" target=\"_blank\">programa chino de 12 puntos<\/a>&nbsp;, que est\u00e1 muy activo y sobre la mesa, y que s\u00ed incluye a Rusia. Y si no incluimos a Rusia, olv\u00eddenlo, no habr\u00e1 soluci\u00f3n. \u00bfC\u00f3mo puedes pensar que podr\u00edas tener una soluci\u00f3n sin uno de los bandos involucrados en la guerra? Por eso la pr\u00f3xima conferencia en Suiza es una empresa in\u00fatil, porque no incluye a Rusia. Pero la propuesta china est\u00e1 sobre la mesa y debe implementarse de inmediato, y los l\u00edderes europeos deben ser confrontados: \u00bfpor qu\u00e9 no intentan poner fin a una guerra que corre el riesgo de escalar hasta convertirse en la Tercera Guerra Mundial?<\/p>\n\n\n\n<p>SCHLANGER: Tengo una pregunta m\u00e1s aqu\u00ed. Alguien escribe: \u201cNo he o\u00eddo nada nuevo sobre la expansi\u00f3n de los BRICS. \u00bfTiene alguna actualizaci\u00f3n sobre los nuevos miembros de BRICS? \u00bfSe est\u00e1n integrando plenamente en los BRICS? \u00bfSon ahora miembros de pleno derecho?<\/p>\n\n\n\n<p>ZEPP-LAROUCHE: Hay mucha actividad diplom\u00e1tica en marcha. Obviamente, hay un enorme ataque contra algunos pa\u00edses que quieren o quer\u00edan ser parte de los BRICS. Por ejemplo, Argentina est\u00e1 siendo absolutamente desmantelada ahora mismo, con este extra\u00f1o presidente Javier Milei, pero tambi\u00e9n se est\u00e1 desarrollando una gran oposici\u00f3n en su contra. Entonces, Egipto est\u00e1 bajo un tremendo ataque por parte del FMI. Etiop\u00eda tambi\u00e9n. En Sud\u00e1frica habr\u00e1 elecciones y existe una gran preocupaci\u00f3n sobre el resultado de ellas. Entonces, no es un proceso f\u00e1cil.<\/p>\n\n\n\n<p>Por otro lado, si escuchas declaraciones provenientes de otros pa\u00edses, como Nigeria, o naciones de \u00c1frica occidental, o Indonesia, o muchos, muchos otros, todos quieren ser parte del BRICS-Plus, y en total hay 40 m\u00e1s. pa\u00edses que est\u00e1n solicitando convertirse en miembros. As\u00ed que espero que este proceso se acelere a lo largo del a\u00f1o y para la pr\u00f3xima cumbre de los BRICS en octubre. Del 22 al 24 en Kaz\u00e1n, Rusia, espero que haya una lista mucho mayor de pa\u00edses que se unir\u00e1n.<\/p>\n\n\n\n<p>SCHLANGER: En realidad, acabamos de recibir otra pregunta para ti, Helga, de alguien que respondi\u00f3 a lo que dijiste antes. \u201c\u00bfCu\u00e1l fue el punto de que Ursula von der Leyen\u201d, a quien llam\u00f3 \u201cvon der Crazy\u201d, \u201cestara en estas reuniones?\u201d<\/p>\n\n\n\n<p>ZEPP-LAROUCHE: Quiero decir, obviamente, dada la posici\u00f3n de Ursula von der Leyen, esta mujer fue extremadamente mala como Ministra de Defensa de Alemania; casi arruin\u00f3 al ej\u00e9rcito alem\u00e1n por s\u00ed sola. Luego se convirti\u00f3 en presidenta de la Comisi\u00f3n de la UE. Y ella simplemente no conoce ning\u00fan trabajo que hacer bien. Ella no est\u00e1 actuando en inter\u00e9s de los estados miembros europeos, y ahora hay importantes mociones para sacarla de esta posici\u00f3n, que s\u00f3lo puedo esperar que tengan \u00e9xito. Sin embargo, el probable sucesor ser\u00eda Mario Draghi, y de esa manera, como se dice en alem\u00e1n \u201c&nbsp;<em>vom Regen in die Traufe<\/em>&nbsp;\u201d [de mal en peor, de la sart\u00e9n al fuego], las cosas no van a mejorar. .<\/p>\n\n\n\n<p>Creo que Macron s\u00ed&#8230; no s\u00e9 si fue idea suya. Despu\u00e9s de haber iniciado la idea de que von der Leyen se convirtiera en presidente de la Comisi\u00f3n de la UE, Macron no siempre es muy coherente en lo que est\u00e1 haciendo. Por un lado, quiere tener relaciones con China, pero probablemente la ten\u00eda all\u00ed como contrapeso. Creo que son s\u00f3lo juegos est\u00fapidos.<\/p>\n\n\n\n<p>Y creo que las naciones europeas deber\u00edan volver a la tradici\u00f3n de De Gaulle, deber\u00edan reclamar su independencia, no deber\u00edan ser arrastradas a la Tercera Guerra Mundial por la anglosfera, y cuanto m\u00e1s los pa\u00edses europeos comiencen a afirmar su independencia y su soberan\u00eda, el mejor. Y se\u00f1ora von der Leyen, lamentablemente no es \u00fatil si quiere ir en esa direcci\u00f3n.<\/p>\n\n\n\n<p>SCHLANGER: Bueno, Helga, esas son todas las preguntas que tengo. Espero que la gente tome en serio su propuesta de registrarse para recibir la suscripci\u00f3n gratuita a&nbsp;<em>Daily Alert<\/em>&nbsp;. \u00bfAlgunas palabras finales tuyas?<\/p>\n\n\n\n<p>ZEPP-LAROUCHE: Estamos en un momento incre\u00edblemente peligroso y me gustar\u00eda que la gente realmente pensara: \u00bfd\u00f3nde estamos en t\u00e9rminos del peligro de una Tercera Guerra Mundial? Porque s\u00f3lo si reconoces que esto podr\u00eda suceder y eliminar\u00eda todo lo que la humanidad ha producido hasta ahora: es decir, estamos hablando de la&nbsp;<em>Novena Sinfon\u00eda<\/em>&nbsp;de Beethoven : \u00a1esa hermosa sinfon\u00eda y todas las dem\u00e1s cosas producidas por la creatividad humana desaparecer\u00edan! \u00bfNi siquiera quedar\u00eda un historiador para investigar por qu\u00e9 sucedi\u00f3 esto? Y para m\u00ed, esa idea de que&nbsp;<em>todo lo<\/em>&nbsp;que la humanidad ha producido est\u00e1 en juego por personas imprudentes, que simplemente contin\u00faan jugando sus juegos geopol\u00edticos por poder, dinero, control, privilegios, eso tiene que ser detenido. Y tenemos que tener un cambio dram\u00e1tico en la orientaci\u00f3n estrat\u00e9gica, raz\u00f3n por la cual propongo que esta arquitectura internacional de seguridad y desarrollo se ponga sobre la mesa lo m\u00e1s r\u00e1pido posible.<\/p>\n\n\n\n<p>SCHLANGER: Muchas gracias por acompa\u00f1arnos esta semana y nos vemos la pr\u00f3xima semana, Helga.<\/p>\n\n\n\n<p>ZEPP-LAROUCHE: S\u00ed, hasta la pr\u00f3xima semana.<\/p>\n\n\n\n<p>Aqu\u00ed el video integro:<\/p>\n\n\n\n<figure class=\"wp-block-embed is-type-video is-provider-youtube wp-block-embed-youtube wp-embed-aspect-16-9 wp-has-aspect-ratio\"><div class=\"wp-block-embed__wrapper\">\n<iframe title=\"Xi Meets Macron -- New Peace Offensive Possible?\" width=\"1170\" height=\"658\" src=\"https:\/\/www.youtube.com\/embed\/iXoG6gBWkHU?feature=oembed\" frameborder=\"0\" allow=\"accelerometer; autoplay; clipboard-write; encrypted-media; gyroscope; picture-in-picture; web-share\" referrerpolicy=\"strict-origin-when-cross-origin\" allowfullscreen><\/iframe>\n<\/div><\/figure>\n","protected":false},"excerpt":{"rendered":"<p>Webcast&nbsp;con&nbsp;Helga Zepp-LaRouche&nbsp;, fundadora y presidenta del Instituto Schiller Mayo de 2024 HARLEY SCHLANGER: Hola y&hellip;<\/p>\n","protected":false},"author":2,"featured_media":65819,"comment_status":"open","ping_status":"open","sticky":false,"template":"","format":"standard","meta":{"footnotes":""},"categories":[78,52],"tags":[],"class_list":["post-66743","post","type-post","status-publish","format-standard","has-post-thumbnail","hentry","category-eirns","category-internacionales"],"_links":{"self":[{"href":"https:\/\/eldiarioantillano.com\/uno\/wp-json\/wp\/v2\/posts\/66743","targetHints":{"allow":["GET"]}}],"collection":[{"href":"https:\/\/eldiarioantillano.com\/uno\/wp-json\/wp\/v2\/posts"}],"about":[{"href":"https:\/\/eldiarioantillano.com\/uno\/wp-json\/wp\/v2\/types\/post"}],"author":[{"embeddable":true,"href":"https:\/\/eldiarioantillano.com\/uno\/wp-json\/wp\/v2\/users\/2"}],"replies":[{"embeddable":true,"href":"https:\/\/eldiarioantillano.com\/uno\/wp-json\/wp\/v2\/comments?post=66743"}],"version-history":[{"count":1,"href":"https:\/\/eldiarioantillano.com\/uno\/wp-json\/wp\/v2\/posts\/66743\/revisions"}],"predecessor-version":[{"id":66744,"href":"https:\/\/eldiarioantillano.com\/uno\/wp-json\/wp\/v2\/posts\/66743\/revisions\/66744"}],"wp:featuredmedia":[{"embeddable":true,"href":"https:\/\/eldiarioantillano.com\/uno\/wp-json\/wp\/v2\/media\/65819"}],"wp:attachment":[{"href":"https:\/\/eldiarioantillano.com\/uno\/wp-json\/wp\/v2\/media?parent=66743"}],"wp:term":[{"taxonomy":"category","embeddable":true,"href":"https:\/\/eldiarioantillano.com\/uno\/wp-json\/wp\/v2\/categories?post=66743"},{"taxonomy":"post_tag","embeddable":true,"href":"https:\/\/eldiarioantillano.com\/uno\/wp-json\/wp\/v2\/tags?post=66743"}],"curies":[{"name":"wp","href":"https:\/\/api.w.org\/{rel}","templated":true}]}}