{"id":66733,"date":"2024-05-11T00:01:00","date_gmt":"2024-05-11T04:01:00","guid":{"rendered":"https:\/\/eldiarioantillano.com\/uno\/?p=66733"},"modified":"2024-05-10T20:42:28","modified_gmt":"2024-05-11T00:42:28","slug":"las-quejas-sobre-el-discurrir-de-la-campana-electoral","status":"publish","type":"post","link":"https:\/\/eldiarioantillano.com\/uno\/2024\/05\/11\/las-quejas-sobre-el-discurrir-de-la-campana-electoral\/","title":{"rendered":"Las quejas sobre el discurrir de la campa\u00f1a electoral"},"content":{"rendered":"\n<p>Por C\u00c9SAR P\u00c9REZ<\/p>\n\n\n\n<p>Las quejas sobre el contenido, la forma y el discurrir de la presente campa\u00f1a electoral son tan diversas como diversos los sectores que las formulan. Entre los lamentos prevalece el car\u00e1cter poco diferenciador de las propuestas de los principales candidatos presidenciales, la abismal diferencia en cuanto a la intenci\u00f3n de votos que, seg\u00fan las encuestas, separan quien est\u00e1 primero de los dem\u00e1s contendientes y la limitada intensidad de las actividades proselitistas de las colectividades y de los candidatos en liza. Si bien estas cuestiones son importantes a la hora de valorar el discurrir de la campa\u00f1a, habr\u00eda que tomar en cuenta otras que, presentes en ella, son claves para el futuro inmediato y mediato de esta sociedad.<\/p>\n\n\n\n<p>Con relaci\u00f3n al tema de las propuestas, se ha dicho de m\u00faltiples formas que estamos ante la situaci\u00f3n de tener un presidente que busca la reelecci\u00f3n, por lo cual es l\u00f3gico que sus propuestas descansen esencialmente en lo que entiende los logros de su gesti\u00f3n, la profundizaci\u00f3n de estos y de nuevas realizaciones. La oposici\u00f3n, dividida en su aparente unidad, se limita a la negaci\u00f3n y cr\u00edtica a los argumentos base del presidente\/candidato. No tiene propuestas unificadas ni sustancialmente diferenciadoras. Los debates en que los candidatos presentaron sus ofertas al electorado, por su formato orientado a no hacer preguntas punzantes que molestasen a los candidatos (expresi\u00f3n del conservadurismo de sus organizadores), no ayudaron sustancialmente a definiciones sobre algunos temas cruciales.\u00a0<\/p>\n\n\n\n<p>El posicionamiento de los aspirantes en cuanto a intenci\u00f3n de votos (mucho a poco a favor de uno) seg\u00fan las encuestas, indiscutiblemente, impide el fervor que concita una polarizaci\u00f3n de las fuerzas de los postulantes y\/o colectividades en liza. Esos factores contribuyen a esa forma y contenido \u201csoso\u201d de esta campa\u00f1a que desde diversos litorales, incluyendo el oficial, motiva la queja de muchos. Sin embargo, para que una campa\u00f1a sea un efectivo escenario para un debate donde se presenten proyectos de sociedad claramente diferenciadores es necesario que en estos participen fuerzas con ideas nuevas y con capacidad de que estas sean asumidas por un significativo n\u00famero de personas para defenderlas, en breve, que marquen claras diferencias. Aqu\u00ed, ese no es el caso.\u00a0<\/p>\n\n\n\n<p>En los sectores donde m\u00e1s agudo es el lamento es en aquellos que se asumen progresistas. La propensi\u00f3n a la fragmentaci\u00f3n y peleas entre esos sectores es proverbial en el mundo, pero aqu\u00ed a veces se llega a extremos inveros\u00edmiles. Algunos, con extrema debilidad, participan solos, unos aliados con partido oficial y otros con partidos de la oposici\u00f3n, un archipi\u00e9lago de ellos sataniza las elecciones en nuestro pa\u00eds, aunque la celebran en otros donde grupos progresistas logran buenos resultados y sobre todo cuando a trav\u00e9s de ellas logran importantes conquistas en los poderes del Estado. D\u00e9biles, divididos y sin ideas, los sectores progresistas o de izquierda, est\u00e1n esencialmente fuera de la campa\u00f1a y esta discurre repiti\u00e9ndose en una sola nota. Como el Bolero de Ravel.<\/p>\n\n\n\n<p>Lo peor de todo es que, sin presencia de las ideas de esa componente pol\u00edtica en esta campa\u00f1a, algunos grup\u00fasculos de extrema derecha que marginalmente participan de ella se constituyen bocinas amplificadoras de ideas, solo que estas son de contenido injurioso, infamante y de odio contra migrantes, grupos feministas y contra toda idea de libertad de culto, opci\u00f3n sexual y familiar de varios colectivos, de pe\u00f1as, de opinadores enquistados en los medios televisivos, radiales y de redes sociales, como expresi\u00f3n dominicana de la internacional ultraderechista. Son grup\u00fasculos electoralmente insignificantes, solo la patol\u00f3gica megaloman\u00eda de sus candidatos los hace pensar que significan algo, pero son bocinas del trumpismo, el putinismo, el bukelismo, de la intolerancia, el racismo y del neonazi\/fascismo.<\/p>\n\n\n\n<p>La cantaleta de esa bocina que se oye en todo el mundo, algunos la usan aqu\u00ed en programas radiales de importante audiencia, en las redes sociales y en otros espacios. Son los altoparlantes que propagan algunas ideas que ponen en peligro la democracia en esta parte del mundo, son medios a trav\u00e9s de los cuales se difunde el miedo, los fantasmag\u00f3ricos \u201ccomplots\u201d internacionales contra la familia, la patria etc., los que niegan el cambio clim\u00e1tico y ocultan los asesinatos de los ambientalistas que defienden la naturaleza de la depredaci\u00f3n que contra ella cometen determinadas multinacionales. En esta campa\u00f1a, a falta de ideas, los sectores progresistas, candidatos marginales difunden la ilusi\u00f3n del \u201corden perfecto\u201d, el mito de la seguridad, el que \u201ccon Trujillo hab\u00eda seguridad\u201d y otras f\u00e1bulas que constituyen ejes transversales de todo tipo de totalitarismo.<\/p>\n\n\n\n<p>Son estas, algunas de las cuestiones importante sobre las que debemos reflexionar no solo a prop\u00f3sito de la presente campa\u00f1a electoral, sino sobre el contexto en que discurrir\u00e1 el pr\u00f3ximo gobierno y sobre el presente y futuro de los progresistas, hoy m\u00e1s que nunca al margen de la realidad. Es una reflexi\u00f3n imprescindible para enfrentar de manera efectiva los serios desaf\u00edos pol\u00edticos, institucionales y de inclusi\u00f3n social que tenemos por delante. Por consiguiente, las quejas por la forma y contenido de estas campa\u00f1as son inconducentes si no hay cambio de actitud en la forma de hacer pol\u00edtica y si no creamos real y colectivamente las ideas de la sociedad que queremos.<\/p>\n","protected":false},"excerpt":{"rendered":"<p>Por C\u00c9SAR P\u00c9REZ Las quejas sobre el contenido, la forma y el discurrir de la&hellip;<\/p>\n","protected":false},"author":2,"featured_media":63777,"comment_status":"open","ping_status":"open","sticky":false,"template":"","format":"standard","meta":{"footnotes":""},"categories":[71,55,51],"tags":[],"class_list":["post-66733","post","type-post","status-publish","format-standard","has-post-thumbnail","hentry","category-cesar-perez","category-nacionales","category-opinion"],"_links":{"self":[{"href":"https:\/\/eldiarioantillano.com\/uno\/wp-json\/wp\/v2\/posts\/66733","targetHints":{"allow":["GET"]}}],"collection":[{"href":"https:\/\/eldiarioantillano.com\/uno\/wp-json\/wp\/v2\/posts"}],"about":[{"href":"https:\/\/eldiarioantillano.com\/uno\/wp-json\/wp\/v2\/types\/post"}],"author":[{"embeddable":true,"href":"https:\/\/eldiarioantillano.com\/uno\/wp-json\/wp\/v2\/users\/2"}],"replies":[{"embeddable":true,"href":"https:\/\/eldiarioantillano.com\/uno\/wp-json\/wp\/v2\/comments?post=66733"}],"version-history":[{"count":1,"href":"https:\/\/eldiarioantillano.com\/uno\/wp-json\/wp\/v2\/posts\/66733\/revisions"}],"predecessor-version":[{"id":66734,"href":"https:\/\/eldiarioantillano.com\/uno\/wp-json\/wp\/v2\/posts\/66733\/revisions\/66734"}],"wp:featuredmedia":[{"embeddable":true,"href":"https:\/\/eldiarioantillano.com\/uno\/wp-json\/wp\/v2\/media\/63777"}],"wp:attachment":[{"href":"https:\/\/eldiarioantillano.com\/uno\/wp-json\/wp\/v2\/media?parent=66733"}],"wp:term":[{"taxonomy":"category","embeddable":true,"href":"https:\/\/eldiarioantillano.com\/uno\/wp-json\/wp\/v2\/categories?post=66733"},{"taxonomy":"post_tag","embeddable":true,"href":"https:\/\/eldiarioantillano.com\/uno\/wp-json\/wp\/v2\/tags?post=66733"}],"curies":[{"name":"wp","href":"https:\/\/api.w.org\/{rel}","templated":true}]}}