{"id":66541,"date":"2024-04-29T19:50:00","date_gmt":"2024-04-29T23:50:00","guid":{"rendered":"https:\/\/eldiarioantillano.com\/uno\/?p=66541"},"modified":"2024-04-29T19:50:01","modified_gmt":"2024-04-29T23:50:01","slug":"constructores-de-santiago-celebran-su-dia-y-rinden-homenaje-a-los-panfleteros","status":"publish","type":"post","link":"https:\/\/eldiarioantillano.com\/uno\/2024\/04\/29\/constructores-de-santiago-celebran-su-dia-y-rinden-homenaje-a-los-panfleteros\/","title":{"rendered":"Constructores de Santiago celebran su d\u00eda y rinden homenaje a Los Panfleteros"},"content":{"rendered":"\n<p>Integrantes del Sindicato Unido de Trabadores de la Construcci\u00f3n del Cibao celebraron su d\u00eda, reclamando mejores condiciones laborales; y rindieron homenaje a los j\u00f3venes antitrujillistas conocidos como Los Panfleteros, asesinados por la tiran\u00eda.\u00a0<\/p>\n","protected":false},"excerpt":{"rendered":"<p>Integrantes del Sindicato Unido de Trabadores de la Construcci\u00f3n del Cibao celebraron su d\u00eda, reclamando&hellip;<\/p>\n","protected":false},"author":2,"featured_media":66542,"comment_status":"open","ping_status":"open","sticky":false,"template":"","format":"standard","meta":{"footnotes":""},"categories":[55],"tags":[],"class_list":["post-66541","post","type-post","status-publish","format-standard","has-post-thumbnail","hentry","category-nacionales"],"_links":{"self":[{"href":"https:\/\/eldiarioantillano.com\/uno\/wp-json\/wp\/v2\/posts\/66541","targetHints":{"allow":["GET"]}}],"collection":[{"href":"https:\/\/eldiarioantillano.com\/uno\/wp-json\/wp\/v2\/posts"}],"about":[{"href":"https:\/\/eldiarioantillano.com\/uno\/wp-json\/wp\/v2\/types\/post"}],"author":[{"embeddable":true,"href":"https:\/\/eldiarioantillano.com\/uno\/wp-json\/wp\/v2\/users\/2"}],"replies":[{"embeddable":true,"href":"https:\/\/eldiarioantillano.com\/uno\/wp-json\/wp\/v2\/comments?post=66541"}],"version-history":[{"count":1,"href":"https:\/\/eldiarioantillano.com\/uno\/wp-json\/wp\/v2\/posts\/66541\/revisions"}],"predecessor-version":[{"id":66543,"href":"https:\/\/eldiarioantillano.com\/uno\/wp-json\/wp\/v2\/posts\/66541\/revisions\/66543"}],"wp:featuredmedia":[{"embeddable":true,"href":"https:\/\/eldiarioantillano.com\/uno\/wp-json\/wp\/v2\/media\/66542"}],"wp:attachment":[{"href":"https:\/\/eldiarioantillano.com\/uno\/wp-json\/wp\/v2\/media?parent=66541"}],"wp:term":[{"taxonomy":"category","embeddable":true,"href":"https:\/\/eldiarioantillano.com\/uno\/wp-json\/wp\/v2\/categories?post=66541"},{"taxonomy":"post_tag","embeddable":true,"href":"https:\/\/eldiarioantillano.com\/uno\/wp-json\/wp\/v2\/tags?post=66541"}],"curies":[{"name":"wp","href":"https:\/\/api.w.org\/{rel}","templated":true}]}}