{"id":66471,"date":"2024-04-26T00:00:00","date_gmt":"2024-04-26T04:00:00","guid":{"rendered":"https:\/\/eldiarioantillano.com\/uno\/?p=66471"},"modified":"2024-04-25T21:14:04","modified_gmt":"2024-04-26T01:14:04","slug":"circula-libro-propuestas-para-transformar-la-sociedad-dominicana","status":"publish","type":"post","link":"https:\/\/eldiarioantillano.com\/uno\/2024\/04\/26\/circula-libro-propuestas-para-transformar-la-sociedad-dominicana\/","title":{"rendered":"Circula libro \u00abPROPUESTAS para transformar la sociedad dominicana\u00bb"},"content":{"rendered":"\n<p>Portada de la obra\u00a0<em>PROPUESTAS para transformar la sociedad dominicana<\/em>, de la autor\u00eda de Arsenio Hern\u00e1ndez Fortuna, vicepresidente del Frente Amplio; un aporte en el presente debate electoral. Est\u00e1 disponible en <a href=\"https:\/\/www.amazon.com\/-\/es\/dp\/9945188941\/\">https:\/\/www.amazon.com\/-\/es\/dp\/9945188941\/<\/a><\/p>\n","protected":false},"excerpt":{"rendered":"<p>Portada de la obra\u00a0PROPUESTAS para transformar la sociedad dominicana, de la autor\u00eda de Arsenio Hern\u00e1ndez&hellip;<\/p>\n","protected":false},"author":2,"featured_media":66472,"comment_status":"open","ping_status":"open","sticky":false,"template":"","format":"standard","meta":{"footnotes":""},"categories":[57,55,1],"tags":[],"class_list":["post-66471","post","type-post","status-publish","format-standard","has-post-thumbnail","hentry","category-montecristi","category-nacionales","category-uncategorized"],"_links":{"self":[{"href":"https:\/\/eldiarioantillano.com\/uno\/wp-json\/wp\/v2\/posts\/66471","targetHints":{"allow":["GET"]}}],"collection":[{"href":"https:\/\/eldiarioantillano.com\/uno\/wp-json\/wp\/v2\/posts"}],"about":[{"href":"https:\/\/eldiarioantillano.com\/uno\/wp-json\/wp\/v2\/types\/post"}],"author":[{"embeddable":true,"href":"https:\/\/eldiarioantillano.com\/uno\/wp-json\/wp\/v2\/users\/2"}],"replies":[{"embeddable":true,"href":"https:\/\/eldiarioantillano.com\/uno\/wp-json\/wp\/v2\/comments?post=66471"}],"version-history":[{"count":1,"href":"https:\/\/eldiarioantillano.com\/uno\/wp-json\/wp\/v2\/posts\/66471\/revisions"}],"predecessor-version":[{"id":66473,"href":"https:\/\/eldiarioantillano.com\/uno\/wp-json\/wp\/v2\/posts\/66471\/revisions\/66473"}],"wp:featuredmedia":[{"embeddable":true,"href":"https:\/\/eldiarioantillano.com\/uno\/wp-json\/wp\/v2\/media\/66472"}],"wp:attachment":[{"href":"https:\/\/eldiarioantillano.com\/uno\/wp-json\/wp\/v2\/media?parent=66471"}],"wp:term":[{"taxonomy":"category","embeddable":true,"href":"https:\/\/eldiarioantillano.com\/uno\/wp-json\/wp\/v2\/categories?post=66471"},{"taxonomy":"post_tag","embeddable":true,"href":"https:\/\/eldiarioantillano.com\/uno\/wp-json\/wp\/v2\/tags?post=66471"}],"curies":[{"name":"wp","href":"https:\/\/api.w.org\/{rel}","templated":true}]}}