{"id":66371,"date":"2024-04-20T00:00:00","date_gmt":"2024-04-20T04:00:00","guid":{"rendered":"https:\/\/eldiarioantillano.com\/uno\/?p=66371"},"modified":"2024-04-19T20:40:55","modified_gmt":"2024-04-20T00:40:55","slug":"sonia-silvestre-las-tardes-dominicanas-siguen-llorando-por-ti","status":"publish","type":"post","link":"https:\/\/eldiarioantillano.com\/uno\/2024\/04\/20\/sonia-silvestre-las-tardes-dominicanas-siguen-llorando-por-ti\/","title":{"rendered":"Sonia Silvestre: las tardes dominicanas siguen llorando por ti"},"content":{"rendered":"\n<p>Por Mariela P\u00e9rez Valenzuela<\/p>\n\n\n\n<p>Corresponsal jefe de Prensa Latina en Rep\u00fablica Dominicana<\/p>\n\n\n\n<p>Esa mujer de ojos preciosos representa la fuerza de una guerrera defensora de las causas m\u00e1s justas de Am\u00e9rica Latina, mientras deleitaba a su p\u00fablico con sentimentales baladas que hablan de amores y de olvidos y de tardes que lloran por ser abandonadas.<\/p>\n\n\n\n<p>Silvestre naci\u00f3 el 16 de agosto de 1952 en la provincia San Pedro de Macor\u00eds y fue criada en la de Hato Mayor. Cuando ten\u00eda 11 a\u00f1os de edad, su familia se traslad\u00f3 a Santo Domingo, la capital, donde a\u00f1os despu\u00e9s se convertir\u00eda en la m\u00e1s popular y querida vocalista del pa\u00eds caribe\u00f1o.<\/p>\n\n\n\n<p>Su voz melodiosa, siempre atrapada en el romanticismo, fue creando una leyenda en el p\u00fablico dominicana, tierra de famosos int\u00e9rpretes de bachatas y merengues, g\u00e9neros en los que tambi\u00e9n realiz\u00f3 incursiones con \u00e9xito.<\/p>\n\n\n\n<p>Ella devino imagen de una mujer de fuerza tel\u00farica que transmit\u00eda alegr\u00edas, pero tambi\u00e9n frustraciones, que hac\u00eda pensar en las tristezas sociales y en la b\u00fasqueda de la verdad.<\/p>\n\n\n\n<p>La vida le propuso cambios, nuevas formas de pensar y de convicciones engrandecidas por sucesos que la marcaron. Siempre mantuvo en sus canciones el amor, ese que transmit\u00eda el sentimiento de todos en una sola canci\u00f3n.<\/p>\n\n\n\n<p>La ni\u00f1a de Macor\u00eds, que empez\u00f3 su carrera art\u00edstica cantando temas publicitarios de la mano de Cecilia Garc\u00eda, desempe\u00f1\u00f3 roles estelares en el escenario nacional.<\/p>\n\n\n\n<p>M\u00e1s de un cr\u00edtico indic\u00f3 que la int\u00e9rprete de cabellos encrespados cantaba baladas si el coraz\u00f3n se lo ped\u00eda; dio melod\u00eda instrumental a la poes\u00eda; bachatera que hac\u00eda bailar en su jolgorio orquestal a un pueblo.<\/p>\n\n\n\n<p>SONIA CANT\u00d3 LO QUE SINTI\u00d3<\/p>\n\n\n\n<p>Cant\u00f3 Sonia, que paseaba con soltura diferentes ritmos, todo lo que sinti\u00f3, lo que le gustaba, lo que quiso, lo que le dol\u00eda.<\/p>\n\n\n\n<p>La muchacha en que se convirti\u00f3 se integr\u00f3 a los procesos emancipadores de los a\u00f1os 60\u2019 del pasado siglo. Escuchaba boleros, pero tambi\u00e9n a los Beatles; del son y el merengue al rock, y un d\u00eda despert\u00f3 en medio de la resistencia del pueblo dominicano a la invasi\u00f3n de Estados Unidos en 1965.<\/p>\n\n\n\n<p>La vida le impuso una nueva visi\u00f3n de la pol\u00edtica y comprendi\u00f3, con golpes duros, los abusos cometidos contra gente inocente por los marines llegados del norte.<\/p>\n\n\n\n<p>De estatura m\u00e1s bien peque\u00f1a, quien luego se convertir\u00eda en la voz de Rep\u00fablica Dominicana y del Caribe, comenz\u00f3 su carrera art\u00edstica cuando era apenas una adolescente.<\/p>\n\n\n\n<p>Estudiaba Pedagog\u00eda en la Universidad Pedro Henr\u00edquez Ure\u00f1a, cuyo nombre honra al eminente pedagogo local, cuando debut\u00f3 de manera oficial como vocalista en el programa Gente, de Radio Televisi\u00f3n Dominicana.<\/p>\n\n\n\n<p>Su consagraci\u00f3n ocurri\u00f3 cuando la famosa compositora Leonor Porchella de Brea la escogi\u00f3 para interpretar su tema \u201cD\u00f3nde podr\u00e9 gritarte que te quiero\u201d en el IV Festival de la Canci\u00f3n Dominicana, en el cual obtuvo el segundo lugar.<\/p>\n\n\n\n<p>La popularidad lleg\u00f3 de inmediato. Sus interpretaciones un\u00edan su bella voz a un sentimiento que solo suelen sentir los grandes y son capaces de transmitirlo a los p\u00fablicos.<\/p>\n\n\n\n<p>Sonia era del pueblo que la recuerda por sus grandes \u00e9xitos (La tarde est\u00e1 llorando, Yo pisar\u00e9 las calles nuevamente, Ojal\u00e1, Es mi vida) tanto en Rep\u00fablica Dominicana, donde se le considera inigualable, como en numerosos pa\u00edses de la regi\u00f3n.<\/p>\n\n\n\n<p>Consolidada su carrera en este pa\u00eds, Silvestre viaj\u00f3 a Cuba en 1973 invitada por el Consejo Nacional de Cultura y, desde entonces, la magia de la canci\u00f3n social se convirti\u00f3 en parte de su repertorio. Esa visita enriqueci\u00f3 su repertorio y dirigi\u00f3 su m\u00fasica hacia otros rec\u00f3nditos lugares de su sensibilidad.<\/p>\n\n\n\n<p>Esa vez, en La Habana, cant\u00f3 acompa\u00f1ada por su coterr\u00e1neo V\u00edctor V\u00edctor y la orquesta cubana Irakere.<\/p>\n\n\n\n<p>Desde que ella conoci\u00f3 la nueva canci\u00f3n o nueva trova cubana comprendi\u00f3 que exist\u00eda m\u00e1s all\u00e1 de las fronteras dominicanas otro quehacer musical que le dio un significado nuevo a su m\u00fasica.<\/p>\n\n\n\n<p>Sonia se convirti\u00f3 en una asidua visitante de la naci\u00f3n vecina, donde el proceso revolucionario le transmiti\u00f3 vivencias con las cuales se identific\u00f3 y comparti\u00f3.<\/p>\n\n\n\n<p>Cuando falleci\u00f3 en 2014, a los 61 a\u00f1os, hac\u00eda 40 que encantaba a los grandes p\u00fablicos. Era, entonces, una artista consagrada, sensible ante la injusticia social y con una conciencia pol\u00edtica que le hizo luchar, desde los escenarios, por los valores humanos que ella consideraba esenciales.<\/p>\n\n\n\n<p>Hasta el \u00faltimo d\u00eda de su vida, Sonia fue coherente con sus ideas y con su arte.<\/p>\n\n\n\n<p>arc\/mml\/mpv<\/p>\n","protected":false},"excerpt":{"rendered":"<p>Por Mariela P\u00e9rez Valenzuela Corresponsal jefe de Prensa Latina en Rep\u00fablica Dominicana Esa mujer de&hellip;<\/p>\n","protected":false},"author":2,"featured_media":66372,"comment_status":"open","ping_status":"open","sticky":false,"template":"","format":"standard","meta":{"footnotes":""},"categories":[63,53],"tags":[],"class_list":["post-66371","post","type-post","status-publish","format-standard","has-post-thumbnail","hentry","category-cultura","category-prensa-latina"],"_links":{"self":[{"href":"https:\/\/eldiarioantillano.com\/uno\/wp-json\/wp\/v2\/posts\/66371","targetHints":{"allow":["GET"]}}],"collection":[{"href":"https:\/\/eldiarioantillano.com\/uno\/wp-json\/wp\/v2\/posts"}],"about":[{"href":"https:\/\/eldiarioantillano.com\/uno\/wp-json\/wp\/v2\/types\/post"}],"author":[{"embeddable":true,"href":"https:\/\/eldiarioantillano.com\/uno\/wp-json\/wp\/v2\/users\/2"}],"replies":[{"embeddable":true,"href":"https:\/\/eldiarioantillano.com\/uno\/wp-json\/wp\/v2\/comments?post=66371"}],"version-history":[{"count":1,"href":"https:\/\/eldiarioantillano.com\/uno\/wp-json\/wp\/v2\/posts\/66371\/revisions"}],"predecessor-version":[{"id":66373,"href":"https:\/\/eldiarioantillano.com\/uno\/wp-json\/wp\/v2\/posts\/66371\/revisions\/66373"}],"wp:featuredmedia":[{"embeddable":true,"href":"https:\/\/eldiarioantillano.com\/uno\/wp-json\/wp\/v2\/media\/66372"}],"wp:attachment":[{"href":"https:\/\/eldiarioantillano.com\/uno\/wp-json\/wp\/v2\/media?parent=66371"}],"wp:term":[{"taxonomy":"category","embeddable":true,"href":"https:\/\/eldiarioantillano.com\/uno\/wp-json\/wp\/v2\/categories?post=66371"},{"taxonomy":"post_tag","embeddable":true,"href":"https:\/\/eldiarioantillano.com\/uno\/wp-json\/wp\/v2\/tags?post=66371"}],"curies":[{"name":"wp","href":"https:\/\/api.w.org\/{rel}","templated":true}]}}