{"id":66260,"date":"2024-04-02T23:39:00","date_gmt":"2024-04-03T03:39:00","guid":{"rendered":"https:\/\/eldiarioantillano.com\/uno\/?p=66260"},"modified":"2024-04-12T23:42:25","modified_gmt":"2024-04-13T03:42:25","slug":"igualdad-de-genero-en-republica-dominicana-2","status":"publish","type":"post","link":"https:\/\/eldiarioantillano.com\/uno\/2024\/04\/02\/igualdad-de-genero-en-republica-dominicana-2\/","title":{"rendered":"Igualdad de g\u00e9nero en Rep\u00fablica Dominicana"},"content":{"rendered":"\n<p>Por PATRICIA ARACHE<\/p>\n\n\n\n<p>El Banco Mundial comparte el estudio \u201cDiagn\u00f3stico sobre igualdad de g\u00e9nero en Rep\u00fablica Dominicana\u201d, en cuyo resumen ejecutivo afirma que los logros en materia de pobreza en las \u00faltimas d\u00e9cadas en el pa\u00eds no son proporcionales entre hombres y mujeres.<\/p>\n\n\n\n<p>Supongo que a pocos sorprende el resultado, tomando en cuenta que todav\u00eda la sociedad dominicana opera con una estructura patriarcal, en la que las mujeres ahora es que vienen abri\u00e9ndose camino, para lo cual cuentan con el apoyo (para m\u00ed, necesario) de un hombre, sin importar el nivel de relaci\u00f3n que exista entre ellos, aunque a muchas no nos guste decirlo.<\/p>\n\n\n\n<p>La preocupaci\u00f3n en torno al resultado la generan los indicadores que son tomados en cuenta para este estudio y cuya prevalencia, naturalmente, afecta m\u00e1s a las mujeres como son, violencia escolar, embarazos en adolescentes, brecha salarial y participaci\u00f3n en el mercado laboral.<\/p>\n\n\n\n<p>Respecto a la violencia escolar, los casos no solo se producen entre personas de un mismo nivel o una misma edad, que no es lo peor, sino que surge de actos de acoso, persecuci\u00f3n y agresi\u00f3n proveniente de personas en edades adultas, que son quienes tienen la responsabilidad de preservar la salud emocional, f\u00edsica y ps\u00edquica de los ni\u00f1os, ni\u00f1as y adolescentes.<\/p>\n\n\n\n<p>Un ambiente social cargado de elementos inadecuados genera todo tipo de debilidades en el sistema educativo, por lo cual es importante que las autoridades prosigan el trabajo de prevenci\u00f3n y atenci\u00f3n al clima en las escuelas, para reducir efectos adversos que puedan derivarse del mismo.<\/p>\n\n\n\n<p>Sobre los embarazos en adolescentes, cuya tasa de incidencia se redujo en el pa\u00eds en un 9.5% el pasado 2023, con respecto al a\u00f1o anterior, seg\u00fan datos preliminares de la Oficina Nacional de Estad\u00edstica (ONE), por lo general, tambi\u00e9n suele intervenir un adulto irresponsable y depredador que despu\u00e9s hasta pretende justificar la acci\u00f3n con sandeces y subterfugios.<\/p>\n\n\n\n<p>Por ello, es importante que los trabajos de prevenci\u00f3n de embarazo en adolescente sean en forma integral y multisectorial: desde el seno del hogar, las escuelas, las iglesias y templos, hasta las instancias de pr\u00e1cticas deportivas y actividades culturales, art\u00edsticas o l\u00fadicas. \u00a1Todos contra ese mal social!<\/p>\n\n\n\n<p>En los \u00faltimos a\u00f1os, la presencia de la mujer en los \u00e1mbitos de educaci\u00f3n, formaci\u00f3n y capacitaci\u00f3n es mucho mayor que la de los hombres. Las estad\u00edsticas hablan muy bien de la participaci\u00f3n de las hembras en la b\u00fasqueda del desarrollo individual, familiar, y colectivo.<\/p>\n\n\n\n<p>Pero, \u00a1Oh, injusticia! Esa proporcionalidad no se manifiesta en la mayor\u00eda de los estamentos de producci\u00f3n ni en los niveles salariales que devengan las que ya han logrado alcanzar alg\u00fan puesto laboral.<\/p>\n\n\n\n<p>El informe del Banco Mundial cita la Encuesta Nacional Continua de Fuerza de Trabajo (ENCFT), del a\u00f1o 2019, en la que se refleja que el ingreso de los hombres fue de un 14% superior al que percibieron las mujeres, en el desempe\u00f1o de puestos iguales.<\/p>\n\n\n\n<p>\u201cLas brechas salariales de g\u00e9nero tienden a prevalecer en los sectores donde hay una mayor presencia relativa de trabajadoras, como hoteles, bares y restaurantes, manufactura y trabajo dom\u00e9stico\u201d, revela la encuesta citada.<\/p>\n\n\n\n<p>El contexto y el comportamiento de las pol\u00edticas p\u00fablicas de los \u00faltimos a\u00f1os permiten apreciar que se han dado pasos para reducir la incidencia de esos indicadores que propician la brecha de g\u00e9nero en Rep\u00fablica Dominicana.<\/p>\n\n\n\n<p>Es necesario crear conciencia sobre la realidad de que el pa\u00eds es de todos y que la Constituci\u00f3n misma en su art\u00edculo 39 establece lo siguiente:<\/p>\n\n\n\n<p>\u201cTodas las personas nacen libres e iguales ante la ley, reciben la misma protecci\u00f3n y trato de las instituciones, autoridades y dem\u00e1s personas y gozan de los mismos derechos, libertades y oportunidades, sin ninguna discriminaci\u00f3n por razones de g\u00e9nero, color, edad, discapacidad, nacionalidad, v\u00ednculos familiares, lengua, religi\u00f3n, opini\u00f3n pol\u00edtica o filos\u00f3fica, condici\u00f3n social o personal\u201d. \u00bfEntendido?\u2026<\/p>\n\n\n\n<p><em><strong>Posdata: A quienes se preocuparon por el art\u00edculo en torno a que RD es el pa\u00eds m\u00e1s feliz del mundo, solo tienen que ver cu\u00e1les indicadores se analizaron. \u00a1Seamos felices, pero ocupados!<\/strong><\/em><\/p>\n","protected":false},"excerpt":{"rendered":"<p>Por PATRICIA ARACHE El Banco Mundial comparte el estudio \u201cDiagn\u00f3stico sobre igualdad de g\u00e9nero en&hellip;<\/p>\n","protected":false},"author":2,"featured_media":63965,"comment_status":"open","ping_status":"open","sticky":false,"template":"","format":"standard","meta":{"footnotes":""},"categories":[55,51,65],"tags":[],"class_list":["post-66260","post","type-post","status-publish","format-standard","has-post-thumbnail","hentry","category-nacionales","category-opinion","category-patricia-arache"],"_links":{"self":[{"href":"https:\/\/eldiarioantillano.com\/uno\/wp-json\/wp\/v2\/posts\/66260","targetHints":{"allow":["GET"]}}],"collection":[{"href":"https:\/\/eldiarioantillano.com\/uno\/wp-json\/wp\/v2\/posts"}],"about":[{"href":"https:\/\/eldiarioantillano.com\/uno\/wp-json\/wp\/v2\/types\/post"}],"author":[{"embeddable":true,"href":"https:\/\/eldiarioantillano.com\/uno\/wp-json\/wp\/v2\/users\/2"}],"replies":[{"embeddable":true,"href":"https:\/\/eldiarioantillano.com\/uno\/wp-json\/wp\/v2\/comments?post=66260"}],"version-history":[{"count":1,"href":"https:\/\/eldiarioantillano.com\/uno\/wp-json\/wp\/v2\/posts\/66260\/revisions"}],"predecessor-version":[{"id":66261,"href":"https:\/\/eldiarioantillano.com\/uno\/wp-json\/wp\/v2\/posts\/66260\/revisions\/66261"}],"wp:featuredmedia":[{"embeddable":true,"href":"https:\/\/eldiarioantillano.com\/uno\/wp-json\/wp\/v2\/media\/63965"}],"wp:attachment":[{"href":"https:\/\/eldiarioantillano.com\/uno\/wp-json\/wp\/v2\/media?parent=66260"}],"wp:term":[{"taxonomy":"category","embeddable":true,"href":"https:\/\/eldiarioantillano.com\/uno\/wp-json\/wp\/v2\/categories?post=66260"},{"taxonomy":"post_tag","embeddable":true,"href":"https:\/\/eldiarioantillano.com\/uno\/wp-json\/wp\/v2\/tags?post=66260"}],"curies":[{"name":"wp","href":"https:\/\/api.w.org\/{rel}","templated":true}]}}