{"id":66255,"date":"2024-04-13T01:00:00","date_gmt":"2024-04-13T05:00:00","guid":{"rendered":"https:\/\/eldiarioantillano.com\/uno\/?p=66255"},"modified":"2024-04-12T22:53:16","modified_gmt":"2024-04-13T02:53:16","slug":"esos-millones-tienen-cocoricamo","status":"publish","type":"post","link":"https:\/\/eldiarioantillano.com\/uno\/2024\/04\/13\/esos-millones-tienen-cocoricamo\/","title":{"rendered":"\u00a1Esos millones tienen \u201ccocoricamo\u201d!"},"content":{"rendered":"\n<p>Por ALFONSO -FONCHI- TEJEDA<\/p>\n\n\n\n<p>Que sea en correspondencia con la ley y una cesi\u00f3n m\u00e1s de la Junta Central Electoral y el gobierno a los partidos api\u00f1ados en la alianza RescateRD, los millones de pesos d\u00e1ndoles en esta semana resultan en una insultante y abusiva maniobra politiquera, justificable tal vez como pago de un saldo final adquirido por una gesti\u00f3n brindada.<\/p>\n\n\n\n<p>Las leyes laborales del pa\u00eds reconocen con estipendios, diversos derechos a los servidores y empleados al cesar las funciones de estos con los organismos y\/o empresas contratantes, as\u00ed con pensiones a qui\u00e9nes ya han agotado el ciclo productivo que le asigna el mercado, que tiene sus reglas para definir esas relaciones y sus correspondientes beneficios.<\/p>\n\n\n\n<p>M\u00e1s que comparaci\u00f3n con el mercado, el reclamo de los partidos de RescateRD para que les entreguen otros 2,500 millones de pesos para lo que resta de la campa\u00f1a electoral presidencial y congresual, me parece una \u201cvariante al rev\u00e9s\u201d de aquella otrora pr\u00e1ctica del famoso \u201ccubo\u201d, acci\u00f3n mediante la que alg\u00fan desaprensivo disfrutaba de un servicio sin pagar el importe de este.<\/p>\n\n\n\n<p>Y digo que es \u201cun cubo al rev\u00e9s\u201d porque esos dirigentes pol\u00edticos pudieran tener el tiempo suficiente para gastar esos recursos en las necesidades de la campa\u00f1a de esos partidos, pero cada uno con su candidato presidencial reducen sus posibilidades de triunfo, adem\u00e1s de que el ambiente pol\u00edtico- electoral los descarta frente al candidato oficial, y por esos \u201cavisos\u201d, es dable pensar en el uso qu\u00e9 har\u00e1n de esa millonada.<\/p>\n\n\n\n<p>Tal vez alguien me atribuya parcialidad o estar \u201cbuscando la quinta pata al gato\u201d contra los receptores de esos fondos, pero las presunciones sobre actuaciones pasadas, y que el 74 por ciento de quienes opinaron sobre el tema en la encuesta publicada por el grupo ACD-Media, rechazando que se les d\u00e9 m\u00e1s dinero a los partidos en la presente campa\u00f1a, pueden avalar mis aprehensiones.<\/p>\n\n\n\n<p>Sin \u00e1nimo de denostar, en apoyo de mi apreciaci\u00f3n puedo se\u00f1alar &#8211; y con mucho dolor-, el caso del Partido Revolucionario Dominicano, que \u201cdesflecado\u201d como est\u00e1, carece de las estructuras t\u00e9cnicas, la capacidad humana y la movilidad necesarias para invertir esos recursos en los treinta y tantos d\u00edas restantes de la campa\u00f1a.<\/p>\n\n\n\n<p>Me resisto a citar la calificaci\u00f3n de Guido G\u00f3mez Mazara cuando se refiere a la situaci\u00f3n del PRD y el manejo del que su presidente ha hecho de esa antes descomunal, gigante, s\u00f3lida y respetada organizaci\u00f3n pol\u00edtica, la que ahora compunge y averg\u00fcenza observar.<\/p>\n\n\n\n<p>Que sea el dirigente perredeista el vocero de la Alianza RescateRD, que esos partidos insistan en participar con candidaturas presidenciales particulares, que condicionan su posible unidad a una casi improbable segunda vuelta, todo eso hace que, al pensar en el uso a ese dinero, recuerde al talentoso humorista Juan Mar\u00eda Almonte, conocido como \u201cBakongo\u201d, y por su c\u00e9lebre frase \u201ceso tiene cocoricamo\u201d, con la que expresaba su recelo frente a una situaci\u00f3n dilem\u00e1tica.\u00a0<\/p>\n\n\n\n<p>Reconocer que las autoridades de la Junta Central Electoral han dirigido con eficiencia, eficacia, tino y justeza el proceso electoral bajo su responsabilidad, es tambi\u00e9n esperanza para quienes aspiramos a que esos millones de pesos entregados a los partidos se utilizar\u00e1n con propiedad, transparencia y legalidad, para tranquilidad de los contribuyentes, due\u00f1os de esos recursos.<\/p>\n","protected":false},"excerpt":{"rendered":"<p>Por ALFONSO -FONCHI- TEJEDA Que sea en correspondencia con la ley y una cesi\u00f3n m\u00e1s&hellip;<\/p>\n","protected":false},"author":2,"featured_media":64816,"comment_status":"open","ping_status":"open","sticky":false,"template":"","format":"standard","meta":{"footnotes":""},"categories":[58,55,51],"tags":[],"class_list":["post-66255","post","type-post","status-publish","format-standard","has-post-thumbnail","hentry","category-alfonso-fonchi-tejeda","category-nacionales","category-opinion"],"_links":{"self":[{"href":"https:\/\/eldiarioantillano.com\/uno\/wp-json\/wp\/v2\/posts\/66255","targetHints":{"allow":["GET"]}}],"collection":[{"href":"https:\/\/eldiarioantillano.com\/uno\/wp-json\/wp\/v2\/posts"}],"about":[{"href":"https:\/\/eldiarioantillano.com\/uno\/wp-json\/wp\/v2\/types\/post"}],"author":[{"embeddable":true,"href":"https:\/\/eldiarioantillano.com\/uno\/wp-json\/wp\/v2\/users\/2"}],"replies":[{"embeddable":true,"href":"https:\/\/eldiarioantillano.com\/uno\/wp-json\/wp\/v2\/comments?post=66255"}],"version-history":[{"count":3,"href":"https:\/\/eldiarioantillano.com\/uno\/wp-json\/wp\/v2\/posts\/66255\/revisions"}],"predecessor-version":[{"id":66259,"href":"https:\/\/eldiarioantillano.com\/uno\/wp-json\/wp\/v2\/posts\/66255\/revisions\/66259"}],"wp:featuredmedia":[{"embeddable":true,"href":"https:\/\/eldiarioantillano.com\/uno\/wp-json\/wp\/v2\/media\/64816"}],"wp:attachment":[{"href":"https:\/\/eldiarioantillano.com\/uno\/wp-json\/wp\/v2\/media?parent=66255"}],"wp:term":[{"taxonomy":"category","embeddable":true,"href":"https:\/\/eldiarioantillano.com\/uno\/wp-json\/wp\/v2\/categories?post=66255"},{"taxonomy":"post_tag","embeddable":true,"href":"https:\/\/eldiarioantillano.com\/uno\/wp-json\/wp\/v2\/tags?post=66255"}],"curies":[{"name":"wp","href":"https:\/\/api.w.org\/{rel}","templated":true}]}}