{"id":66252,"date":"2024-04-12T13:05:00","date_gmt":"2024-04-12T17:05:00","guid":{"rendered":"https:\/\/eldiarioantillano.com\/uno\/?p=66252"},"modified":"2024-04-12T22:37:48","modified_gmt":"2024-04-13T02:37:48","slug":"diputado-carlos-sanchez-prm-recibe-apoyo-del-movimiento-guardianes-del-cambio","status":"publish","type":"post","link":"https:\/\/eldiarioantillano.com\/uno\/2024\/04\/12\/diputado-carlos-sanchez-prm-recibe-apoyo-del-movimiento-guardianes-del-cambio\/","title":{"rendered":"Diputado Carlos S\u00e1nchez (PRM) recibe apoyo del movimiento \u201cGuardianes del Cambio\u201d"},"content":{"rendered":"\n<p>En un encuentro que tuvo lugar el mi\u00e9rcoles 10 de abril en la calle Seis Norte del sector Capotillo, circunscripci\u00f3n 3 del Distrito Nacional, decenas de personas expresaron su disposici\u00f3n a trabajar para que Carlos S\u00e1nchez contin\u00fae su labor en la C\u00e1mara de Diputados.\u00a0<\/p>\n","protected":false},"excerpt":{"rendered":"<p>En un encuentro que tuvo lugar el mi\u00e9rcoles 10 de abril en la calle Seis&hellip;<\/p>\n","protected":false},"author":2,"featured_media":66253,"comment_status":"open","ping_status":"open","sticky":false,"template":"","format":"standard","meta":{"footnotes":""},"categories":[55],"tags":[],"class_list":["post-66252","post","type-post","status-publish","format-standard","has-post-thumbnail","hentry","category-nacionales"],"_links":{"self":[{"href":"https:\/\/eldiarioantillano.com\/uno\/wp-json\/wp\/v2\/posts\/66252","targetHints":{"allow":["GET"]}}],"collection":[{"href":"https:\/\/eldiarioantillano.com\/uno\/wp-json\/wp\/v2\/posts"}],"about":[{"href":"https:\/\/eldiarioantillano.com\/uno\/wp-json\/wp\/v2\/types\/post"}],"author":[{"embeddable":true,"href":"https:\/\/eldiarioantillano.com\/uno\/wp-json\/wp\/v2\/users\/2"}],"replies":[{"embeddable":true,"href":"https:\/\/eldiarioantillano.com\/uno\/wp-json\/wp\/v2\/comments?post=66252"}],"version-history":[{"count":1,"href":"https:\/\/eldiarioantillano.com\/uno\/wp-json\/wp\/v2\/posts\/66252\/revisions"}],"predecessor-version":[{"id":66254,"href":"https:\/\/eldiarioantillano.com\/uno\/wp-json\/wp\/v2\/posts\/66252\/revisions\/66254"}],"wp:featuredmedia":[{"embeddable":true,"href":"https:\/\/eldiarioantillano.com\/uno\/wp-json\/wp\/v2\/media\/66253"}],"wp:attachment":[{"href":"https:\/\/eldiarioantillano.com\/uno\/wp-json\/wp\/v2\/media?parent=66252"}],"wp:term":[{"taxonomy":"category","embeddable":true,"href":"https:\/\/eldiarioantillano.com\/uno\/wp-json\/wp\/v2\/categories?post=66252"},{"taxonomy":"post_tag","embeddable":true,"href":"https:\/\/eldiarioantillano.com\/uno\/wp-json\/wp\/v2\/tags?post=66252"}],"curies":[{"name":"wp","href":"https:\/\/api.w.org\/{rel}","templated":true}]}}