{"id":66008,"date":"2024-01-31T02:27:53","date_gmt":"2024-01-31T06:27:53","guid":{"rendered":"https:\/\/eldiarioantillano.com\/?p=66008"},"modified":"2024-01-31T02:27:53","modified_gmt":"2024-01-31T06:27:53","slug":"juan-carlos-mieses-recibe-el-premio-nacional-de-literatura-2024","status":"publish","type":"post","link":"https:\/\/eldiarioantillano.com\/uno\/2024\/01\/31\/juan-carlos-mieses-recibe-el-premio-nacional-de-literatura-2024\/","title":{"rendered":"Juan Carlos Mieses recibe el Premio Nacional de Literatura 2024"},"content":{"rendered":"<p>Santo Domingo.- La Fundaci\u00f3n Corripio Inc. y el Ministerio de Cultura anunciaron la concesi\u00f3n del Premio Nacional de Literatura 2024 al poeta, narrador y ensayista Juan Carlos Mieses S\u00e1nchez, el d\u00eda que se conmemora el natalicio Juan Pablo Duarte, padre de la patria.<\/p>\n<p>Ambas entidades comunicaron el nombre del ganador este viernes en una rueda de prensa que tuvo lugar en la sala Manuel Rueda de la Fundaci\u00f3n Corripio.<\/p>\n<p>La misma estuvo encabezada por el presidente de dicha fundaci\u00f3n, Jos\u00e9 Luis Corripio Estrada, a quien acompa\u00f1aban miembros del jurado, entre los que se encontraba el viceministro de Patrimonio Cultural, Gamal Michel\u00e9n, en representaci\u00f3n de la ministra de Cultura, Milagros Germ\u00e1n.<\/p>\n<p>Corripio, quien destac\u00f3 en Mieses su uso intelectual de la palabra, el aporte de su imaginaci\u00f3n po\u00e9tica y narrativa, y el sentido intelectual, est\u00e9tico y espiritual de su obra, comunic\u00f3 telef\u00f3nicamente al escritor la concesi\u00f3n del premio.<\/p>\n<p>De su lado, Mieses manifest\u00f3 su alegr\u00eda, al tiempo que asegur\u00f3 recibir este reconocimiento con mucho placer y mucho honor.<\/p>\n<p>Gamal Michel\u00e9n calific\u00f3 a Mieses como magn\u00edfico poeta y narrador de novelas y cuentos, as\u00ed como \u201cun estupendo ensayista, con un dominio de la palabra y del an\u00e1lisis literario como pocos tienen en el pa\u00eds\u201d.<\/p>\n<p>El Premio Nacional de Literatura es el reconocimiento m\u00e1s importante que se otorga a un escritor por sus aportes y labor literaria de toda una vida, y tiene una dotaci\u00f3n de dos millones de pesos.<\/p>\n<p>Esta premiaci\u00f3n, iniciada en 1990, ha sido recibida hasta la fecha por grandes exponentes de nuestras letras, entre los que se encuentran Juan Bosch, Pedro Mir, Manuel Rueda, Marcio Veloz Maggiolo, Jos\u00e9 Alc\u00e1ntara, Mateo Morrison, Jeannette Miller, Jos\u00e9 M\u00e1rmol, \u00c1ngela Hern\u00e1ndez y monse\u00f1or Freddy Bret\u00f3n, citando solo a unos pocos escritores nacionales ilustres a quienes les fue concedida.<\/p>\n<p><strong>Miembros del jurado<\/strong><\/p>\n<p>El jurado estaba conformado por Editrudis Beltr\u00e1n Cris\u00f3stomo, rector de la Universidad Aut\u00f3noma de Santo Domingo; Secilio Espinal, rector de la Pontificia Universidad Cat\u00f3lica Madre y Maestra; Miguel Fiallo Calder\u00f3n, rector de la Universidad Nacional Pedro Henr\u00edquez Ure\u00f1a, y Jos\u00e9 Altagracia Hazim Torres, rector de la Universidad Central de Este.<\/p>\n<p>De la misma manera, lo integraban Benito \u00c1ngeles Fern\u00e1ndez, rector de la Universidad Cat\u00f3lica de Santo Domingo, y Julio S\u00e1nchez Mar\u00ed\u00f1ez, rector del Instituto Tecnol\u00f3gico de Santo Domingo, as\u00ed como Gamal Michel\u00e9n, viceministro de Patrimonio Cultural; Bruno Rosario Candelier, director de la Academia Dominicana de la Lengua, y un representante de la Fundaci\u00f3n Corripio.<\/p>\n","protected":false},"excerpt":{"rendered":"<p>Santo Domingo.- La Fundaci\u00f3n Corripio Inc. y el Ministerio de Cultura anunciaron la concesi\u00f3n del&hellip;<\/p>\n","protected":false},"author":2,"featured_media":66009,"comment_status":"open","ping_status":"open","sticky":false,"template":"","format":"standard","meta":{"footnotes":""},"categories":[63,55],"tags":[],"class_list":["post-66008","post","type-post","status-publish","format-standard","has-post-thumbnail","hentry","category-cultura","category-nacionales"],"_links":{"self":[{"href":"https:\/\/eldiarioantillano.com\/uno\/wp-json\/wp\/v2\/posts\/66008","targetHints":{"allow":["GET"]}}],"collection":[{"href":"https:\/\/eldiarioantillano.com\/uno\/wp-json\/wp\/v2\/posts"}],"about":[{"href":"https:\/\/eldiarioantillano.com\/uno\/wp-json\/wp\/v2\/types\/post"}],"author":[{"embeddable":true,"href":"https:\/\/eldiarioantillano.com\/uno\/wp-json\/wp\/v2\/users\/2"}],"replies":[{"embeddable":true,"href":"https:\/\/eldiarioantillano.com\/uno\/wp-json\/wp\/v2\/comments?post=66008"}],"version-history":[{"count":0,"href":"https:\/\/eldiarioantillano.com\/uno\/wp-json\/wp\/v2\/posts\/66008\/revisions"}],"wp:featuredmedia":[{"embeddable":true,"href":"https:\/\/eldiarioantillano.com\/uno\/wp-json\/wp\/v2\/media\/66009"}],"wp:attachment":[{"href":"https:\/\/eldiarioantillano.com\/uno\/wp-json\/wp\/v2\/media?parent=66008"}],"wp:term":[{"taxonomy":"category","embeddable":true,"href":"https:\/\/eldiarioantillano.com\/uno\/wp-json\/wp\/v2\/categories?post=66008"},{"taxonomy":"post_tag","embeddable":true,"href":"https:\/\/eldiarioantillano.com\/uno\/wp-json\/wp\/v2\/tags?post=66008"}],"curies":[{"name":"wp","href":"https:\/\/api.w.org\/{rel}","templated":true}]}}