{"id":65989,"date":"2024-01-30T03:49:22","date_gmt":"2024-01-30T07:49:22","guid":{"rendered":"https:\/\/eldiarioantillano.com\/?p=65989"},"modified":"2024-01-30T03:49:22","modified_gmt":"2024-01-30T07:49:22","slug":"municipio-dominicano-bayaguana-reconoce-legado-de-fidel-castro","status":"publish","type":"post","link":"https:\/\/eldiarioantillano.com\/uno\/2024\/01\/30\/municipio-dominicano-bayaguana-reconoce-legado-de-fidel-castro\/","title":{"rendered":"Municipio dominicano Bayaguana reconoce legado de Fidel Castro"},"content":{"rendered":"<p>Monte Plata, Rep\u00fablica Dominicana, 27 ene (Prensa Latina) El pueblo de Bayaguana, en la provincia dominicana de Monte Plata, reconoci\u00f3 de manera p\u00f3stuma al l\u00edder de la Revoluci\u00f3n cubana, Fidel Castro, por sus aportes a la salud, el deporte y la cultura de ese municipio.<\/p>\n<p>El embajador de Cuba en este pa\u00eds, \u00c1ngel Arzuaga, recibi\u00f3 la placa conmemorativa suscrita por el director de la Uni\u00f3n Deportiva de Bayaguana, Isaac Ogando, durante un encuentro de solidaridad efectuado en ese territorio situado al norte de Santo Domingo, la capital.<\/p>\n<p>Tambi\u00e9n el alcalde de Bayaguana, Manuel Pantalio, al rememorar la frase del H\u00e9roe Nacional de Cuba, Jos\u00e9 Mart\u00ed, \u00abEl \u00fanico aut\u00f3grafo digno de un hombre es el que deja escrito con sus obras\u00bb, destac\u00f3 que \u00abFidel Castro dej\u00f3 muchas cosas escritas, no solo para Cuba, sino tambi\u00e9n para el mundo\u00bb.<\/p>\n<p>Con anterioridad, al dar la bienvenida al colectivo de la misi\u00f3n diplom\u00e1tica de Cuba, Pantalio resalt\u00f3 las hist\u00f3ricas relaciones entre los dos pa\u00edses y coment\u00f3 que en la conducci\u00f3n del municipio se ha inspirado en pol\u00edticas sociales cubanas.<\/p>\n<p>Al respecto, explic\u00f3 que la idea de establecer un centro de atenci\u00f3n a infantes con condiciones especiales en Bayaguana surgi\u00f3 tras conocer la escuela Solidaridad con Panam\u00e1, para ni\u00f1os discapacitados, inaugurada por Fidel Castro en 1989 en La Habana.<\/p>\n<p><strong>OGANDO AGRADECE A CUBA <\/strong><\/p>\n<p>El dirigente deportivo Ogando manifest\u00f3 que nadie puede poner en duda los aportes del gobierno revolucionario de Cuba a ese municipio, y, entre muchos ejemplos, cit\u00f3 la formaci\u00f3n de una veintena de atletas en el vecino pa\u00eds.<\/p>\n<p>En la ocasi\u00f3n, el embajador cubano reconoci\u00f3 el trabajo y la dedicaci\u00f3n de quien durante casi 50 a\u00f1os se ha dedicado al desarrollo del deporte en Monte Plata.<\/p>\n<p><img fetchpriority=\"high\" decoding=\"async\" class=\"size-medium wp-image-65991 alignleft\" src=\"https:\/\/eldiarioantillano.com\/wp-content\/uploads\/2024\/01\/20240127_125947-300x225.jpg\" alt=\"\" width=\"300\" height=\"225\" \/><\/p>\n<p>Dio lectura a una carta que le enviara Osvaldo Vento, presidente del Instituto Nacional de Deportes, Educaci\u00f3n F\u00edsica y Recreaci\u00f3n (Inder), a Ogando, exaltado al Pabell\u00f3n de la Fama del Deporte Dominicano.<\/p>\n<p>Vento aplaudi\u00f3 esa decisi\u00f3n por el hermoso historial de consagraci\u00f3n y profesionalidad de Ogando, y agradeci\u00f3 el gesto del dominicano de reconocer el aporte de Cuba al desarrollo de ese sector en su pa\u00eds.<\/p>\n<p>Al amigo de Cuba, el embajador le obsequi\u00f3 los libros Cien horas con Fidel, de Ignacio Ramonet, Fidel Castro Ruz. Guerrillero del Tiempo, de Katiuska Blanco, y Hasta siempre Fidel, testimonio gr\u00e1fico de las honras f\u00fanebres tributadas por el pueblo a su m\u00e1ximo l\u00edder.<\/p>\n<p>Arzuaga agradeci\u00f3 las muestras de solidaridad y cari\u00f1o hacia Cuba y dijo que la amistad entre los dos pueblos es de sangre.<\/p>\n<p>En el encuentro de solidaridad participaron, adem\u00e1s, familiares del cuerpo diplom\u00e1tico de la naci\u00f3n de las Antillas, cineastas cubanos que asisten al Festival de Cine Global de Santo Domingo, y atletas de lucha que durante varios d\u00edas estar\u00e1n aqu\u00ed en una base de entrenamiento, con vista al preol\u00edmpico de esa disciplina.<\/p>\n<p>Al recibir el machete de honor que simboliza la lucha de los dos pa\u00edses por su soberan\u00eda e independencia, el embajador de la isla expres\u00f3 que lo hace en nombre del pueblo digno y heroico de Cuba.<\/p>\n<p>Durante la jornada, los cubanos visitaron el Santuario de los Milagros de Bayaguana y participaron en un juego amistoso de softbol.<\/p>\n<p>mpv<\/p>\n","protected":false},"excerpt":{"rendered":"<p>Monte Plata, Rep\u00fablica Dominicana, 27 ene (Prensa Latina) El pueblo de Bayaguana, en la provincia&hellip;<\/p>\n","protected":false},"author":2,"featured_media":65990,"comment_status":"open","ping_status":"open","sticky":false,"template":"","format":"standard","meta":{"footnotes":""},"categories":[52,53],"tags":[],"class_list":["post-65989","post","type-post","status-publish","format-standard","has-post-thumbnail","hentry","category-internacionales","category-prensa-latina"],"_links":{"self":[{"href":"https:\/\/eldiarioantillano.com\/uno\/wp-json\/wp\/v2\/posts\/65989","targetHints":{"allow":["GET"]}}],"collection":[{"href":"https:\/\/eldiarioantillano.com\/uno\/wp-json\/wp\/v2\/posts"}],"about":[{"href":"https:\/\/eldiarioantillano.com\/uno\/wp-json\/wp\/v2\/types\/post"}],"author":[{"embeddable":true,"href":"https:\/\/eldiarioantillano.com\/uno\/wp-json\/wp\/v2\/users\/2"}],"replies":[{"embeddable":true,"href":"https:\/\/eldiarioantillano.com\/uno\/wp-json\/wp\/v2\/comments?post=65989"}],"version-history":[{"count":0,"href":"https:\/\/eldiarioantillano.com\/uno\/wp-json\/wp\/v2\/posts\/65989\/revisions"}],"wp:featuredmedia":[{"embeddable":true,"href":"https:\/\/eldiarioantillano.com\/uno\/wp-json\/wp\/v2\/media\/65990"}],"wp:attachment":[{"href":"https:\/\/eldiarioantillano.com\/uno\/wp-json\/wp\/v2\/media?parent=65989"}],"wp:term":[{"taxonomy":"category","embeddable":true,"href":"https:\/\/eldiarioantillano.com\/uno\/wp-json\/wp\/v2\/categories?post=65989"},{"taxonomy":"post_tag","embeddable":true,"href":"https:\/\/eldiarioantillano.com\/uno\/wp-json\/wp\/v2\/tags?post=65989"}],"curies":[{"name":"wp","href":"https:\/\/api.w.org\/{rel}","templated":true}]}}