{"id":65986,"date":"2024-01-29T01:35:44","date_gmt":"2024-01-29T05:35:44","guid":{"rendered":"https:\/\/eldiarioantillano.com\/?p=65986"},"modified":"2024-01-29T01:35:44","modified_gmt":"2024-01-29T05:35:44","slug":"meteorologia-predice-nubes-aisladas-y-pocas-lluvias-sobre-territorio-rd","status":"publish","type":"post","link":"https:\/\/eldiarioantillano.com\/uno\/2024\/01\/29\/meteorologia-predice-nubes-aisladas-y-pocas-lluvias-sobre-territorio-rd\/","title":{"rendered":"Meteorolog\u00eda predice nubes aisladas y pocas lluvias sobre territorio RD"},"content":{"rendered":"<p><strong>Domingo 28<\/strong><strong>\u00a0de enero de 2024 a las 6:00 p.m. V\u00e1lido hasta el martes 30 de enero de 2024 a las 6:00 p.m.<\/strong><\/p>\n<p><strong>ESTA NOCHE, PERMANECER\u00c1N CONDICIONES DE NUBOSIDAD AISLADA Y ESCASAS LLUVIAS SOBRE EL PA\u00cdS<\/strong><\/p>\n<p>Se mantienen los efectos de un sistema de alta presi\u00f3n generando un ambiente de nubes aisladas y de pocas lluvias sobre la geograf\u00eda nacional. \u00a0Solo se prev\u00e9, hasta primeras horas de la noche, la ocurrencia de algunos chubascos d\u00e9biles, por la presencia de una vaguada y de los efectos orogr\u00e1ficos locales; hacia localidades de las regiones: noreste, la llanura oriental y la cordillera Central. Tales como: Santiago, San Pedro de Macor\u00eds, Hato Mayor, Monte Plata, Monse\u00f1or Nouel y La Vega.<\/p>\n<p>Ma\u00f1ana lunes, dominar\u00e1 en horas matutinas un ambiente de escasa humedad, favoreciendo condiciones soleadas sobre gran parte de nuestro territorio. \u00a0No obstante, despu\u00e9s del mediod\u00eda, una vaguada asociada a un sistema frontal ubicado sobre las Bahamas estar\u00e1 provocando nublados ocasionales acompa\u00f1ados de chubascos moderados localmente hacia algunas provincias de las vertientes: norte, este y la cordillera Central. Especialmente sobre: La Vega, Monse\u00f1or Nouel, Santiago, Duarte, S\u00e1nchez Ram\u00edrez, Mar\u00eda Trinidad S\u00e1nchez, Saman\u00e1, Monte Plata, San Crist\u00f3bal y San Pedro de Macor\u00eds.<\/p>\n<p>Las temperaturas seguir\u00e1n siendo agradables a frescas esta noche, madrugada, producto de la \u00e9poca del a\u00f1o (invierno). Adem\u00e1s, no se descartan episodios de nieblas, principalmente en zonas monta\u00f1osas y valles del interior del pa\u00eds.<\/p>\n<p><strong>Distrito Nacional:<\/strong>\u00a0nubes aisladas.<\/p>\n<p><strong>Santo Domingo Este:<\/strong>\u00a0nubes aisladas a medio nublado en ocasiones.<\/p>\n<p><strong>Santo Domingo Norte:<\/strong>\u00a0nubes aisladas con incrementos nubosos ocasionales.<\/p>\n<p><strong>Santo Domingo Oeste<\/strong>:\u00a0nubosidad aislada.<\/p>\n<p><strong>El Gran Santo Domingo:<\/strong>\u00a0<strong>temperatura m\u00ednima entre\u00a021 \u00b0C y 23\u202f\u00b0C\u00a0y la m\u00e1xima entre\u00a029\u202f\u00b0C y 31 \u00b0C.<\/strong><\/p>\n<p>&nbsp;<\/p>\n<p><strong>Resumen:<\/strong>\u00a0<strong>esta noche, condiciones de nubes aisladas y de escasas lluvias debido a al sistema de alta presi\u00f3n. \u00a0Oleaje normal en todas nuestras costas. Temperaturas agradables esta noche y madrugada.<\/strong><\/p>\n<p>El\u00a0<strong>martes<\/strong>, se producir\u00e1 un aumento de la humedad sobre la isla debido a la incidencia del sistema frontal sobre la porci\u00f3n norte del pa\u00eds.\u00a0 Esta condici\u00f3n estar\u00e1 induciendo desde horas de la madrugada, nublados con aguaceros moderados a fuertes localmente y ocasionales r\u00e1fagas de viento sobre localidades de las regiones: noroeste, norte, noreste, la zona fronteriza y la cordillera Central. \u00a0Concentradas principalmente hacia: Montecristi, Hermanas Mirabal, Puerto Plata, Dajab\u00f3n, Espaillat, Valverde, Santiago, Santiago Rodr\u00edguez, Saman\u00e1, La Vega, Mar\u00eda Trinidad S\u00e1nchez, Saman\u00e1, Monse\u00f1or Nouel y San Crist\u00f3bal. Dicha actividad de lluvias, se estar\u00e1 extendiendo a otras regiones a medida que este sistema se mueva sobre el territorio.<\/p>\n<p><strong>Santo Domingo y sus municipios:<\/strong>\u00a0nublados en la tarde con aguaceros aislados y ocasionales r\u00e1fagas de viento.<\/p>\n<p><strong>Distrito Nacional:<\/strong>\u00a0Medio nublado a nublado con aguaceros y r\u00e1fagas de viento.<\/p>\n<p>&nbsp;<\/p>\n<table width=\"99%\">\n<tbody>\n<tr>\n<td width=\"19%\"><strong>PROVINCIAS<\/strong><\/td>\n<td width=\"57%\"><strong>PRON\u00d3STICO POR LOCALIDADES<\/strong><\/td>\n<td width=\"11%\"><strong>T. M\u00e1x. \u00b0C<\/strong><\/td>\n<td width=\"11%\"><strong>T. Min.\u00b0C<\/strong><\/td>\n<\/tr>\n<tr>\n<td width=\"19%\"><strong>Santiago<\/strong><\/td>\n<td width=\"57%\">Medio nublado en ocasiones.<\/td>\n<td width=\"11%\"><strong>29\/31<\/strong><\/td>\n<td width=\"11%\"><strong>18\/21<\/strong><\/td>\n<\/tr>\n<tr>\n<td width=\"19%\"><strong>Puerto\u00a0Plata<\/strong><\/td>\n<td width=\"57%\">Nubes aisladas.<\/td>\n<td width=\"11%\"><strong>29\/31<\/strong><\/td>\n<td width=\"11%\"><strong>19\/21<\/strong><\/td>\n<\/tr>\n<tr>\n<td width=\"19%\"><strong>Duarte<\/strong><\/td>\n<td width=\"57%\">Nubes aisladas.<\/td>\n<td width=\"11%\"><strong>29\/31<\/strong><\/td>\n<td width=\"11%\"><strong>19\/21<\/strong><\/td>\n<\/tr>\n<tr>\n<td width=\"19%\"><strong>Constanza<\/strong><\/td>\n<td width=\"57%\">Medio nublado en ocasiones.<\/td>\n<td width=\"11%\"><strong>24\/27<\/strong><\/td>\n<td width=\"11%\"><strong>10\/12<\/strong><\/td>\n<\/tr>\n<tr>\n<td width=\"19%\"><strong>Peravia<\/strong><\/td>\n<td width=\"57%\">Nubosidad aislada con incrementos ocasionales.<\/td>\n<td width=\"11%\"><strong>29\/31<\/strong><\/td>\n<td width=\"11%\"><strong>20\/22<\/strong><\/td>\n<\/tr>\n<tr>\n<td width=\"19%\"><strong>San P. de Macor\u00eds<\/strong><\/td>\n<td width=\"57%\">Nubosidad aislada.<\/td>\n<td width=\"11%\"><strong>29\/31<\/strong><\/td>\n<td width=\"11%\"><strong>20\/22<\/strong><\/td>\n<\/tr>\n<tr>\n<td width=\"19%\"><strong>La Romana<\/strong><\/td>\n<td width=\"57%\">Nubes aisladas.<\/td>\n<td width=\"11%\"><strong>28\/31<\/strong><\/td>\n<td width=\"11%\"><strong>20\/22<\/strong><\/td>\n<\/tr>\n<tr>\n<td width=\"19%\"><strong>La Vega<\/strong><\/td>\n<td width=\"57%\">Medio nublado en ocasiones con chubascos aislados<\/td>\n<td width=\"11%\"><strong>29\/31<\/strong><\/td>\n<td width=\"11%\"><strong>19\/21<\/strong><\/td>\n<\/tr>\n<tr>\n<td width=\"19%\"><strong>Monse\u00f1or Nouel<\/strong><\/td>\n<td width=\"57%\">Nubosidad aislada a medio nublado en ocasiones con chubascos aislados.<\/td>\n<td width=\"11%\"><strong>28\/31<\/strong><\/td>\n<td width=\"11%\"><strong>19\/21<\/strong><\/td>\n<\/tr>\n<tr>\n<td width=\"19%\"><strong>San Crist\u00f3bal<\/strong><\/td>\n<td width=\"57%\">Medio nublado en ocasiones.<\/td>\n<td width=\"11%\"><strong>29\/31<\/strong><\/td>\n<td width=\"11%\"><strong>19\/21<\/strong><\/td>\n<\/tr>\n<tr>\n<td width=\"19%\"><strong>Saman\u00e1<\/strong><\/td>\n<td width=\"57%\">Nubes aisladas.<\/td>\n<td width=\"11%\"><strong>29\/31<\/strong><\/td>\n<td width=\"11%\"><strong>19\/21<\/strong><\/td>\n<\/tr>\n<tr>\n<td width=\"19%\"><strong>Montecristi<\/strong><\/td>\n<td width=\"57%\">Escasa nubosidad.<\/td>\n<td width=\"11%\"><strong>31\/33<\/strong><\/td>\n<td width=\"11%\"><strong>18\/20<\/strong><\/td>\n<\/tr>\n<tr>\n<td width=\"19%\"><strong>Azua<\/strong><\/td>\n<td width=\"57%\">Medio nublado en ocasiones.<\/td>\n<td width=\"11%\"><strong>28\/31<\/strong><\/td>\n<td width=\"11%\"><strong>17\/20<\/strong><\/td>\n<\/tr>\n<tr>\n<td width=\"19%\"><strong>San Juan<\/strong><\/td>\n<td width=\"57%\">Nubes aisladas.<\/td>\n<td width=\"11%\"><strong>28\/30<\/strong><\/td>\n<td width=\"11%\"><strong>17\/20<\/strong><\/td>\n<\/tr>\n<tr>\n<td width=\"19%\"><strong>Barahona<\/strong><\/td>\n<td width=\"57%\">Nubes aisladas.<\/td>\n<td width=\"11%\"><strong>30\/32<\/strong><\/td>\n<td width=\"11%\"><strong>20\/22<\/strong><\/td>\n<\/tr>\n<tr>\n<td width=\"19%\"><strong>La Altagracia<\/strong><\/td>\n<td width=\"57%\">Nubes aisladas.<\/td>\n<td width=\"11%\"><strong>29\/31<\/strong><\/td>\n<td width=\"11%\"><strong>19\/22<\/strong><\/td>\n<\/tr>\n<\/tbody>\n<\/table>\n<p><strong>Meteor\u00f3logos: <\/strong>Claudio Amparo \/ Jos\u00e9 Medina.<\/p>\n","protected":false},"excerpt":{"rendered":"<p>Domingo 28\u00a0de enero de 2024 a las 6:00 p.m. V\u00e1lido hasta el martes 30 de&hellip;<\/p>\n","protected":false},"author":2,"featured_media":65987,"comment_status":"open","ping_status":"open","sticky":false,"template":"","format":"standard","meta":{"footnotes":""},"categories":[55],"tags":[],"class_list":["post-65986","post","type-post","status-publish","format-standard","has-post-thumbnail","hentry","category-nacionales"],"_links":{"self":[{"href":"https:\/\/eldiarioantillano.com\/uno\/wp-json\/wp\/v2\/posts\/65986","targetHints":{"allow":["GET"]}}],"collection":[{"href":"https:\/\/eldiarioantillano.com\/uno\/wp-json\/wp\/v2\/posts"}],"about":[{"href":"https:\/\/eldiarioantillano.com\/uno\/wp-json\/wp\/v2\/types\/post"}],"author":[{"embeddable":true,"href":"https:\/\/eldiarioantillano.com\/uno\/wp-json\/wp\/v2\/users\/2"}],"replies":[{"embeddable":true,"href":"https:\/\/eldiarioantillano.com\/uno\/wp-json\/wp\/v2\/comments?post=65986"}],"version-history":[{"count":0,"href":"https:\/\/eldiarioantillano.com\/uno\/wp-json\/wp\/v2\/posts\/65986\/revisions"}],"wp:featuredmedia":[{"embeddable":true,"href":"https:\/\/eldiarioantillano.com\/uno\/wp-json\/wp\/v2\/media\/65987"}],"wp:attachment":[{"href":"https:\/\/eldiarioantillano.com\/uno\/wp-json\/wp\/v2\/media?parent=65986"}],"wp:term":[{"taxonomy":"category","embeddable":true,"href":"https:\/\/eldiarioantillano.com\/uno\/wp-json\/wp\/v2\/categories?post=65986"},{"taxonomy":"post_tag","embeddable":true,"href":"https:\/\/eldiarioantillano.com\/uno\/wp-json\/wp\/v2\/tags?post=65986"}],"curies":[{"name":"wp","href":"https:\/\/api.w.org\/{rel}","templated":true}]}}