{"id":65765,"date":"2024-01-14T04:04:29","date_gmt":"2024-01-14T08:04:29","guid":{"rendered":"https:\/\/eldiarioantillano.com\/?p=65765"},"modified":"2024-01-14T04:04:29","modified_gmt":"2024-01-14T08:04:29","slug":"los-agricultores-alemanes-y-sudafrica-muestran-como-hacer-historia","status":"publish","type":"post","link":"https:\/\/eldiarioantillano.com\/uno\/2024\/01\/14\/los-agricultores-alemanes-y-sudafrica-muestran-como-hacer-historia\/","title":{"rendered":"Los agricultores alemanes y Sud\u00e1frica muestran c\u00f3mo hacer historia"},"content":{"rendered":"<div class=\"adn ads\" data-message-id=\"#msg-f:1787982864425268184\" data-legacy-message-id=\"18d030f12a8db3d8\">\n<div class=\"gs\">\n<div class=\"\">\n<div id=\":70\" class=\"ii gt\">\n<div id=\":6z\" class=\"a3s aiL msg-174714087868812555\">\n<div dir=\"ltr\">\n<p>12 de enero de 2024 (EIRNS)\u2014El discurso de apertura de Helga Zepp-LaRouche en la reuni\u00f3n de hoy de la Coalici\u00f3n Internacional por la Paz ofrece una visi\u00f3n cr\u00edtica y la base para una esperanza genuina.\u00a0La transcripci\u00f3n completa aparece en este informe.\u00a0Aqu\u00ed hay extractos clave:<\/p>\n<p><b>Helga Zepp-LaRouche:<\/b>\u00a0De hecho, la semana pasada fue realmente una semana absolutamente dram\u00e1tica con al menos dos eventos que yo llamar\u00eda revolucionarios hist\u00f3ricos en la medida en que el hecho de que ocurrieran de la forma en que lo hicieron significa que hay un cap\u00edtulo completamente nuevo en historia mundial.<\/p>\n<p>La primera obviamente es la presentaci\u00f3n del gobierno sudafricano, o m\u00e1s bien de seis expertos jur\u00eddicos del gobierno sudafricano en la Corte Internacional de Justicia de La Haya, donde presentaron el caso de acusaci\u00f3n de genocidio contra el gobierno de Israel\u2026.\u00a0Esto es algo que todo el mundo deber\u00eda observar absolutamente, porque el hecho de que sea el gobierno de Sud\u00e1frica, un gobierno que tiene una larga historia de lucha contra el apartheid, de un nivel moral muy alto, fue el que dio este paso para intentar hacer justicia y salvar las vidas del pueblo palestino;\u00a0y todo Occidente no fue capaz de responder, o incluso algunos de ellos todav\u00eda lo niegan hasta el momento.\u00a0Esto es de importancia hist\u00f3rica;\u00a0significa que el liderazgo moral se ha trasladado a los pa\u00edses del Sur Global, o mejor, a la Mayor\u00eda Global\u2026.<\/p>\n<p>Primero presentaron la absolutamente incre\u00edble crisis humanitaria de personas que mueren de hambre, de sed y de enfermedades.\u00a0Mostraron c\u00f3mo la crisis humanitaria matar\u00e1 a la mitad de la gente o m\u00e1s, si no se hace nada para cambiarla de inmediato.\u00a0Luego, pasaron a la presentaci\u00f3n del intento de genocidio.\u00a0Obviamente, eso es lo m\u00e1s dif\u00edcil en un caso as\u00ed, pero citaron a muchos funcionarios (desde el Primer Ministro Netanyahu, el Presidente Herzog, el Ministro de Defensa Gallant, varios otros ministros y miembros de la Knesset) y mostraron videoclips de soldados que obviamente estaban ebrios por las \u00f3rdenes que recibieron. obtuvieron, bailaban en c\u00edrculos para celebrar que ahora tienen la tarea de destruir la semilla de Amalek, o Gaza, en la tradici\u00f3n de la antigua historia b\u00edblica de matar al pueblo de Amalek.\u00a0Y tambi\u00e9n coreando que no hay civiles ajenos;\u00a0Los beb\u00e9s, las madres y los lactantes son todos igualmente culpables.\u00a0Esta fue una acusaci\u00f3n incre\u00edble, y fue al m\u00e1s alto nivel posible, porque lo que dec\u00edan el Ministro de Justicia y otros era que citaban a Mandela, pero que, sin embargo, proceden con el esp\u00edritu de que la humanidad es una.\u00a0Y tambi\u00e9n citaron a Martin Luther King diciendo que el arco de la historia es largo, pero se inclina hacia la justicia\u2026.<\/p>\n<p>[O] obviamente se deben tomar medidas inmediatas para evitar esta horrible muerte de personas.\u00a0Creo que esto va a cambiar la historia, porque ha demostrado que el liderazgo de la humanidad se ha desplazado claramente hacia el Sur Global, y que el llamado orden basado en reglas y las personas que se creen tan superiores han sido absolutamente demostrado estar en el lado equivocado de la historia.\u00a0Creo que esto es extremadamente importante\u2026.<\/p>\n<p>Perm\u00edtanme a\u00f1adir un punto, que es (espero que mi opini\u00f3n no sea demasiado jubilosa) de igual importancia, aunque de manera diferente a lo que ocurri\u00f3 en La Haya.\u00a0Es que los agricultores alemanes salieron a las calles a partir del lunes pasado.\u00a08].\u00a0Ten\u00edan m\u00e1s de 100.000 tractores en las calles, bloqueando muchas ciudades; creo que 100 ciudades en los 16 estados de la Rep\u00fablica Federal de Alemania.\u00a0Esta acci\u00f3n de protesta continu\u00f3 todos los d\u00edas de esta semana.\u00a0Decenas de miles de tractores en muchas ciudades, y culminar\u00e1 el pr\u00f3ximo lunes con la convocatoria de una manifestaci\u00f3n a\u00fan mayor en Berl\u00edn.\u00a0Lo que fue tan especial es que no s\u00f3lo se opusieron a todas las medidas de austeridad que el gobierno est\u00e1 tratando de imponer a los agricultores, porque amenazan su existencia misma, sino que claramente asumieron el liderazgo para decir: \u00abYa es suficiente\u00bb.\u00a0Estas pol\u00edticas, que en cierto sentido no s\u00f3lo est\u00e1n arruinando a Alemania, sino que fueron los agricultores quienes adoptaron la postura moral para oponerse a ellas.\u00a0Fueron apoyados por todos los sectores de la poblaci\u00f3n alemana.\u00a0El 90% del pueblo alem\u00e1n expres\u00f3 su apoyo;\u00a0los camioneros, los artesanos, los panaderos y muchos otros.\u00a0Este es un proceso en el que la gente se opone no s\u00f3lo a una pol\u00edtica en particular, la austeridad para el sector agr\u00edcola, sino al camino equivocado de hacia d\u00f3nde se dirigi\u00f3 la pol\u00edtica alemana en su conjunto.<\/p>\n<p>Creo que el denominador com\u00fan entre lo que pas\u00f3 en La Haya y lo que pas\u00f3 en Alemania es muy interesante.\u00a0En el caso de Sud\u00e1frica, era claramente un pa\u00eds del Sur Global que actuaba sobre la base de su leg\u00edtima soberan\u00eda;\u00a0asumir la responsabilidad de la cuesti\u00f3n m\u00e1s amplia de la humanidad.\u00a0Esta es la misma raz\u00f3n b\u00e1sica por la que actuaron los agricultores alemanes, porque la misma batalla en la que los pa\u00edses de la Mayor\u00eda Global est\u00e1n tratando de deshacerse del colonialismo y lograr su propia soberan\u00eda contra las reliquias del colonialismo en la forma de las instituciones financieras, las c\u00e1rteles que controlan la producci\u00f3n de alimentos desde la semilla hasta la cosecha;\u00a0\u00c9se es el mismo mecanismo contra el que protestan los agricultores alemanes.\u00a0As\u00ed pues, la lucha del Sur Global y la lucha de los agricultores alemanes van muy claramente contra los mismos mecanismos de injusticia.\u00a0Ese es tambi\u00e9n el camino hacia la soluci\u00f3n, porque si podemos lograr que el pueblo de los Estados Unidos, de las naciones europeas, reconozca que los pa\u00edses del Sur Global no son sus enemigos sino sus socios l\u00f3gicos, entonces podremos encontrar una salida. y llevar al mundo entero hacia un Nuevo Paradigma\u2026.<\/p>\n<p>S\u00f3lo quiero dejarlo as\u00ed, pero creo que deber\u00eda darnos esperanza.\u00a0En ambos casos, el hecho de que el gobierno sudafricano haya intervenido en defensa de los palestinos, y que los agricultores alemanes est\u00e9n interviniendo para rectificar una pol\u00edtica equivocada, es un motivo muy importante para tener esperanza de que podamos conseguir que el mundo entero est\u00e9 en mejores condiciones.<\/p>\n<\/div>\n<\/div>\n<div class=\"yj6qo\"><\/div>\n<\/div>\n<div class=\"hi\"><\/div>\n<div class=\"WhmR8e\" data-hash=\"0\"><\/div>\n<\/div>\n<\/div>\n<div class=\"ajx\"><\/div>\n<\/div>\n<div class=\"gA gt acV\">\n<div class=\"gB xu\">\n<div class=\"ip iq\">\n<div id=\":71\">\n<table class=\"cf wS\" role=\"presentation\">\n<tbody>\n<tr>\n<td class=\"amq\"><img decoding=\"async\" id=\":69_0\" class=\"ajn bofPge\" src=\"https:\/\/lh3.googleusercontent.com\/a\/ACg8ocKdGLpfrJFDmuy1m5w7BsKuQpThRB1lMyMJ-6uGNEnH=s40-p-mo\" name=\":69\" data-hovercard-id=\"eldiarioantillano@gmail.com\" \/><\/td>\n<td class=\"amr\">\n<div class=\"nr wR\">\n<div class=\"amn\">\n<p><span id=\":6u\" class=\"ams bkH\" tabindex=\"0\" role=\"link\">Responder<\/span><span id=\":6w\" class=\"ams bkG\" tabindex=\"0\" role=\"link\">Reenviar<\/span><\/p>\n<div class=\"wrsVRe\" data-position=\"top\">\n<div class=\"jWOS7-JX-ano\"><\/div>\n<div id=\"tt-c2\" class=\"ne2Ple-oshW8e-J9\" role=\"tooltip\" aria-hidden=\"true\">No puedes reaccionar con un emoji a este mensaje<\/div>\n<\/div>\n<\/div>\n<\/div>\n<\/td>\n<\/tr>\n<\/tbody>\n<\/table>\n<\/div>\n<\/div>\n<\/div>\n<\/div>\n","protected":false},"excerpt":{"rendered":"<p>12 de enero de 2024 (EIRNS)\u2014El discurso de apertura de Helga Zepp-LaRouche en la reuni\u00f3n&hellip;<\/p>\n","protected":false},"author":2,"featured_media":65766,"comment_status":"open","ping_status":"open","sticky":false,"template":"","format":"standard","meta":{"footnotes":""},"categories":[52,1],"tags":[],"class_list":["post-65765","post","type-post","status-publish","format-standard","has-post-thumbnail","hentry","category-internacionales","category-uncategorized"],"_links":{"self":[{"href":"https:\/\/eldiarioantillano.com\/uno\/wp-json\/wp\/v2\/posts\/65765","targetHints":{"allow":["GET"]}}],"collection":[{"href":"https:\/\/eldiarioantillano.com\/uno\/wp-json\/wp\/v2\/posts"}],"about":[{"href":"https:\/\/eldiarioantillano.com\/uno\/wp-json\/wp\/v2\/types\/post"}],"author":[{"embeddable":true,"href":"https:\/\/eldiarioantillano.com\/uno\/wp-json\/wp\/v2\/users\/2"}],"replies":[{"embeddable":true,"href":"https:\/\/eldiarioantillano.com\/uno\/wp-json\/wp\/v2\/comments?post=65765"}],"version-history":[{"count":0,"href":"https:\/\/eldiarioantillano.com\/uno\/wp-json\/wp\/v2\/posts\/65765\/revisions"}],"wp:featuredmedia":[{"embeddable":true,"href":"https:\/\/eldiarioantillano.com\/uno\/wp-json\/wp\/v2\/media\/65766"}],"wp:attachment":[{"href":"https:\/\/eldiarioantillano.com\/uno\/wp-json\/wp\/v2\/media?parent=65765"}],"wp:term":[{"taxonomy":"category","embeddable":true,"href":"https:\/\/eldiarioantillano.com\/uno\/wp-json\/wp\/v2\/categories?post=65765"},{"taxonomy":"post_tag","embeddable":true,"href":"https:\/\/eldiarioantillano.com\/uno\/wp-json\/wp\/v2\/tags?post=65765"}],"curies":[{"name":"wp","href":"https:\/\/api.w.org\/{rel}","templated":true}]}}