{"id":65643,"date":"2023-12-24T00:21:19","date_gmt":"2023-12-24T04:21:19","guid":{"rendered":"https:\/\/eldiarioantillano.com\/?p=65432"},"modified":"2023-12-24T00:21:19","modified_gmt":"2023-12-24T04:21:19","slug":"por-y-para-la-paz-el-origen-de-la-tregua","status":"publish","type":"post","link":"https:\/\/eldiarioantillano.com\/uno\/2023\/12\/24\/por-y-para-la-paz-el-origen-de-la-tregua\/","title":{"rendered":"Por y para la paz, el origen de la tregua"},"content":{"rendered":"<p align=\"justify\"><span style=\"font-size: medium;\">s una tradici\u00f3n que en esta \u00e9poca que vive el mundo cristiano, la que evoca el nacimiento de Jes\u00fas, distintos sectores de la sociedad aboguen por un tiempo de paz y propongan una tregua en las acostumbradas pr\u00e1cticas pol\u00edtico-partidarias.<\/span><\/p>\n<p align=\"justify\"><span style=\"font-size: medium;\">Es un lapso de demanda casi universal desde que, en el 1914, se produjo una tregua, un alto al fuego, en el d\u00eda de la Nochebuena y hasta el 26 de diciembre, en los enfrentamientos de la Primera Guerra Mundial.<\/span><\/p>\n<p align=\"justify\"><span style=\"font-size: medium;\">La prestigiosa revista National Geographic, cuenta que \u201cla tregua comenz\u00f3 en la v\u00edspera de la Navidad el 24 de diciembre de 1914, cuando las tropas alemanas comenzaron a decorar sus trincheras, luego continuaron con su celebraci\u00f3n cantando villancicos: espec\u00edficamente \u00abStille Nacht\u00bb (Noche de paz). Las tropas brit\u00e1nicas en las trincheras, al otro lado, respondieron entonces con villancicos en ingl\u00e9s\u201d.<\/span><\/p>\n<p align=\"justify\"><span style=\"font-size: medium;\">Se trat\u00f3 de una experiencia en la que soldados alemanes y brit\u00e1nicos, sin que nadie les impusiera, en forma espont\u00e1nea, comprendieron la importancia de crear un espacio para el amor, la reflexi\u00f3n, el perd\u00f3n y el cari\u00f1o, para tributarlo como homenaje y agradecimiento por el nacimiento del Rey de reyes, como tambi\u00e9n se le conoce al ni\u00f1o que, treinta y tres a\u00f1os despu\u00e9s, muri\u00f3 en la cruz, para la redenci\u00f3n de nuestros pecados.<\/span><\/p>\n<p align=\"justify\"><span style=\"font-size: medium;\">A partir de entonces, la Tregua de la Navidad, como se bautiz\u00f3 de inmediato esa pr\u00e1ctica de cercan\u00eda y humanidad, es reclamada en la \u00e9poca considerada la m\u00e1s bella del a\u00f1o, la de mayor significado espiritual y emocional, la que suele ser propicia para cambiar la maldad por la bondad, lo falso por lo real, lo negativo por lo positivo y la indiferencia por la solidaridad.<\/span><\/p>\n<p align=\"justify\"><span style=\"font-size: medium;\">En Rep\u00fablica Dominicana, como en otros pa\u00edses, celebramos con alborozo y entusiasmo las fiestas de la Navidad y del A\u00f1o Nuevo, y desde hace tiempo, en esta etapa es obligatorio dar una tregua, aunque es menos efectiva cuando, como en este momento, el pa\u00eds se encuentra en una etapa preelectoral.<\/span><\/p>\n<p align=\"justify\"><span style=\"font-size: medium;\">Las elecciones municipales de febrero y las presidenciales y congresuales de mayo, del pr\u00f3ximo a\u00f1o, no deben ser obst\u00e1culos para que, en estas navidades del 2023, no se produzca una tregua.<\/span><\/p>\n<p align=\"justify\"><span style=\"font-size: medium;\">Considero que esa tregua no debe ser solo en el plano pol\u00edtico partidario, a cuyos actores se les exige el cumplimiento con mayor determinaci\u00f3n y drasticidad; tambi\u00e9n debe provenir de otros \u00e1mbitos que, en los \u00faltimos a\u00f1os act\u00faan como puntillitas en los zapatos, para la convivencia social, pac\u00edfica, ordenada y decente que merece la naci\u00f3n.<\/span><\/p>\n<p align=\"justify\"><span style=\"font-size: medium;\">Violencia intrafamiliar, caos en el tr\u00e1nsito, con su alta secuela de muertes, dolor y luto, consumo desenfrenado de sustancias t\u00f3xicas, falta de compromiso con la vida propia y la de los dem\u00e1s, insultos y descalificaciones entre algunos que tienen acceso a medios de comunicaci\u00f3n social convencionales y a redes sociales.<\/span><\/p>\n<p align=\"justify\"><span style=\"font-size: medium;\">Carencia del sentido com\u00fan, pretensiones de manipulaci\u00f3n de las masas por parte de quienes antes pudieron y no hicieron y de otros que ahora pueden hacer y no hacen; ausencia de conciencia sobre la necesidad de proteger el medioambiente, agresiones contra ni\u00f1os y ancianos, entre otras, son algunas pr\u00e1cticas que tambi\u00e9n demandan que se aplique la tregua de Navidad.<\/span><\/p>\n<p align=\"justify\"><span style=\"font-size: medium;\">En fin. Es tiempo de Navidad, es tiempo de amor, de solidaridad, de colaboraci\u00f3n, de esfuerzos para que la festividad por el nacimiento del ni\u00f1o Jes\u00fas alcance el significado de bienestar y concordia que siempre ha debido tener y para que cesen las perversidades que convierten al mundo en un muladar, lleno de odio, de sed de venganza y de desesperanzas. Para que podamos hacer algo por y para la paz, aqu\u00ed, all\u00e1, y acull\u00e1.<\/span><\/p>\n","protected":false},"excerpt":{"rendered":"<p>s una tradici\u00f3n que en esta \u00e9poca que vive el mundo cristiano, la que evoca&hellip;<\/p>\n","protected":false},"author":1,"featured_media":63965,"comment_status":"open","ping_status":"open","sticky":false,"template":"","format":"standard","meta":{"footnotes":""},"categories":[55,51,65],"tags":[],"class_list":["post-65643","post","type-post","status-publish","format-standard","has-post-thumbnail","hentry","category-nacionales","category-opinion","category-patricia-arache"],"_links":{"self":[{"href":"https:\/\/eldiarioantillano.com\/uno\/wp-json\/wp\/v2\/posts\/65643","targetHints":{"allow":["GET"]}}],"collection":[{"href":"https:\/\/eldiarioantillano.com\/uno\/wp-json\/wp\/v2\/posts"}],"about":[{"href":"https:\/\/eldiarioantillano.com\/uno\/wp-json\/wp\/v2\/types\/post"}],"author":[{"embeddable":true,"href":"https:\/\/eldiarioantillano.com\/uno\/wp-json\/wp\/v2\/users\/1"}],"replies":[{"embeddable":true,"href":"https:\/\/eldiarioantillano.com\/uno\/wp-json\/wp\/v2\/comments?post=65643"}],"version-history":[{"count":0,"href":"https:\/\/eldiarioantillano.com\/uno\/wp-json\/wp\/v2\/posts\/65643\/revisions"}],"wp:featuredmedia":[{"embeddable":true,"href":"https:\/\/eldiarioantillano.com\/uno\/wp-json\/wp\/v2\/media\/63965"}],"wp:attachment":[{"href":"https:\/\/eldiarioantillano.com\/uno\/wp-json\/wp\/v2\/media?parent=65643"}],"wp:term":[{"taxonomy":"category","embeddable":true,"href":"https:\/\/eldiarioantillano.com\/uno\/wp-json\/wp\/v2\/categories?post=65643"},{"taxonomy":"post_tag","embeddable":true,"href":"https:\/\/eldiarioantillano.com\/uno\/wp-json\/wp\/v2\/tags?post=65643"}],"curies":[{"name":"wp","href":"https:\/\/api.w.org\/{rel}","templated":true}]}}