{"id":65642,"date":"2023-12-24T00:17:14","date_gmt":"2023-12-24T04:17:14","guid":{"rendered":"https:\/\/eldiarioantillano.com\/?p=65428"},"modified":"2023-12-24T00:17:14","modified_gmt":"2023-12-24T04:17:14","slug":"despedida-por-jubilacion-en-la-universidad-de-pomona","status":"publish","type":"post","link":"https:\/\/eldiarioantillano.com\/uno\/2023\/12\/24\/despedida-por-jubilacion-en-la-universidad-de-pomona\/","title":{"rendered":"Despedida por jubilaci\u00f3n en la Universidad de Pomona"},"content":{"rendered":"<p>Los profesores Miguel Tinker Solas (venezolano) y Esther Hern\u00e1ndez Medina (dominicana) se encuentran en la fiesta de despedida del primero, tras m\u00e1s de 30 a\u00f1os de labor acad\u00e9mica en Pomona College, Los Angeles, California. A la derecha, Eva Tinker.<\/p>\n","protected":false},"excerpt":{"rendered":"<p>Los profesores Miguel Tinker Solas (venezolano) y Esther Hern\u00e1ndez Medina (dominicana) se encuentran en la&hellip;<\/p>\n","protected":false},"author":1,"featured_media":65441,"comment_status":"open","ping_status":"open","sticky":false,"template":"","format":"standard","meta":{"footnotes":""},"categories":[52],"tags":[],"class_list":["post-65642","post","type-post","status-publish","format-standard","has-post-thumbnail","hentry","category-internacionales"],"_links":{"self":[{"href":"https:\/\/eldiarioantillano.com\/uno\/wp-json\/wp\/v2\/posts\/65642","targetHints":{"allow":["GET"]}}],"collection":[{"href":"https:\/\/eldiarioantillano.com\/uno\/wp-json\/wp\/v2\/posts"}],"about":[{"href":"https:\/\/eldiarioantillano.com\/uno\/wp-json\/wp\/v2\/types\/post"}],"author":[{"embeddable":true,"href":"https:\/\/eldiarioantillano.com\/uno\/wp-json\/wp\/v2\/users\/1"}],"replies":[{"embeddable":true,"href":"https:\/\/eldiarioantillano.com\/uno\/wp-json\/wp\/v2\/comments?post=65642"}],"version-history":[{"count":0,"href":"https:\/\/eldiarioantillano.com\/uno\/wp-json\/wp\/v2\/posts\/65642\/revisions"}],"wp:featuredmedia":[{"embeddable":true,"href":"https:\/\/eldiarioantillano.com\/uno\/wp-json\/wp\/v2\/media\/65441"}],"wp:attachment":[{"href":"https:\/\/eldiarioantillano.com\/uno\/wp-json\/wp\/v2\/media?parent=65642"}],"wp:term":[{"taxonomy":"category","embeddable":true,"href":"https:\/\/eldiarioantillano.com\/uno\/wp-json\/wp\/v2\/categories?post=65642"},{"taxonomy":"post_tag","embeddable":true,"href":"https:\/\/eldiarioantillano.com\/uno\/wp-json\/wp\/v2\/tags?post=65642"}],"curies":[{"name":"wp","href":"https:\/\/api.w.org\/{rel}","templated":true}]}}