{"id":65614,"date":"2023-12-15T00:14:22","date_gmt":"2023-12-15T04:14:22","guid":{"rendered":"https:\/\/eldiarioantillano.com\/?p=65321"},"modified":"2023-12-15T00:14:22","modified_gmt":"2023-12-15T04:14:22","slug":"yoyo-almonte-encabeza-encuesta-por-la-alcaldia-de-montecristi","status":"publish","type":"post","link":"https:\/\/eldiarioantillano.com\/uno\/2023\/12\/15\/yoyo-almonte-encabeza-encuesta-por-la-alcaldia-de-montecristi\/","title":{"rendered":"Yoyo Almonte encabeza encuesta por la alcald\u00eda de Montecristi"},"content":{"rendered":"<p>En el programa <em>El Desahogo<\/em>, que se transmite por la emisora Tropicana 106.3 FM, fue realizado el primer sondeo para medir las preferencias de la audiencia con respecto a la alcald\u00eda del municipio San Fernando de Montecristi.<\/p>\n<p>A la audiencia se le pregunt\u00f3: \u00bfPor qui\u00e9n o cu\u00e1l candidato votar\u00eda usted para alcalde de Montecristi?<\/p>\n<p style=\"padding-left: 80px;\"><strong>Resultados:<\/strong><br \/>\nTotal de llamadas recibidas: 44.<\/p>\n<p style=\"padding-left: 120px;\">1. Yoyo Almonte: 19<br \/>\n2. Jes\u00fas Jerez: 17<br \/>\n3. Jonathan Mart\u00ednez: 5<br \/>\n4. Ninguno: 3<\/p>\n<p>Una vez m\u00e1s <em>El Desahogo<\/em> demostr\u00f3 que es el programa de mayor audiencia, ya que en menos de 10 minutos se recibieron las 44 llamadas.<\/p>\n","protected":false},"excerpt":{"rendered":"<p>En el programa El Desahogo, que se transmite por la emisora Tropicana 106.3 FM, fue&hellip;<\/p>\n","protected":false},"author":1,"featured_media":65417,"comment_status":"open","ping_status":"open","sticky":false,"template":"","format":"standard","meta":{"footnotes":""},"categories":[57],"tags":[],"class_list":["post-65614","post","type-post","status-publish","format-standard","has-post-thumbnail","hentry","category-montecristi"],"_links":{"self":[{"href":"https:\/\/eldiarioantillano.com\/uno\/wp-json\/wp\/v2\/posts\/65614","targetHints":{"allow":["GET"]}}],"collection":[{"href":"https:\/\/eldiarioantillano.com\/uno\/wp-json\/wp\/v2\/posts"}],"about":[{"href":"https:\/\/eldiarioantillano.com\/uno\/wp-json\/wp\/v2\/types\/post"}],"author":[{"embeddable":true,"href":"https:\/\/eldiarioantillano.com\/uno\/wp-json\/wp\/v2\/users\/1"}],"replies":[{"embeddable":true,"href":"https:\/\/eldiarioantillano.com\/uno\/wp-json\/wp\/v2\/comments?post=65614"}],"version-history":[{"count":0,"href":"https:\/\/eldiarioantillano.com\/uno\/wp-json\/wp\/v2\/posts\/65614\/revisions"}],"wp:featuredmedia":[{"embeddable":true,"href":"https:\/\/eldiarioantillano.com\/uno\/wp-json\/wp\/v2\/media\/65417"}],"wp:attachment":[{"href":"https:\/\/eldiarioantillano.com\/uno\/wp-json\/wp\/v2\/media?parent=65614"}],"wp:term":[{"taxonomy":"category","embeddable":true,"href":"https:\/\/eldiarioantillano.com\/uno\/wp-json\/wp\/v2\/categories?post=65614"},{"taxonomy":"post_tag","embeddable":true,"href":"https:\/\/eldiarioantillano.com\/uno\/wp-json\/wp\/v2\/tags?post=65614"}],"curies":[{"name":"wp","href":"https:\/\/api.w.org\/{rel}","templated":true}]}}