{"id":65574,"date":"2024-01-01T01:24:11","date_gmt":"2024-01-01T05:24:11","guid":{"rendered":"https:\/\/eldiarioantillano.com\/?p=65574"},"modified":"2024-01-01T01:24:11","modified_gmt":"2024-01-01T05:24:11","slug":"ninguna-como-la-inteligencia-emocional","status":"publish","type":"post","link":"https:\/\/eldiarioantillano.com\/uno\/2024\/01\/01\/ninguna-como-la-inteligencia-emocional\/","title":{"rendered":"Ninguna como la inteligencia emocional"},"content":{"rendered":"<p align=\"justify\">De todos los tipos de inteligencias que existen, naturales o humanas y artificiales o tecnol\u00f3gicas, hay una que resulta imprescindible en cualquier circunstancia o modalidad, porque sin ella, dif\u00edcilmente, se alcancen los objetivos propuestos, al estructurar un proyecto, una empresa, una administraci\u00f3n, una direcci\u00f3n, o lo que fuere, incluso, si se tratara de una meta personal.<\/p>\n<p align=\"justify\">El mundo vive en la etapa de la tecnologizaci\u00f3n, en la que la Inteligencia Artificial (IA) tiene vigencia en casi todo lo que llevamos a cabo, con la variante de que sus efectos y resultados suelen ser muy pocos cuestionados.<\/p>\n<p align=\"justify\">Sin dudas, el mundo es otro, empero, mantiene par\u00e1metros ancestrales sobre los cuales han debido ser construidos nuevos estilos de vida, porque, de lo contrario, el resultado ser\u00eda muy nocivo y conceder\u00edan la raz\u00f3n a quienes, en forma err\u00e1tica, entienden que las nuevas generaciones carecen de fundamentos.<\/p>\n<p align=\"justify\">Quiz\u00e1s, venga al caso citar estudios que revelan que la mayor\u00eda de los j\u00f3venes ubicados en la denominada Generaci\u00f3n Z, o post millennial o centuria, como tambi\u00e9n se les llama a los nacidos entre el a\u00f1o 1997 y 2012, son sumamente fieles a s\u00ed mismos.<\/p>\n<p align=\"justify\">De acuerdo a esos estudios, estos j\u00f3venes son fieles a sus concepciones, a sus opiniones, a sus convicciones; y por lo menos el 50% de ellos, asume la protecci\u00f3n del medio ambiente, la defensa de los derechos de ciudadan\u00eda, la libertad y el bienestar social y el desarrollo humano, como formas de vida necesarias para la convivencia en el planeta.<\/p>\n<p align=\"justify\">Desciendo de la Generaci\u00f3n silenciosa (1928-1945); pertenezco, a la Boomers (1946-1964), me form\u00e9 con las Generaciones X (1965-1980) y Millennials (1981-1996), a la que tambi\u00e9n pertenece mi primera descendiente; y he compartido intensamente con la generaci\u00f3n Z (1997-2012); en la que naci\u00f3 mi segundo hijo; al igual que con la Alfa, llegados al mundo a partir del 2012, entre la que est\u00e1n mis dos preciosas nietas, una del 2017 y otra del 2020.<\/p>\n<p align=\"justify\">Como dicen los expertos, la gente no puede ser analizada en colectivo. Cada ser es \u00fanico, irrepetible e incomparable. Una part\u00edcula exclusiva en el universo, aunque haya compartido el mismo \u00fatero que lo anid\u00f3 por varios meses.<\/p>\n<p align=\"justify\">De ah\u00ed se desprende, que cada quien es due\u00f1o de su visi\u00f3n y la verdad de que, como citaban una y otra vez mi abuela y mi madre, \u201ccada cabeza es un mundo y cada guardia campestre en su batey\u201d.<\/p>\n<p align=\"justify\">Por eso, es importante para la fortaleza personal e individual, cultivar la inteligencia emocional, independientemente, de las inquietudes o prop\u00f3sitos que tenga alguien o hacia d\u00f3nde quiera dirigirse.<\/p>\n<p align=\"justify\">Uno de los principales propulsores sobre el estudio de la inteligencia emocional (IE), el psic\u00f3logo y periodista norteamericano, Daniel Goleman, define esta habilidad como \u201cla capacidad de reconocer sentimientos propios y ajenos; de motivarnos y de manejar adecuadamente las relaciones\u201d.<\/p>\n<p align=\"justify\">Esta definici\u00f3n, en sentido general, aplica para todos los \u00e1mbitos: personal, laboral, pol\u00edtico, social, econ\u00f3mico, religioso, deportivo, cultural, familiar, amoroso, art\u00edstico, cultural, acad\u00e9mico, etc. No hay un espacio o una manifestaci\u00f3n de la vida, en el que no sea necesario estar dotados de una s\u00f3lida inteligencia emocional, para alcanzar objetivos, con buenos resultados.<\/p>\n<p align=\"justify\">Por m\u00e1s que trascienda la IA o inteligencia artificial en el mundo, a pasos agigantados como lo hace, no hay posibilidad de que las capacidades citadas previamente puedan ser ignoradas. \u00a1Al contrario! Ahora, m\u00e1s que nunca, se requiere de una s\u00f3lida IE.<\/p>\n<p align=\"justify\">Por eso, justo es agradecer a los lectores de este diario que con paciencia han recibido y compartido mis escritos durante el a\u00f1o 2023, as\u00ed como a los editores y a cada uno de los que hace posible esta entrega semanal.<\/p>\n<p align=\"justify\">Deseo a dominicanos y dominicanas, esencialmente, a quienes tienen compromisos p\u00fablicos, entre ellos, pol\u00edticos, funcionarios, artistas, deportistas, profesionales, acad\u00e9micos y religiosos que puedan poner en pr\u00e1ctica la inteligencia emocional, al momento de adoptar y compartir decisiones, que, al fin y al cabo, nos involucra a todos.<\/p>\n<p align=\"justify\">Asumamos con responsabilidad, compromiso y con inteligencia emocional, los retos y desaf\u00edos que nos depara el porvenir, que son muchos. \u00a1Feliz a\u00f1o 2024!<\/p>\n<p align=\"justify\">\n","protected":false},"excerpt":{"rendered":"<p>De todos los tipos de inteligencias que existen, naturales o humanas y artificiales o tecnol\u00f3gicas,&hellip;<\/p>\n","protected":false},"author":2,"featured_media":63965,"comment_status":"open","ping_status":"open","sticky":false,"template":"","format":"standard","meta":{"footnotes":""},"categories":[55,51,65],"tags":[],"class_list":["post-65574","post","type-post","status-publish","format-standard","has-post-thumbnail","hentry","category-nacionales","category-opinion","category-patricia-arache"],"_links":{"self":[{"href":"https:\/\/eldiarioantillano.com\/uno\/wp-json\/wp\/v2\/posts\/65574","targetHints":{"allow":["GET"]}}],"collection":[{"href":"https:\/\/eldiarioantillano.com\/uno\/wp-json\/wp\/v2\/posts"}],"about":[{"href":"https:\/\/eldiarioantillano.com\/uno\/wp-json\/wp\/v2\/types\/post"}],"author":[{"embeddable":true,"href":"https:\/\/eldiarioantillano.com\/uno\/wp-json\/wp\/v2\/users\/2"}],"replies":[{"embeddable":true,"href":"https:\/\/eldiarioantillano.com\/uno\/wp-json\/wp\/v2\/comments?post=65574"}],"version-history":[{"count":0,"href":"https:\/\/eldiarioantillano.com\/uno\/wp-json\/wp\/v2\/posts\/65574\/revisions"}],"wp:featuredmedia":[{"embeddable":true,"href":"https:\/\/eldiarioantillano.com\/uno\/wp-json\/wp\/v2\/media\/63965"}],"wp:attachment":[{"href":"https:\/\/eldiarioantillano.com\/uno\/wp-json\/wp\/v2\/media?parent=65574"}],"wp:term":[{"taxonomy":"category","embeddable":true,"href":"https:\/\/eldiarioantillano.com\/uno\/wp-json\/wp\/v2\/categories?post=65574"},{"taxonomy":"post_tag","embeddable":true,"href":"https:\/\/eldiarioantillano.com\/uno\/wp-json\/wp\/v2\/tags?post=65574"}],"curies":[{"name":"wp","href":"https:\/\/api.w.org\/{rel}","templated":true}]}}