{"id":65547,"date":"2023-12-30T01:55:52","date_gmt":"2023-12-30T05:55:52","guid":{"rendered":"https:\/\/eldiarioantillano.com\/?p=65547"},"modified":"2023-12-30T01:55:52","modified_gmt":"2023-12-30T05:55:52","slug":"haiti-en-un-callejon-sin-salida","status":"publish","type":"post","link":"https:\/\/eldiarioantillano.com\/uno\/2023\/12\/30\/haiti-en-un-callejon-sin-salida\/","title":{"rendered":"Hait\u00ed en un callej\u00f3n sin salida"},"content":{"rendered":"<p class=\"western\" lang=\"es-DO\"><span style=\"font-family: Verdana, sans-serif;\"><span style=\"font-size: medium;\">Puerto Pr\u00edncipe (<\/span><\/span><span style=\"font-family: Verdana, sans-serif;\"><span style=\"font-size: medium;\"><b>Prensa Latina<\/b><\/span><\/span><span style=\"font-family: Verdana, sans-serif;\"><span style=\"font-size: medium;\">) El conflicto entre Rep\u00fablica Dominicana y Hait\u00ed por la construcci\u00f3n de un canal de riego dej\u00f3 nuevamente en evidencia la fragilidad del Gobierno erosionado por la crisis pol\u00edtica, la violencia persistente y la recesi\u00f3n econ\u00f3mica.<\/span><\/span><\/p>\n<p class=\"western\" lang=\"es-DO\"><span style=\"font-family: Verdana, sans-serif;\"><span style=\"font-size: medium;\">Aunque alarmante, la situaci\u00f3n no es nueva, sino reflejo de los desaf\u00edos de un peque\u00f1o pa\u00eds que, 37 a\u00f1os despu\u00e9s de derrocar a la dictadura de Fran\u00e7ois y Jean Claude Duvalier (1957-1986), a\u00fan lucha por alcanzar la democracia a trav\u00e9s de un camino empedrado de injerencias, tutela internacional y tendencias hacia lo m\u00e1s extremo de la derecha.<\/span><\/span><\/p>\n<p class=\"western\" lang=\"es-DO\"><span style=\"font-family: Verdana, sans-serif;\"><span style=\"font-size: medium;\">Sin Parlamento, con una justicia apenas funcional ni funcionarios locales electos y un panorama pol\u00edtico muy fragmentado, la cr\u00f3nica de la inestabilidad en Hait\u00ed es m\u00e1s una consecuencia que una causa.<\/span><\/span><\/p>\n<p class=\"western\" lang=\"es-DO\"><span style=\"font-family: Verdana, sans-serif;\"><span style=\"font-size: medium;\">El actual primer ministro Ariel Henry, quien asumi\u00f3 el poder tras el asesinato del presidente Jovenel Mo\u00efse en 2021, cuenta con bajos \u00edndices de popularidad, una legitimidad cuestionada y proyectos de elecciones y reforma constitucional dif\u00edciles de implementar.<\/span><\/span><\/p>\n<p class=\"western\" lang=\"es-DO\">\u201c<span style=\"font-family: Verdana, sans-serif;\"><span style=\"font-size: medium;\">Tenemos un gobierno dirigido por Ariel Henry que no tiene ninguna legalidad, no est\u00e1 respaldado por ning\u00fan texto constitucional y tampoco goza de legitimidad, sino que ha sido designado por el Core Group, por un tuit, y no hubo ninguna consulta con las fuerzas sociales y pol\u00edticas del pa\u00eds para instalarlo\u201d, dijo a Prensa Latina Camille Chalmers, economista, investigador y analista pol\u00edtico.<\/span><\/span><\/p>\n<p class=\"western\" lang=\"es-DO\"><span style=\"font-family: Verdana, sans-serif;\"><span style=\"font-size: medium;\">El Core Group o Grupo Central naci\u00f3 al calor de la Misi\u00f3n de Naciones Unidas para la Estabilidad de Hait\u00ed, fuerza que ocup\u00f3 el pa\u00eds durante 13 a\u00f1os con resultados agridulces y una formaci\u00f3n incompleta de las fuerzas de seguridad.<\/span><\/span><\/p>\n<p class=\"western\" lang=\"es-DO\"><span style=\"font-family: Verdana, sans-serif;\"><span style=\"font-size: medium;\">Fue, quiz\u00e1s, uno de los ejemplos recientes m\u00e1s claros de la injerencia externa en los asuntos internos de Hait\u00ed, no solo durante la intervenci\u00f3n militar, de 2004 a 2017, sino incluso despu\u00e9s, cuando la Minustah ya era un mal recuerdo.<\/span><\/span><\/p>\n<p class=\"western\" lang=\"es-DO\"><span style=\"font-family: Verdana, sans-serif;\"><span style=\"font-size: medium;\">Tras el magnicidio ocurrido en 2021, y en medio de las tensiones por la sucesi\u00f3n del poder, el grupo formado por representantes de varios pa\u00edses, la Organizaci\u00f3n de Estados Americanos, la Organizaci\u00f3n de las Naciones Unidas y la Uni\u00f3n Europea dieron la espalda al hasta entonces primer ministro y canciller Claude Joseph para apoyar a Henry.<\/span><\/span><\/p>\n<p class=\"western\" lang=\"es-DO\"><span style=\"font-family: Verdana, sans-serif;\"><span style=\"font-size: medium;\">La cuestionada coalici\u00f3n alent\u00f3 la formaci\u00f3n de un Gobierno consensuado e inclusivo.\u00a0 \u201cCon este fin, anima encarecidamente al primer ministro designado Ariel Henry a proseguir la misi\u00f3n que se le ha encomendado de formar dicho Gobierno\u201d, escribieron entonces.<\/span><\/span><\/p>\n<p class=\"western\" lang=\"es-DO\"><span style=\"font-family: Verdana, sans-serif;\"><span style=\"font-size: medium;\">Dos a\u00f1os despu\u00e9s, expertos califican de \u201cmediocres\u201d los resultados de su gesti\u00f3n tanto en materia de seguridad como en pol\u00edtica econ\u00f3mica y social.<\/span><\/span><\/p>\n<div id=\"attachment_65550\" style=\"width: 310px\" class=\"wp-caption aligncenter\"><img fetchpriority=\"high\" decoding=\"async\" aria-describedby=\"caption-attachment-65550\" class=\"size-medium wp-image-65550\" src=\"https:\/\/eldiarioantillano.com\/wp-content\/uploads\/2023\/12\/INESTABILIDAD-EN-HAITI-TRES-1-300x200.jpg\" alt=\"\" width=\"300\" height=\"200\" srcset=\"https:\/\/eldiarioantillano.com\/uno\/wp-content\/uploads\/2023\/12\/INESTABILIDAD-EN-HAITI-TRES-1-300x200.jpg 300w, https:\/\/eldiarioantillano.com\/uno\/wp-content\/uploads\/2023\/12\/INESTABILIDAD-EN-HAITI-TRES-1-585x390.jpg 585w, https:\/\/eldiarioantillano.com\/uno\/wp-content\/uploads\/2023\/12\/INESTABILIDAD-EN-HAITI-TRES-1-263x175.jpg 263w, https:\/\/eldiarioantillano.com\/uno\/wp-content\/uploads\/2023\/12\/INESTABILIDAD-EN-HAITI-TRES-1.jpg 720w\" sizes=\"(max-width: 300px) 100vw, 300px\" \/><p id=\"caption-attachment-65550\" class=\"wp-caption-text\">Un manifestante porta un pedazo de madera que finge es un rifle durante una protesta antigubernamental en Puerto Pr\u00edncipe el 3 de octubre del 2022. (AP Photo\/Odelyn Joseph)<\/p><\/div>\n<p class=\"western\" lang=\"es-DO\"><span style=\"font-family: Verdana, sans-serif;\"><span style=\"font-size: medium;\"><b>PUGNAS POL\u00cdTICAS<\/b><\/span><\/span><\/p>\n<p class=\"western\" lang=\"es-DO\"><span style=\"font-family: Verdana, sans-serif;\"><span style=\"font-size: medium;\">M\u00e1s de un millar de organizaciones pol\u00edticas, sociales, religiosas, campesinas y personalidades se oponen a Henry. Algunos de ellos formaron una coalici\u00f3n conocida como Acuerdo Montana que busca soluciones nacionales a la crisis, critican una posible intervenci\u00f3n militar solicitada por el Gobierno y alientan la instauraci\u00f3n de una nueva administraci\u00f3n de transici\u00f3n.<\/span><\/span><\/p>\n<p class=\"western\" lang=\"es-DO\"><span style=\"font-family: Verdana, sans-serif;\"><span style=\"font-size: medium;\">Fruto de una serie de discusiones, debates, acciones de movilizaci\u00f3n y concientizaci\u00f3n realizados en el pa\u00eds, que buscaba una reflexi\u00f3n colectiva sobre la situaci\u00f3n nacional y que cuenta con m\u00e1s de 900 firmantes, el Montana es para las voces progresistas la mejor opci\u00f3n que tiene Hait\u00ed.<\/span><\/span><\/p>\n<p class=\"western\" lang=\"es-DO\">\u201c<span style=\"font-family: Verdana, sans-serif;\"><span style=\"font-size: medium;\">Esa soluci\u00f3n propuesta por el Acuerdo de Montana y m\u00e1s de mil representantes de organizaciones sociales y pol\u00edticas est\u00e1 obstaculizada por las fuerzas imperialistas y sus aliados que no aceptan la participaci\u00f3n de los sectores populares en el juego pol\u00edtico\u201d, se\u00f1al\u00f3 Chalmers.<\/span><\/span><\/p>\n<p class=\"western\" lang=\"es-DO\"><span style=\"font-family: Verdana, sans-serif;\"><span style=\"font-size: medium;\">Sin embargo, la plataforma tambi\u00e9n sufre fricciones a lo interno y la falta de poder real e intransigencias generaron divisiones entre sus miembros, algunos de los cuales incluso decidieron pasarse a las filas de los aliados del Gobierno.<\/span><\/span><\/p>\n<p class=\"western\" lang=\"es-DO\"><span style=\"font-family: Verdana, sans-serif;\"><span style=\"font-size: medium;\">A ellos se suman otras fuerzas con intereses similares, como el poderoso partido FanmiLavalas fundado por el expresidente Jean-Bertrand Aristide, que exigen la renuncia del primer ministro, pero sin llegar a alcanzar consenso entre s\u00ed.<\/span><\/span><\/p>\n<p class=\"western\" lang=\"es-DO\">\u201c<span style=\"font-family: Verdana, sans-serif;\"><span style=\"font-size: medium;\">En todo subyace la crisis pol\u00edtica, con un Gobierno ileg\u00edtimo que algunos vinculan con el magnicidio, a lo cual se suma que en los \u00faltimos a\u00f1os Hait\u00ed vive fuera de las normas constitucionales, y las autoridades gestionan sin contar con la carta magna y de manera autoritaria\u201d, dijo a esta agencia Franck Saint Jean, activista pol\u00edtico e integrante del partido RASIN Kan P\u00e8p La (Agrupaci\u00f3n Socialista por una Nueva Iniciativa Nacional).<\/span><\/span><\/p>\n<p class=\"western\" lang=\"es-DO\"><span style=\"font-family: Verdana, sans-serif;\"><span style=\"font-size: medium;\">Desde 2020, el Parlamento es disfuncional al cumplirse el mandato de diputados y senadores sin celebrarse elecciones, mientras que el Tribunal de Casaci\u00f3n, la mayor instancia judicial del pa\u00eds, estuvo ac\u00e9fala durante un a\u00f1o y medio, tras la muerte de su presidente Ren\u00e9 Sylvestre.<\/span><\/span><\/p>\n<p class=\"western\" lang=\"es-DO\"><span style=\"font-family: Verdana, sans-serif;\"><span style=\"font-size: medium;\">A finales del a\u00f1o pasado, el juez Jean Joseph Lebrun fue investido nuevo presidente de la Corte Suprema, lo cual fue bien recibido por organizaciones de magistrados, sin embargo, a\u00fan queda pendiente completar la n\u00f3mina para el correcto funcionamiento de la instituci\u00f3n.<\/span><\/span><\/p>\n<p class=\"western\" lang=\"es-DO\"><span style=\"font-family: Verdana, sans-serif;\"><span style=\"font-size: medium;\"><b>CRISIS ECON\u00d3MICA<\/b><\/span><\/span><\/p>\n<p class=\"western\" lang=\"es-DO\"><span style=\"font-family: Verdana, sans-serif;\"><span style=\"font-size: medium;\">Todo ello se da en un contexto de aguda crisis econ\u00f3mica con cinco a\u00f1os de recesi\u00f3n consecutivos, uno de los per\u00edodos m\u00e1s oscuros para las finanzas en Hait\u00ed y con perspectivas casi nulas de crecimiento.<\/span><\/span><\/p>\n<p class=\"western\" lang=\"es-DO\"><span style=\"font-family: Verdana, sans-serif;\"><span style=\"font-size: medium;\">Actualmente el pa\u00eds caribe\u00f1o tiene la tercera inflaci\u00f3n m\u00e1s alta en Am\u00e9rica Latina, detr\u00e1s de Argentina y Venezuela, y una persistente depreciaci\u00f3n de la moneda nacional, pese a que en los \u00faltimos meses el tipo de cambio se estabiliz\u00f3 sin explicaci\u00f3n macroecon\u00f3mica aparente, de acuerdo con expertos.<\/span><\/span><\/p>\n<p class=\"western\" lang=\"es-DO\"><span style=\"font-family: Verdana, sans-serif;\"><span style=\"font-size: medium;\">Seg\u00fan la carta marco para el proyecto de presupuesto 2023-2024 presentada en agosto \u00faltimo, los principales retos siguen siendo la inflaci\u00f3n, perturbaciones en el suministro, la distribuci\u00f3n de productos petrol\u00edferos y la depreciaci\u00f3n de la moneda nacional, combinada con un clima de inseguridad persistente.<\/span><\/span><\/p>\n<p class=\"western\" lang=\"es-DO\"><span style=\"font-family: Verdana, sans-serif;\"><span style=\"font-size: medium;\">El documento gubernamental se\u00f1al\u00f3 otros factores que influyen en el mal desempe\u00f1o econ\u00f3mico, como la crisis sociopol\u00edtica, mientras que los choques clim\u00e1ticos, naturales, sanitarios y financieros agravaron la inseguridad alimentaria que afecta a la mayor\u00eda de la poblaci\u00f3n desde hace varios a\u00f1os.<\/span><\/span><\/p>\n<p class=\"western\" lang=\"es-DO\"><span style=\"font-family: Verdana, sans-serif;\"><span style=\"font-size: medium;\"><b>VIOLENCIA<\/b><\/span><\/span><\/p>\n<p class=\"western\" lang=\"es-DO\"><span style=\"font-family: Verdana, sans-serif;\"><span style=\"font-size: medium;\">A mediados de septiembre la Red Nacional en Defensa de los Derechos Humanos (Rnddh) denunci\u00f3 que 104 personas fueron asesinadas, y una madre y su hija fueron v\u00edctimas de violaciones grupales durante las incursiones de las pandillas en Carrefour Feuilles, en la periferia de esta capital.<\/span><\/span><\/p>\n<p class=\"western\" lang=\"es-DO\"><span style=\"font-family: Verdana, sans-serif;\"><span style=\"font-size: medium;\">Solo del 4 de agosto al 12 de septiembre de 2023 la plataforma identific\u00f3, adem\u00e1s, 14 heridos, 35 casas saqueadas y varias desapariciones forzosas.<\/span><\/span><\/p>\n<p class=\"western\" lang=\"es-DO\"><span style=\"font-family: Verdana, sans-serif;\"><span style=\"font-size: medium;\">La zona lleva semanas bajo los constantes ataques de la banda de Grand-Ravine que quiere controlar el \u00e1rea, y ya agredieron varias infraestructuras claves como la subcomisar\u00eda policial y las instalaciones de la empresa el\u00e9ctrica.<\/span><\/span><\/p>\n<p class=\"western\" lang=\"es-DO\"><span style=\"font-family: Verdana, sans-serif;\"><span style=\"font-size: medium;\">Esto es solo la punta del iceberg de la ola de violencia en Hait\u00ed durante los \u00faltimos a\u00f1os, agravada tras el asesinato del presidente Jovenel Mo\u00efse, lo que sumi\u00f3 al pa\u00eds en una profunda crisis institucional.<\/span><\/span><\/p>\n<p class=\"western\" lang=\"es-DO\"><span style=\"font-family: Verdana, sans-serif;\"><span style=\"font-size: medium;\">De acuerdo con datos de Naciones Unidas sobre la situaci\u00f3n en Hait\u00ed, el n\u00famero de asesinatos registrados aument\u00f3 un 21 por ciento en 2023 y los secuestros crecieron hasta el 63 por ciento.<\/span><\/span><\/p>\n<p class=\"western\" lang=\"es-DO\"><span style=\"font-family: Verdana, sans-serif;\"><span style=\"font-size: medium;\">Tambi\u00e9n se incrementaron las violaciones de mujeres y ni\u00f1as, mientras que tres cuartas partes de Puerto Pr\u00edncipe son controladas por grupos armados.<\/span><\/span><\/p>\n<p class=\"western\" lang=\"es-DO\"><span style=\"font-family: Verdana, sans-serif;\"><span style=\"font-size: medium;\">Un estudio del Programa Mundial de Alimentos de la ONU revel\u00f3 que el 44 por ciento de los haitianos enfrenta inseguridad alimentaria como consecuencia de la violencia de las pandillas, adem\u00e1s de la desaceleraci\u00f3n econ\u00f3mica y los fen\u00f3menos meteorol\u00f3gicos.<\/span><\/span><\/p>\n<p class=\"western\" lang=\"es-DO\"><span style=\"font-family: Verdana, sans-serif;\"><span style=\"font-size: medium;\">Para muchas fuerzas progresistas, la situaci\u00f3n que vive Hait\u00ed es el resultado de d\u00e9cadas de pol\u00edticas injerencistas y de tratar de imponer modelos que no funcionan en la naci\u00f3n caribe\u00f1a.<\/span><\/span><\/p>\n<p class=\"western\" lang=\"es-DO\"><span style=\"font-family: Verdana, sans-serif;\"><span style=\"font-size: medium;\">La historia de intervenciones comenz\u00f3 en 1915 cuando soldados norteamericanos desembarcaron con el pretexto de estabilizar el pa\u00eds despu\u00e9s del cuarto magnicidio, y continu\u00f3 con las sucesivas ocupaciones desde la d\u00e9cada de 1990, luego de la ca\u00edda de la dictadura, entre ellas la Minustah, o los apoyos a golpes de Estado y a gobernantes autoritarios.<\/span><\/span><\/p>\n<p class=\"western\" lang=\"es-DO\"><span style=\"font-family: Verdana, sans-serif;\"><span style=\"font-size: medium;\">Para la sociedad civil, solo el relanzamiento del proceso democr\u00e1tico que responda al estado de devastaci\u00f3n del pa\u00eds puede solucionar la crisis.<\/span><\/span><\/p>\n<p class=\"western\" lang=\"es-DO\">\u201c<span style=\"font-family: Verdana, sans-serif;\"><span style=\"font-size: medium;\">La comunidad internacional, incluido Estados Unidos, lamentablemente siempre ha estado del lado equivocado de la cerca. Al decidir otorgar su protecci\u00f3n ciega a la coalici\u00f3n pol\u00edtica liderada por Ariel Henry, tambi\u00e9n opt\u00f3 por ignorar los esfuerzos de la sociedad civil para encontrar una soluci\u00f3n haitiana a la crisis multidimensional\u201d, se\u00f1al\u00f3 Rosy Auguste Duc\u00e9na, abogada y coordinadora de programas de la Rnddh.<\/span><\/span><\/p>\n<p class=\"western\" lang=\"es-DO\"><span style=\"font-family: Verdana, sans-serif;\"><span style=\"font-size: medium;\">Para analistas como Chalmers, lo que necesita Hait\u00ed es recuperar sus espacios pol\u00edticos y definir el proceso de desarrollo, las pol\u00edticas econ\u00f3micas y alianzas sin quedar totalmente capturado y encarcelado En fin, necesita recuperar su soberan\u00eda.<\/span><\/span><\/p>\n<p class=\"western\" lang=\"es-DO\"><span style=\"font-family: Verdana, sans-serif;\"><span style=\"font-size: medium;\">Ane <\/span><\/span><span style=\"font-family: Verdana, sans-serif;\"><span style=\"font-size: medium;\"><b>(Prensa Latina<\/b><\/span><\/span><span style=\"font-family: Verdana, sans-serif;\"><span style=\"font-size: medium;\">)<\/span><\/span><\/p>\n<p class=\"western\" lang=\"es-DO\">\n","protected":false},"excerpt":{"rendered":"<p>Puerto Pr\u00edncipe (Prensa Latina) El conflicto entre Rep\u00fablica Dominicana y Hait\u00ed por la construcci\u00f3n de&hellip;<\/p>\n","protected":false},"author":1,"featured_media":65548,"comment_status":"open","ping_status":"open","sticky":false,"template":"","format":"standard","meta":{"footnotes":""},"categories":[52],"tags":[137],"class_list":["post-65547","post","type-post","status-publish","format-standard","has-post-thumbnail","hentry","category-internacionales","tag-crisis-en-haiti"],"_links":{"self":[{"href":"https:\/\/eldiarioantillano.com\/uno\/wp-json\/wp\/v2\/posts\/65547","targetHints":{"allow":["GET"]}}],"collection":[{"href":"https:\/\/eldiarioantillano.com\/uno\/wp-json\/wp\/v2\/posts"}],"about":[{"href":"https:\/\/eldiarioantillano.com\/uno\/wp-json\/wp\/v2\/types\/post"}],"author":[{"embeddable":true,"href":"https:\/\/eldiarioantillano.com\/uno\/wp-json\/wp\/v2\/users\/1"}],"replies":[{"embeddable":true,"href":"https:\/\/eldiarioantillano.com\/uno\/wp-json\/wp\/v2\/comments?post=65547"}],"version-history":[{"count":0,"href":"https:\/\/eldiarioantillano.com\/uno\/wp-json\/wp\/v2\/posts\/65547\/revisions"}],"wp:featuredmedia":[{"embeddable":true,"href":"https:\/\/eldiarioantillano.com\/uno\/wp-json\/wp\/v2\/media\/65548"}],"wp:attachment":[{"href":"https:\/\/eldiarioantillano.com\/uno\/wp-json\/wp\/v2\/media?parent=65547"}],"wp:term":[{"taxonomy":"category","embeddable":true,"href":"https:\/\/eldiarioantillano.com\/uno\/wp-json\/wp\/v2\/categories?post=65547"},{"taxonomy":"post_tag","embeddable":true,"href":"https:\/\/eldiarioantillano.com\/uno\/wp-json\/wp\/v2\/tags?post=65547"}],"curies":[{"name":"wp","href":"https:\/\/api.w.org\/{rel}","templated":true}]}}