{"id":65521,"date":"2023-12-29T00:54:12","date_gmt":"2023-12-29T04:54:12","guid":{"rendered":"https:\/\/eldiarioantillano.com\/?p=65521"},"modified":"2023-12-29T00:54:12","modified_gmt":"2023-12-29T04:54:12","slug":"vicepresidenta-raquel-pena-encabeza-graduacion-de-5-414-tecnicos-y-maestros-tecnicos-del-infotep","status":"publish","type":"post","link":"https:\/\/eldiarioantillano.com\/uno\/2023\/12\/29\/vicepresidenta-raquel-pena-encabeza-graduacion-de-5-414-tecnicos-y-maestros-tecnicos-del-infotep\/","title":{"rendered":"Vicepresidenta Raquel Pe\u00f1a encabeza graduaci\u00f3n de 5, 414 t\u00e9cnicos y maestros t\u00e9cnicos del INFOTEP"},"content":{"rendered":"<p>DISTRITO NACIONAL. -La vicepresidenta de la Rep\u00fablica, Raquel Pe\u00f1a, encabez\u00f3 la ceremonia de la Graduaci\u00f3n Nacional 2023 del Instituto Nacional de Formaci\u00f3n T\u00e9cnico Profesional (INFOTEP), donde recibieron t\u00edtulos cinco mil 414 t\u00e9cnicos y maestros t\u00e9cnicos, de la m\u00e1s alta calidad, que contribuir\u00e1n a fortalecer el mercado de trabajo y a enriquecer el emprendimiento de nuevos negocios.<\/p>\n<p>La vicemandataria expres\u00f3 que la formaci\u00f3n t\u00e9cnico profesional es determinante para consolidar el desarrollo y continuar mejorando las condiciones de vida de todos los dominicanos, raz\u00f3n por la que la gesti\u00f3n del presidente Luis Abinader ha establecido estrategias para seguir fortaleciendo el INFOTEP.<\/p>\n<p>Asegur\u00f3 que, con esta renovada instituci\u00f3n, con sus egresados, aprendices y participantes, se puede responder con m\u00e1s rapidez y acierto a las demandas de una econom\u00eda cambiante y de los avances cient\u00edficos y tecnol\u00f3gicos, que tienen una fuerte incidencia en el mercado laboral.<\/p>\n<p>Raquel Pe\u00f1a refiri\u00f3 que los m\u00e1s de 5,400 nuevos t\u00e9cnicos y maestros t\u00e9cnicos, que se unen a los dos millones de auxiliares t\u00e9cnicos que se han formado en estos \u00faltimos tres a\u00f1os, \u00abson referentes para aquellos que los rodean y ven en ellos la prueba de lo que podemos lograr cuando nos centramos en estudiar, en desarrollar nuestras capacidades y formarnos o certificarnos\u00bb.<\/p>\n<p>Mientras que el director general del INFOTEP, Rafael Santos Bad\u00eda, expres\u00f3 que la sociedad de oportunidades que se est\u00e1 construyendo en la Rep\u00fablica Dominicana abre de nuevo, una ventana al futuro, en ocasi\u00f3n de la entrega al pa\u00eds de t\u00e9cnicos bien calificados, que se reciben en 62 carreras.<\/p>\n<p>\u201cEs por tales razones que nos atrevemos a decir, que esta es la m\u00e1s importante y significativa graduaci\u00f3n que ha celebrado el INFOTEP en toda su historia y que estamos llegando hasta donde vive la gente, ya que pasamos de siete centros propios a 42, en esta gesti\u00f3n\u201d, manifest\u00f3 el director del INFOTEP.<\/p>\n<p>Santos Bad\u00eda proclam\u00f3 que el Sistema de Formaci\u00f3n T\u00e9cnico Profesional, hoy da un nuevo paso firme y definitivo a la consolidaci\u00f3n de un camino seguro conducente a la empleabilidad y al trabajo decente.<\/p>\n<p>\u201cMuchos de los que hoy se grad\u00faan ya tienen empleo, y una parte de ellos lo obtuvieron a\u00fan antes de graduarse, pues pudieron, por la modalidad de la formaci\u00f3n dual, ocupar los miles de plazas de trabajo que se est\u00e1n creando en esta econom\u00eda pos Covid -19,\u201d precis\u00f3.<\/p>\n<p>Santos Bad\u00eda hizo \u00e9nfasis que todo el que tiene un t\u00edtulo de INFOTEP, debe ser elegible para un trabajo.<\/p>\n<p>De su lado, el ministro de trabajo, Luis Miguel De Camps, quien es tambi\u00e9n presidente ex oficio del INFOTEP, dijo que el liderazgo y apoyo del presidente Luis Abinader, ha contribuido en el fortalecimiento de la formaci\u00f3n t\u00e9cnica en el pa\u00eds.<\/p>\n<p>\u201cEste esfuerzo coordinado entre diversos sectores se refleja en el compromiso del gobierno con la creaci\u00f3n de empleo, las mejoras salariales, el fortalecimiento de la intermediaci\u00f3n y la tecnificaci\u00f3n de los recursos humanos, tanto para el presente como para el futuro del trabajo\u201d, afirm\u00f3.<\/p>\n<p><strong>T\u00e9cnicos y Maestros T\u00e9cnicos<\/strong><\/p>\n<p>Los egresados con t\u00edtulo de t\u00e9cnico, son aquellos que concluyeron todas las capacitaciones que completan una carrera, en un proceso que tiene una duraci\u00f3n de entre nueve meses y hasta m\u00e1s de un a\u00f1o.<\/p>\n<p>La formaci\u00f3n de maestro t\u00e9cnico, corresponde al nivel superior de instrucci\u00f3n que el INFOTEP certifica. Permite a los egresados recibir la capacitaci\u00f3n necesaria para desempe\u00f1ar puestos de mandos medios y desarrollar planes de capacitaci\u00f3n en la empresa o emprender su propio negocio. Estos son los preferidos por las empresas para desempe\u00f1ar funciones de mando y direcci\u00f3n.<\/p>\n<p><strong>Los egresados<\/strong><\/p>\n<p>Los m\u00e1s de cinco mil t\u00e9cnicos y maestros t\u00e9cnicos se unen a los dos millones de auxiliares t\u00e9cnicos, formados en estos tres \u00faltimos a\u00f1os.<\/p>\n<p>Cursaron carreras con una duraci\u00f3n desde nueve meses hasta m\u00e1s de un a\u00f1o, que cubren todos los campos, como Ciberseguridad, Tecnolog\u00eda de la informaci\u00f3n y comunicaci\u00f3n, Redes y comunicaciones de datos, Social Media, Telecomunicaciones, Auxiliar de enfermer\u00eda, Terapia f\u00edsica, Auxiliar de farmacia, Dise\u00f1o gr\u00e1fico, Construcci\u00f3n civil.<\/p>\n<p>Tambi\u00e9n egresaron t\u00e9cnicos de la industria tur\u00edstica, en las \u00e1reas de Recepci\u00f3n hotelera, Reposter\u00eda, Servicio de habitaci\u00f3n, Bar y restaurante. Se graduaron, adem\u00e1s, en Mec\u00e1nica automotriz y diesel e Instalaci\u00f3n y mantenimiento el\u00e9ctrico, en Venta, Contabilidad, Refrigeraci\u00f3n y aire acondicionado y Construcciones met\u00e1licas.<br \/>\nLos datos estad\u00edsticos establecen que el 53 por ciento de los graduandos son mueres y 47 por ciento hombres.<\/p>\n<p><strong>Graduandos de todas las regiones<\/strong><\/p>\n<p>A esta ceremonia de graduaci\u00f3n acudieron participantes del Distrito Nacional, en tanto que, de Santo Domingo, llegaron de comunidades de Villa Altagracia, Monte Plata, Haina, San Crist\u00f3bal, Boca Chica, Santo Domingo Este, Santo Domingo Oeste y Santo Domingo Norte<\/p>\n<p>De la regi\u00f3n del Cibao asistieron de poblados de Montecristi, Dajab\u00f3n Santiago Rodr\u00edguez, Valverde, Puerto Plata, Espaillat, Santiago, Hermanas Mirabal, Duarte, Monse\u00f1or Nouel, S\u00e1nchez Ram\u00edrez, Mar\u00eda Trinidad S\u00e1nchez y Saman\u00e1.<\/p>\n<p>De la regi\u00f3n Sur estuvieron presentes egresados de Barahona, Neiba, Pedernales, Independencia, Bahoruco, San Juan, Azua, Ban\u00ed, San Jos\u00e9 de Ocoa y El\u00edas Pi\u00f1a. Mientras que de la zona Este recibieron sus t\u00edtulos graduandos de Hig\u00fcey, San Pedro de Macor\u00eds, La Romana y B\u00e1varo y El Seybo.<\/p>\n<p><strong>Graduandos por Direcciones Regionales<\/strong><\/p>\n<p>De los 5 mil 414 t\u00e9cnicos y maestros t\u00e9cnicos que recibieron t\u00edtulos, mil 382 son procedentes de la Metropolitana; mil 354 Cibao Norte y mil 522 de la Sur. Asimismo, en las direcciones Este, Cibao Sur y la Oriental se graduaron Mil 156.<\/p>\n<p>Los t\u00e9cnicos se graduaron en las modalidades de Formaci\u00f3n Dual, Formaci\u00f3n Continua en Centro, Formaci\u00f3n por Itinerario, Validaci\u00f3n Ocupacional y Maestro T\u00e9cnico.<\/p>\n<p><strong>Palabras de agradecimiento<\/strong><\/p>\n<p>En representaci\u00f3n de los graduandos habl\u00f3 Aneurys Abel de la Rosa, t\u00e9cnico en Dise\u00f1o Gr\u00e1fico, quien expres\u00f3 su agradecimiento al INFOTEP por el compromiso inquebrantable con la capacitaci\u00f3n, que ha allanado el camino hacia los logros que hoy celebran con orgullo los nuevos t\u00e9cnicos.<\/p>\n<p>\u201cEn cada desaf\u00edo, en cada momento de dudas, recordemos que el camino no siempre es f\u00e1cil, pero el esfuerzo y la dedicaci\u00f3n son las llaves que abren puertas inimaginables. Sigamos avanzando con valent\u00eda y dedicaci\u00f3n, porque cada obst\u00e1culo superado nos acerca m\u00e1s a nuestros sue\u00f1os\u201d, destac\u00f3 de la Rosa.<\/p>\n<p>En esta Graduaci\u00f3n Nacional 2023 participaron representantes de asociaciones empresariales, gubernamentales y sindicales y de la Junta de Directores del INFOTEP.<\/p>\n<p>Entre los presentes estuvieron Marie Laurie Aristy, viceministra de Trabajo y presidenta en funciones de la Junta de Directores del INFOTEP; Mario Pujols, vicepresidente de la Asociaci\u00f3n de Industrias de la Rep\u00fablica Dominicana; Jacobo Ramos, presidente de la Confederaci\u00f3n Nacional de Trabajadores Dominicanos; Rafael Abreu, presidente de la Confederaci\u00f3n Nacional de Unidad Sindical; Eduardo Bogaert, presidente de la Asociaci\u00f3n Dominicana de Zonas Francas; Carlos Ram\u00f3n Febrillet, comandante general de la Fuerza A\u00e9rea y Jorge Morel de Dios, director general de las Escuelas Vocacionales de las FFAA.<\/p>\n","protected":false},"excerpt":{"rendered":"<p>DISTRITO NACIONAL. -La vicepresidenta de la Rep\u00fablica, Raquel Pe\u00f1a, encabez\u00f3 la ceremonia de la Graduaci\u00f3n&hellip;<\/p>\n","protected":false},"author":1,"featured_media":65522,"comment_status":"open","ping_status":"open","sticky":false,"template":"","format":"standard","meta":{"footnotes":""},"categories":[55],"tags":[],"class_list":["post-65521","post","type-post","status-publish","format-standard","has-post-thumbnail","hentry","category-nacionales"],"_links":{"self":[{"href":"https:\/\/eldiarioantillano.com\/uno\/wp-json\/wp\/v2\/posts\/65521","targetHints":{"allow":["GET"]}}],"collection":[{"href":"https:\/\/eldiarioantillano.com\/uno\/wp-json\/wp\/v2\/posts"}],"about":[{"href":"https:\/\/eldiarioantillano.com\/uno\/wp-json\/wp\/v2\/types\/post"}],"author":[{"embeddable":true,"href":"https:\/\/eldiarioantillano.com\/uno\/wp-json\/wp\/v2\/users\/1"}],"replies":[{"embeddable":true,"href":"https:\/\/eldiarioantillano.com\/uno\/wp-json\/wp\/v2\/comments?post=65521"}],"version-history":[{"count":0,"href":"https:\/\/eldiarioantillano.com\/uno\/wp-json\/wp\/v2\/posts\/65521\/revisions"}],"wp:featuredmedia":[{"embeddable":true,"href":"https:\/\/eldiarioantillano.com\/uno\/wp-json\/wp\/v2\/media\/65522"}],"wp:attachment":[{"href":"https:\/\/eldiarioantillano.com\/uno\/wp-json\/wp\/v2\/media?parent=65521"}],"wp:term":[{"taxonomy":"category","embeddable":true,"href":"https:\/\/eldiarioantillano.com\/uno\/wp-json\/wp\/v2\/categories?post=65521"},{"taxonomy":"post_tag","embeddable":true,"href":"https:\/\/eldiarioantillano.com\/uno\/wp-json\/wp\/v2\/tags?post=65521"}],"curies":[{"name":"wp","href":"https:\/\/api.w.org\/{rel}","templated":true}]}}