{"id":65473,"date":"2023-12-26T00:34:04","date_gmt":"2023-12-26T04:34:04","guid":{"rendered":"https:\/\/eldiarioantillano.com\/?p=65473"},"modified":"2023-12-26T00:34:04","modified_gmt":"2023-12-26T04:34:04","slug":"sostiene-presidente-del-icaic-positivos-intercambios-en-dominicana","status":"publish","type":"post","link":"https:\/\/eldiarioantillano.com\/uno\/2023\/12\/26\/sostiene-presidente-del-icaic-positivos-intercambios-en-dominicana\/","title":{"rendered":"Sostiene presidente del ICAIC positivos intercambios en Dominicana"},"content":{"rendered":"<p>Santo Domingo, 24 dic (Prensa Latina) El presidente del Instituto Cubano del Arte e Industria Cinematogr\u00e1ficos (ICAIC), Alexis Triana, ponder\u00f3 el enriquecedor intercambio sostenido con la Direcci\u00f3n General de Cine (DGC) de Rep\u00fablica Dominicana, en esta capital.<br \/>\nEn declaraciones a Prensa Latina, Triana dijo que dialog\u00f3 con su directora general, Mariana Vargas, y con otros ejecutivos de la instituci\u00f3n, acerca del estado actual de la cinematograf\u00eda de los dos pa\u00edses y la trascendencia que podr\u00eda tener un mayor acercamiento bilateral.<br \/>\nEn ese sentido, adelant\u00f3 la posibilidad de que una delegaci\u00f3n de la DGC visite La Habana en marzo pr\u00f3ximo para compartir su experiencia de m\u00e1s de una d\u00e9cada sobre la ley nacional de cine y lo que ha significado para la producci\u00f3n nacional.<br \/>\nTambi\u00e9n, para presentar una muestra del cine que se hace en esta naci\u00f3n caribe\u00f1a.<br \/>\nManifest\u00f3 que cualquier tipo de copia es un descalabro, pero consider\u00f3 interesante como los dominicanos adaptaron experiencias internacionales a su realidad y crearon una nueva ley para estimular la realizaci\u00f3n nacional y, entre otros objetivos, fomentar el rodaje de filmes extranjeros.<br \/>\nEs digno de atender como experiencia, expres\u00f3, una ley que establece que quien filme en Rep\u00fablica Dominicana tiene primero que estar frente a un productor nacional, que los impuestos sirven para movilizar recursos y que los incentivos fiscales permiten seguir invirtiendo en el sector.<br \/>\nCreo que a Cuba le toca, en medio del debate actual sobre c\u00f3mo hacer un mejor cine, estudiar esta pr\u00e1ctica, definir qu\u00e9 puede o no ser v\u00e1lido a nuestra realidad, y que beneficie la producci\u00f3n nacional.<br \/>\nSe\u00f1al\u00f3 que hoy se hacen en Santo Domingo entre 15 y 20 pel\u00edculas al a\u00f1o con capital extranjero y hay un compromiso de al menos tres producciones nacionales. En vez de competir, apunt\u00f3, podemos complementarnos.<br \/>\nLa DGC, con personalidad jur\u00eddica y autonom\u00eda administrativa y financiera, fue instituida para fomentar el desarrollo de la industria nacional, posee experiencia en el r\u00e9gimen del incentivo fiscal y ha logrado mantener trabajando a ese recurso humano que graduaron en varios pa\u00edses, incluido Cuba.<br \/>\nTriana explic\u00f3 que visit\u00f3 sets de filmaci\u00f3n y otros lugares vinculados a la industria del cine. Fue muy significativo, se\u00f1al\u00f3, ver el rigor con que se trabaja en los estudios, encontrar esa calidez en el trato dominicano, ese respeto hacia Cuba y a la industria del cine que, dijo, estamos obligados a rescatar y a potenciar.<br \/>\nEn los encuentros con los directivos dominicanos, expres\u00f3, hablamos de la necesidad de un mayor intercambio, de que se vea cine dominicano en Cuba, y el nuestro aqu\u00ed; hoy no existen esos mecanismos de intercambio engrasados, a pesar de que, precis\u00f3, tenemos convenios firmados.<br \/>\nTriana coment\u00f3 a Prensa Latina que, durante la visita a un set de filmaci\u00f3n, a m\u00e1s de 240 kil\u00f3metros de la capital, fue conmovedor como cubano ver acerc\u00e1rsele a un actor haitiano que estudi\u00f3 y se gradu\u00f3 en 2011 en la Escuela de Cine de San Antonio de los Ba\u00f1os.<br \/>\nTambi\u00e9n conversar con un asistente de direcci\u00f3n que curs\u00f3 varios talleres en ese mismo centro y a una vestuarista que le manifest\u00f3 que le gustar\u00eda que la invitaran al \u201calmac\u00e9n\u201d de vestuario del ICAIC, y a otros titulados en Cuba.<br \/>\nEn su opini\u00f3n, por muchas razones tenemos la obligaci\u00f3n moral de hacer algo m\u00e1s por seguir conoci\u00e9ndonos, porque en Rep\u00fablica Dominicana se est\u00e1 rodando cine, y mucho, y Cuba puede acompa\u00f1ar esa din\u00e1mica.<br \/>\nDestac\u00f3 que no tienen los dominicanos la menor duda de que al lado de su pa\u00eds hay 65 a\u00f1os de una industria de cine (Cuba), y a su vez ellos han ganado una d\u00e9cada, pues poseen gente joven muy bien formada.<br \/>\nAdem\u00e1s, estim\u00f3 que Cuba significa ese afecto emocional del que hablo, ya que nuestro cine\u00a0 forma parte de su referente.<br \/>\nmpv ( Prensa Latina)<\/p>\n<div class=\"yj6qo\"><\/div>\n","protected":false},"excerpt":{"rendered":"<p>Santo Domingo, 24 dic (Prensa Latina) El presidente del Instituto Cubano del Arte e Industria&hellip;<\/p>\n","protected":false},"author":1,"featured_media":65475,"comment_status":"open","ping_status":"open","sticky":false,"template":"","format":"standard","meta":{"footnotes":""},"categories":[52],"tags":[],"class_list":["post-65473","post","type-post","status-publish","format-standard","has-post-thumbnail","hentry","category-internacionales"],"_links":{"self":[{"href":"https:\/\/eldiarioantillano.com\/uno\/wp-json\/wp\/v2\/posts\/65473","targetHints":{"allow":["GET"]}}],"collection":[{"href":"https:\/\/eldiarioantillano.com\/uno\/wp-json\/wp\/v2\/posts"}],"about":[{"href":"https:\/\/eldiarioantillano.com\/uno\/wp-json\/wp\/v2\/types\/post"}],"author":[{"embeddable":true,"href":"https:\/\/eldiarioantillano.com\/uno\/wp-json\/wp\/v2\/users\/1"}],"replies":[{"embeddable":true,"href":"https:\/\/eldiarioantillano.com\/uno\/wp-json\/wp\/v2\/comments?post=65473"}],"version-history":[{"count":0,"href":"https:\/\/eldiarioantillano.com\/uno\/wp-json\/wp\/v2\/posts\/65473\/revisions"}],"wp:featuredmedia":[{"embeddable":true,"href":"https:\/\/eldiarioantillano.com\/uno\/wp-json\/wp\/v2\/media\/65475"}],"wp:attachment":[{"href":"https:\/\/eldiarioantillano.com\/uno\/wp-json\/wp\/v2\/media?parent=65473"}],"wp:term":[{"taxonomy":"category","embeddable":true,"href":"https:\/\/eldiarioantillano.com\/uno\/wp-json\/wp\/v2\/categories?post=65473"},{"taxonomy":"post_tag","embeddable":true,"href":"https:\/\/eldiarioantillano.com\/uno\/wp-json\/wp\/v2\/tags?post=65473"}],"curies":[{"name":"wp","href":"https:\/\/api.w.org\/{rel}","templated":true}]}}