{"id":65325,"date":"2023-12-16T02:01:41","date_gmt":"2023-12-16T06:01:41","guid":{"rendered":"https:\/\/eldiarioantillano.com\/?p=65325"},"modified":"2023-12-16T02:01:41","modified_gmt":"2023-12-16T06:01:41","slug":"cepal-preve-crecimiento-de-3-1-para-2023-en-economia-rd-y-4-1-para-2024","status":"publish","type":"post","link":"https:\/\/eldiarioantillano.com\/uno\/2023\/12\/16\/cepal-preve-crecimiento-de-3-1-para-2023-en-economia-rd-y-4-1-para-2024\/","title":{"rendered":"CEPAL prev\u00e9 crecimiento de 3.1% para 2023 en econom\u00eda RD y 4.1% para 2024"},"content":{"rendered":"<p>En 2023 la econom\u00eda mundial crecer\u00eda un 3,0%, frente al 3,5% registrado en 2022 (v\u00e9ase el gr\u00e1fico 1). Este menor dinamismo se explica principalmente por la desaceleraci\u00f3n del consumo, en particular en las econom\u00edas avanzadas, ante los todav\u00eda altos niveles de precios y el endurecimiento de la pol\u00edtica monetaria, as\u00ed como un menor ritmo de expansi\u00f3n del comercio mundial. La tasa de expansi\u00f3n esperada para 2023 es menor al promedio registrado entre 2010 y 2019 (3,7%).<\/p>\n<p>El producto interno bruto (PIB) de las econom\u00edas avanzadas aumentar\u00eda solo un 1,5% en 2023, despu\u00e9s del 2,7% registrado en 2022. Las econom\u00edas emergentes y en desarrollo, por su parte, observar\u00edan una expansi\u00f3n del 4,0%, misma tasa que la reportada en 2022, alentadas por un dinamismo significativo de la actividad econ\u00f3mica en China y la India.<\/p>\n<p>Descargue el informe completo aqu\u00ed:<\/p>\n<p><a href=\"https:\/\/eldiarioantillano.com\/uno\/wp-content\/uploads\/2023\/12\/CEPAL-crecimeinto-economico.pdf\">CEPAL, crecimeinto econ\u00f3mico<\/a><\/p>\n","protected":false},"excerpt":{"rendered":"<p>En 2023 la econom\u00eda mundial crecer\u00eda un 3,0%, frente al 3,5% registrado en 2022 (v\u00e9ase&hellip;<\/p>\n","protected":false},"author":1,"featured_media":65418,"comment_status":"open","ping_status":"open","sticky":false,"template":"","format":"standard","meta":{"footnotes":""},"categories":[62,52],"tags":[],"class_list":["post-65325","post","type-post","status-publish","format-standard","has-post-thumbnail","hentry","category-economia","category-internacionales"],"_links":{"self":[{"href":"https:\/\/eldiarioantillano.com\/uno\/wp-json\/wp\/v2\/posts\/65325","targetHints":{"allow":["GET"]}}],"collection":[{"href":"https:\/\/eldiarioantillano.com\/uno\/wp-json\/wp\/v2\/posts"}],"about":[{"href":"https:\/\/eldiarioantillano.com\/uno\/wp-json\/wp\/v2\/types\/post"}],"author":[{"embeddable":true,"href":"https:\/\/eldiarioantillano.com\/uno\/wp-json\/wp\/v2\/users\/1"}],"replies":[{"embeddable":true,"href":"https:\/\/eldiarioantillano.com\/uno\/wp-json\/wp\/v2\/comments?post=65325"}],"version-history":[{"count":0,"href":"https:\/\/eldiarioantillano.com\/uno\/wp-json\/wp\/v2\/posts\/65325\/revisions"}],"wp:featuredmedia":[{"embeddable":true,"href":"https:\/\/eldiarioantillano.com\/uno\/wp-json\/wp\/v2\/media\/65418"}],"wp:attachment":[{"href":"https:\/\/eldiarioantillano.com\/uno\/wp-json\/wp\/v2\/media?parent=65325"}],"wp:term":[{"taxonomy":"category","embeddable":true,"href":"https:\/\/eldiarioantillano.com\/uno\/wp-json\/wp\/v2\/categories?post=65325"},{"taxonomy":"post_tag","embeddable":true,"href":"https:\/\/eldiarioantillano.com\/uno\/wp-json\/wp\/v2\/tags?post=65325"}],"curies":[{"name":"wp","href":"https:\/\/api.w.org\/{rel}","templated":true}]}}