{"id":65314,"date":"2024-04-03T01:16:40","date_gmt":"2024-04-03T05:16:40","guid":{"rendered":"https:\/\/eldiarioantillano.com\/?p=65314"},"modified":"2024-04-03T01:16:40","modified_gmt":"2024-04-03T05:16:40","slug":"museo-de-historia-y-geografia-anuncia-conferencia-tomas-bobadilla-primer-presidente-de-republica-dominicana","status":"publish","type":"post","link":"https:\/\/eldiarioantillano.com\/uno\/2024\/04\/03\/museo-de-historia-y-geografia-anuncia-conferencia-tomas-bobadilla-primer-presidente-de-republica-dominicana\/","title":{"rendered":"Museo de Historia y Geograf\u00eda anuncia conferencia \u201cTom\u00e1s Bobadilla: Primer Presidente de Rep\u00fablica Dominicana\u201d"},"content":{"rendered":"<p>Santo Domingo. El Museo Nacional de Historia y Geograf\u00eda (MNHG) realizar\u00e1 la conferencia \u201cTom\u00e1s Bobadilla: Primer Presidente de Rep\u00fablica Dominicana\u201d, a cargo del historiador Manuel Otilio P\u00e9rez P\u00e9rez, el pr\u00f3ximo jueves 4 de abril del a\u00f1o en curso, a las 11:00 de la ma\u00f1ana, en la instituci\u00f3n muse\u00edstica.<\/p>\n<p>El historiador, catedr\u00e1tico y director del Museo Nacional de Historia y Geograf\u00eda (MNHG), Jos\u00e9 G. Guerrero, revel\u00f3 que la conferencia forma parte de una serie de coloquios programados para este a\u00f1o con miras a conocer en detalle los expresidentes de la Rep\u00fablica Dominicana.<\/p>\n<p>El conferencista invitado para este primer encuentro, Manuel Otilio P\u00e9rez P\u00e9rez naci\u00f3 en la Secci\u00f3n Santana (El Cerro), de la Com\u00fan Tamayo, Provincia del Bahoruco. Estudi\u00f3 en Santana, en Tamayo, en Villa Jaragua, y en Barahona. Se gradu\u00f3 en la Universidad Aut\u00f3noma de Santo Domingo de Ingeniero Civil. Actualmente es Miembro del Colegio Dominicano de Ingenieros, Arquitectos y Agrimensores (CODIA).<\/p>\n<p>Ha publicado tres libros sobre el Pr\u00f3cer Tom\u00e1s Bobadilla: \u201cLa impronta indeleble de Tom\u00e1s Bobadilla\u2026 uno de los fundadores de la patria\u201d, \u201cEl legado imperecedero de Tom\u00e1s Bobadilla. Fundador y organizador del Estado dominicano\u201d, y \u201cLa praxis coherente de Tom\u00e1s Bobadilla. El servidor p\u00fablico\u201d.<\/p>\n<p>El Museo Nacional de Historia y Geograf\u00eda (MNHG), ubicado en la Plaza de la Cultura Juan Pablo Duarte de Santo Domingo, est\u00e1 abierto al p\u00fablico de martes a domingo, en horario de 10:00 a. m. a 6:00 p. m. Para m\u00e1s informaci\u00f3n, pueden acceder a su perfil de Instagram: @museohistoriaygeografiard.<\/p>\n","protected":false},"excerpt":{"rendered":"<p>Santo Domingo. El Museo Nacional de Historia y Geograf\u00eda (MNHG) realizar\u00e1 la conferencia \u201cTom\u00e1s Bobadilla:&hellip;<\/p>\n","protected":false},"author":1,"featured_media":65315,"comment_status":"open","ping_status":"open","sticky":false,"template":"","format":"standard","meta":{"footnotes":""},"categories":[63,55],"tags":[],"class_list":["post-65314","post","type-post","status-publish","format-standard","has-post-thumbnail","hentry","category-cultura","category-nacionales"],"_links":{"self":[{"href":"https:\/\/eldiarioantillano.com\/uno\/wp-json\/wp\/v2\/posts\/65314","targetHints":{"allow":["GET"]}}],"collection":[{"href":"https:\/\/eldiarioantillano.com\/uno\/wp-json\/wp\/v2\/posts"}],"about":[{"href":"https:\/\/eldiarioantillano.com\/uno\/wp-json\/wp\/v2\/types\/post"}],"author":[{"embeddable":true,"href":"https:\/\/eldiarioantillano.com\/uno\/wp-json\/wp\/v2\/users\/1"}],"replies":[{"embeddable":true,"href":"https:\/\/eldiarioantillano.com\/uno\/wp-json\/wp\/v2\/comments?post=65314"}],"version-history":[{"count":0,"href":"https:\/\/eldiarioantillano.com\/uno\/wp-json\/wp\/v2\/posts\/65314\/revisions"}],"wp:featuredmedia":[{"embeddable":true,"href":"https:\/\/eldiarioantillano.com\/uno\/wp-json\/wp\/v2\/media\/65315"}],"wp:attachment":[{"href":"https:\/\/eldiarioantillano.com\/uno\/wp-json\/wp\/v2\/media?parent=65314"}],"wp:term":[{"taxonomy":"category","embeddable":true,"href":"https:\/\/eldiarioantillano.com\/uno\/wp-json\/wp\/v2\/categories?post=65314"},{"taxonomy":"post_tag","embeddable":true,"href":"https:\/\/eldiarioantillano.com\/uno\/wp-json\/wp\/v2\/tags?post=65314"}],"curies":[{"name":"wp","href":"https:\/\/api.w.org\/{rel}","templated":true}]}}