{"id":65310,"date":"2024-04-03T01:09:52","date_gmt":"2024-04-03T05:09:52","guid":{"rendered":"https:\/\/eldiarioantillano.com\/?p=65310"},"modified":"2024-04-03T01:09:52","modified_gmt":"2024-04-03T05:09:52","slug":"corriente-magisterial-juan-pablo-duarte-escoge-candidato-para-presidente-adp","status":"publish","type":"post","link":"https:\/\/eldiarioantillano.com\/uno\/2024\/04\/03\/corriente-magisterial-juan-pablo-duarte-escoge-candidato-para-presidente-adp\/","title":{"rendered":"Corriente magisterial Juan Pablo Duarte escoge candidato para presidente ADP"},"content":{"rendered":"<p style=\"text-align: left;\" align=\"center\">La comisi\u00f3n electora de la corriente magisterial Juan Pablo Duarte nos comunica lo siguiente:<\/p>\n<p align=\"center\"><span style=\"font-family: Papyrus, serif;\"><b>CORRIENTE MAGISTERIAL JUAN PABLO DUARTE<\/b><\/span><\/p>\n<p><span style=\"font-size: large;\"><b>COMISI\u00d3N ELECTORA<\/b><\/span><\/p>\n<p><span style=\"font-size: medium;\">Santo Domingo D.N.<\/span><\/p>\n<p><span style=\"font-size: medium;\">2 de abril 2024<\/span><\/p>\n<p>&nbsp;<\/p>\n<p><span style=\"font-size: medium;\">A: los miembros y dirigentes de la Corriente Magisterial Juan Pablo Duarte <\/span><\/p>\n<p><span style=\"font-size: medium;\">Al: Magisterio en general<\/span><\/p>\n<p>&nbsp;<\/p>\n<p><span style=\"font-size: medium;\">Distinguidos\/as Compa\u00f1eros\/as<\/span><\/p>\n<p align=\"justify\"><span style=\"font-size: medium;\">La Comisi\u00f3n Electoral, que ha conducido el proceso de consulta para la escogencia del candidato a la presidencia nacional de la ADP por nuestra CORRIENTE MAGISTERIAL, informa que el Prof. Menegildo de la Rosa declin\u00f3 su candidatura en favor del compa\u00f1ero Miguel \u00c1ngel Fern\u00e1ndez.<\/span><\/p>\n<p align=\"justify\"><span style=\"font-size: medium;\">Por tanto, esta Comisi\u00f3n Electoral:<\/span><\/p>\n<ol>\n<li>\n<p align=\"justify\"><span style=\"font-size: medium;\">Acogemos la declinatoria del profesor Menegilda de la Rosa.<\/span><\/p>\n<\/li>\n<li>\n<p align=\"justify\"><span style=\"font-size: medium;\">Damos por concluido el proceso de consulta.<\/span><\/p>\n<\/li>\n<li>\n<p align=\"justify\"><span style=\"font-size: medium;\">Proclamamos al Prof. Miguel \u00c1ngel Fern\u00e1ndez como nuestro candidato a la presidencia nacional de la ADP, para las elecciones de octubre 2024. <\/span><\/p>\n<\/li>\n<\/ol>\n<p align=\"justify\"><span style=\"font-size: medium;\">La Comisi\u00f3n Electoral valora la declinatoria del maestro Menegilda de la Rosa como una muestra de desprendimiento y compromiso con nuestra corriente y el magisterio. Tambi\u00e9n es un mensaje de fortaleza, identidad y unidad de la corriente Juan Pablo Duarte.<\/span><\/p>\n<p align=\"justify\"><span style=\"font-size: medium;\">Agradecer a todos los maestros\/as el entusiasmo con que acogieron la consulta y su firme disposici\u00f3n de participar.<\/span><\/p>\n<p align=\"center\"><span style=\"font-size: medium;\">Viva la Corriente Magisterial Juan Pablo Duarte<\/span><\/p>\n<p align=\"center\"><span style=\"font-size: medium;\">Miguel \u00c1ngel Fern\u00e1ndez, presidente<\/span><\/p>\n<p align=\"center\"><span style=\"font-size: medium;\">Por la Comisi\u00f3n Electoral<\/span><\/p>\n<p align=\"center\"><span style=\"font-size: medium;\">Prof. F\u00e9lix Rodr\u00edguez Prof. Rafael Feliz Prof. Domingo Mej\u00eda Fr\u00edas<\/span><\/p>\n","protected":false},"excerpt":{"rendered":"<p>La comisi\u00f3n electora de la corriente magisterial Juan Pablo Duarte nos comunica lo siguiente: CORRIENTE&hellip;<\/p>\n","protected":false},"author":1,"featured_media":64748,"comment_status":"open","ping_status":"open","sticky":false,"template":"","format":"standard","meta":{"footnotes":""},"categories":[55,1],"tags":[],"class_list":["post-65310","post","type-post","status-publish","format-standard","has-post-thumbnail","hentry","category-nacionales","category-uncategorized"],"_links":{"self":[{"href":"https:\/\/eldiarioantillano.com\/uno\/wp-json\/wp\/v2\/posts\/65310","targetHints":{"allow":["GET"]}}],"collection":[{"href":"https:\/\/eldiarioantillano.com\/uno\/wp-json\/wp\/v2\/posts"}],"about":[{"href":"https:\/\/eldiarioantillano.com\/uno\/wp-json\/wp\/v2\/types\/post"}],"author":[{"embeddable":true,"href":"https:\/\/eldiarioantillano.com\/uno\/wp-json\/wp\/v2\/users\/1"}],"replies":[{"embeddable":true,"href":"https:\/\/eldiarioantillano.com\/uno\/wp-json\/wp\/v2\/comments?post=65310"}],"version-history":[{"count":0,"href":"https:\/\/eldiarioantillano.com\/uno\/wp-json\/wp\/v2\/posts\/65310\/revisions"}],"wp:featuredmedia":[{"embeddable":true,"href":"https:\/\/eldiarioantillano.com\/uno\/wp-json\/wp\/v2\/media\/64748"}],"wp:attachment":[{"href":"https:\/\/eldiarioantillano.com\/uno\/wp-json\/wp\/v2\/media?parent=65310"}],"wp:term":[{"taxonomy":"category","embeddable":true,"href":"https:\/\/eldiarioantillano.com\/uno\/wp-json\/wp\/v2\/categories?post=65310"},{"taxonomy":"post_tag","embeddable":true,"href":"https:\/\/eldiarioantillano.com\/uno\/wp-json\/wp\/v2\/tags?post=65310"}],"curies":[{"name":"wp","href":"https:\/\/api.w.org\/{rel}","templated":true}]}}