{"id":65308,"date":"2024-04-03T01:04:55","date_gmt":"2024-04-03T05:04:55","guid":{"rendered":"https:\/\/eldiarioantillano.com\/?p=65308"},"modified":"2024-04-03T01:04:55","modified_gmt":"2024-04-03T05:04:55","slug":"meteorologia-pronostica-temperatura-fresca-en-la-manana-y-calurosa-mas-tarde","status":"publish","type":"post","link":"https:\/\/eldiarioantillano.com\/uno\/2024\/04\/03\/meteorologia-pronostica-temperatura-fresca-en-la-manana-y-calurosa-mas-tarde\/","title":{"rendered":"Meteorolog\u00eda pronostica temperatura fresca en la ma\u00f1ana y calurosa m\u00e1s tarde"},"content":{"rendered":"<p><strong>Martes 02\u00a0<\/strong><strong>de abril de 2024 a las 6:00 p.m. V\u00e1lido hasta el jueves 04 de abril de 2024 a las 6:00 p.m.<\/strong><\/p>\n<p><strong>ESCASAS PRECIPITACIONES A NIVEL NACIONAL\u00a0<\/strong><strong>TEMPERATURAS AGRADABLES EN LA NOCHE Y LA MADRUGADA<\/strong><\/p>\n<p>Durante el d\u00eda de hoy, no se han registrado precipitaciones de consideraci\u00f3n sobre el territorio dominicano. Esta condici\u00f3n obedece a la incidencia de un sistema anticicl\u00f3nico. El cual, tiene como caracter\u00edstica fundamental, inhibir las formaciones nubosas generadoras de lluvias de acumulados significados. Por esta raz\u00f3n, hemos observado, durante todo el d\u00eda, un cielo mayormente soleado favorable para realizar diferentes tipos de actividades al aire libre. Sin embargo, la influencia del viento moderado del este\/noreste y los efectos locales, propios de la orograf\u00eda del territorio dominicano, han estado originando ocasionales chubascos aislados de corta duraci\u00f3n, principalmente en algunos poblados del interior del pa\u00eds. Dichas lluvias continuar\u00e1n disminuyendo gradualmente durante en transcurso de la tarde hasta desaparecer de manera definitiva, destac\u00e1ndose un cielo con poca nubosidad a partir de esta noche.<\/p>\n<p><strong>Para el mi\u00e9rcoles<\/strong>, no prevemos cambios de consideraci\u00f3n en las condiciones meteorol\u00f3gicas sobre el pa\u00eds debido a la permanencia de un sistema anticicl\u00f3nico. El cual, seguir\u00e1 predominando en nuestra \u00e1rea de pron\u00f3stico. Sin embargo, el viento del este\/sureste podr\u00eda generar algunos incrementos de la nubosidad, provocando chubascos aislados, de forma muy puntual, principalmente hacia el interior de la geograf\u00eda nacional.<\/p>\n<p>T<strong>emperaturas<\/strong>\u00a0agradables durante la noche, madrugada y primeras horas de la ma\u00f1ana, principalmente en zonas monta\u00f1osas y valles del interior del pa\u00eds. Sin embargo, durante la tarde, se tornar\u00e1n calurosas.<\/p>\n<p><strong>Distrito Nacional:<\/strong>\u00a0poca nubosidad.<\/p>\n<p><strong>Santo Domingo Este<\/strong>: cielo mayormente con escasas nubes.<\/p>\n<p><strong>Santo Domingo Norte:\u00a0<\/strong>medio nublado en ocasiones. Chubascos aislados de corta duraci\u00f3n.<\/p>\n<p><strong>Santo Domingo Oeste:<\/strong>\u00a0nubosidad aislada.<\/p>\n<p><strong>El Gran Santo Domingo:<\/strong>\u00a0<strong>temperatura m\u00ednima entre\u00a020 \u00b0C y 22 \u00b0C\u00a0y la m\u00e1xima entre\u00a029\u202f\u00b0C y 31 \u00b0C.<\/strong><\/p>\n<p><strong>Resumen:\u00a0<\/strong>Nubosidad dispersa. No obstante, prevemos algunos chubascos aislados de corta duraci\u00f3n sobre poblados muy puntuales del interior del pa\u00eds hasta las primeras horas de la noche debido a la influencia del viento\u2026 Temperaturas agradables en horas de la noche, la madrugada y temprano en la ma\u00f1ana.<\/p>\n<p><strong>El jueves\u00a0<\/strong>solamente prevemos, ocasionales chubascos aislados en distintos poblados del litoral caribe\u00f1o debido a la humedad que estar\u00e1 aportando el viento c\u00e1lido del sureste. Mientras en la tarde, comenzaremos a observar un cielo mayormente soleado, libre de precipitaciones significativas sobre gran parte de la geograf\u00eda nacional.<\/p>\n<p><strong>Santo Domingo y sus municipios<\/strong>: incrementos ocasionales de la nubosidad en horas de la ma\u00f1ana. Chubascos aislados de corta duraci\u00f3n.<\/p>\n<p><strong>Distrito Nacional<\/strong>: nubosidad dispersa. Chubascos aislados de corta duraci\u00f3n en horas de la ma\u00f1ana.<\/p>\n<table width=\"99%\">\n<tbody>\n<tr>\n<td width=\"18%\"><strong>PROVINCIAS<\/strong><\/td>\n<td width=\"58%\"><strong>PRON\u00d3STICO POR LOCALIDADES<\/strong><\/td>\n<td width=\"11%\"><strong>T. M\u00e1x. \u00b0C<\/strong><\/td>\n<td width=\"11%\"><strong>T. Min.\u00b0C<\/strong><\/td>\n<\/tr>\n<tr>\n<td width=\"18%\"><strong>Santiago<\/strong><\/td>\n<td width=\"58%\">Medio nublado en ocasiones. Chubascos aislados. R\u00e1fagas de viento aisladas.<\/td>\n<td width=\"11%\"><strong>30\/32<\/strong><\/td>\n<td width=\"11%\"><strong>20\/22<\/strong><\/td>\n<\/tr>\n<tr>\n<td width=\"18%\"><strong>Puerto\u00a0Plata<\/strong><\/td>\n<td width=\"58%\">Medio nublado en ocasiones. Chubascos aislados. R\u00e1fagas de viento aisladas.<\/td>\n<td width=\"11%\"><strong>28\/30<\/strong><\/td>\n<td width=\"11%\"><strong>17\/19<\/strong><\/td>\n<\/tr>\n<tr>\n<td width=\"18%\"><strong>Duarte<\/strong><\/td>\n<td width=\"58%\">Medio nublado en ocasiones. Chubascos aislados. R\u00e1fagas de viento aisladas.<\/td>\n<td width=\"11%\"><strong>29\/31<\/strong><\/td>\n<td width=\"11%\"><strong>20\/22<\/strong><\/td>\n<\/tr>\n<tr>\n<td width=\"18%\"><strong>Constanza<\/strong><\/td>\n<td width=\"58%\">Medio nublado en ocasiones. Chubascos aislados. R\u00e1fagas de viento aisladas.<\/td>\n<td width=\"11%\"><strong>23\/26<\/strong><\/td>\n<td width=\"11%\"><strong>10\/12<\/strong><\/td>\n<\/tr>\n<tr>\n<td width=\"18%\"><strong>Peravia<\/strong><\/td>\n<td width=\"58%\">Nubes dispersas. R\u00e1fagas de viento aisladas.<\/td>\n<td width=\"11%\"><strong>30\/32<\/strong><\/td>\n<td width=\"11%\"><strong>20\/22<\/strong><\/td>\n<\/tr>\n<tr>\n<td width=\"18%\"><strong>San P. de Macor\u00eds<\/strong><\/td>\n<td width=\"58%\">Nubes dispersas. Chubascos aislados y distanciados. R\u00e1fagas de viento.<\/td>\n<td width=\"11%\"><strong>30\/32<\/strong><\/td>\n<td width=\"11%\"><strong>20\/22<\/strong><\/td>\n<\/tr>\n<tr>\n<td width=\"18%\"><strong>La Romana<\/strong><\/td>\n<td width=\"58%\">Nubes dispersas. Chubascos aislados y distanciados. R\u00e1fagas de viento.<\/td>\n<td width=\"11%\"><strong>30\/32<\/strong><\/td>\n<td width=\"11%\"><strong>20\/22<\/strong><\/td>\n<\/tr>\n<tr>\n<td width=\"18%\"><strong>La Vega<\/strong><\/td>\n<td width=\"58%\">Medio nublado en ocasiones. Chubascos aislados. R\u00e1fagas de viento aisladas.<\/td>\n<td width=\"11%\"><strong>29\/27<\/strong><\/td>\n<td width=\"11%\"><strong>16\/18<\/strong><\/td>\n<\/tr>\n<tr>\n<td width=\"18%\"><strong>Monse\u00f1or Nouel<\/strong><\/td>\n<td width=\"58%\">Medio nublado en ocasiones. Chubascos aislados. R\u00e1fagas de viento aisladas..<\/td>\n<td width=\"11%\"><strong>29\/31<\/strong><\/td>\n<td width=\"11%\"><strong>20\/22<\/strong><\/td>\n<\/tr>\n<tr>\n<td width=\"18%\"><strong>San Crist\u00f3bal<\/strong><\/td>\n<td width=\"58%\">Medio nublado en ocasiones. Chubascos aislados. R\u00e1fagas de viento aisladas.<\/td>\n<td width=\"11%\"><strong>30\/32<\/strong><\/td>\n<td width=\"11%\"><strong>20\/22<\/strong><\/td>\n<\/tr>\n<tr>\n<td width=\"18%\"><strong>Saman\u00e1<\/strong><\/td>\n<td width=\"58%\">Medio nublado en ocasiones. Chubascos aislados. R\u00e1fagas de viento aisladas.<\/td>\n<td width=\"11%\"><strong>29\/31<\/strong><\/td>\n<td width=\"11%\"><strong>20\/22<\/strong><\/td>\n<\/tr>\n<tr>\n<td width=\"18%\"><strong>Monte Cristi<\/strong><\/td>\n<td width=\"58%\">Cielo claro. Aisladas r\u00e1fagas de viento.<\/td>\n<td width=\"11%\"><strong>30\/32<\/strong><\/td>\n<td width=\"11%\"><strong>20\/22<\/strong><\/td>\n<\/tr>\n<tr>\n<td width=\"18%\"><strong>Azua<\/strong><\/td>\n<td width=\"58%\">Nubes dispersas. Chubascos aislados y distanciados. R\u00e1fagas de viento.<\/td>\n<td width=\"11%\"><strong>31\/33<\/strong><\/td>\n<td width=\"11%\"><strong>20\/22<\/strong><\/td>\n<\/tr>\n<tr>\n<td width=\"18%\"><strong>San Juan<\/strong><\/td>\n<td width=\"58%\">Nubes dispersas. R\u00e1fagas de viento aisladas. Chubascos aislados de corta duraci\u00f3n.<\/td>\n<td width=\"11%\"><strong>30\/32<\/strong><\/td>\n<td width=\"11%\"><strong>16\/18<\/strong><\/td>\n<\/tr>\n<tr>\n<td width=\"18%\"><strong>Barahona<\/strong><\/td>\n<td width=\"58%\">Nubes dispersas. R\u00e1fagas de viento aisladas. Chubascos aislados de corta duraci\u00f3n.<\/td>\n<td width=\"11%\"><strong>31\/33<\/strong><\/td>\n<td width=\"11%\"><strong>19\/21<\/strong><\/td>\n<\/tr>\n<tr>\n<td width=\"18%\"><strong>La Altagracia<\/strong><\/td>\n<td width=\"58%\">Medio nublado en ocasiones. Chubascos aislados. R\u00e1fagas de viento aisladas.<\/td>\n<td width=\"11%\"><strong>29\/31<\/strong><\/td>\n<td width=\"11%\"><strong>20\/22<\/strong><\/td>\n<\/tr>\n<\/tbody>\n<\/table>\n<p><strong>Meteor\u00f3logos: Heriberto Fabi\u00e1n \/ Caridad Hern\u00e1ndez.<\/strong><\/p>\n","protected":false},"excerpt":{"rendered":"<p>Martes 02\u00a0de abril de 2024 a las 6:00 p.m. V\u00e1lido hasta el jueves 04 de&hellip;<\/p>\n","protected":false},"author":1,"featured_media":64823,"comment_status":"open","ping_status":"open","sticky":false,"template":"","format":"standard","meta":{"footnotes":""},"categories":[55],"tags":[],"class_list":["post-65308","post","type-post","status-publish","format-standard","has-post-thumbnail","hentry","category-nacionales"],"_links":{"self":[{"href":"https:\/\/eldiarioantillano.com\/uno\/wp-json\/wp\/v2\/posts\/65308","targetHints":{"allow":["GET"]}}],"collection":[{"href":"https:\/\/eldiarioantillano.com\/uno\/wp-json\/wp\/v2\/posts"}],"about":[{"href":"https:\/\/eldiarioantillano.com\/uno\/wp-json\/wp\/v2\/types\/post"}],"author":[{"embeddable":true,"href":"https:\/\/eldiarioantillano.com\/uno\/wp-json\/wp\/v2\/users\/1"}],"replies":[{"embeddable":true,"href":"https:\/\/eldiarioantillano.com\/uno\/wp-json\/wp\/v2\/comments?post=65308"}],"version-history":[{"count":0,"href":"https:\/\/eldiarioantillano.com\/uno\/wp-json\/wp\/v2\/posts\/65308\/revisions"}],"wp:featuredmedia":[{"embeddable":true,"href":"https:\/\/eldiarioantillano.com\/uno\/wp-json\/wp\/v2\/media\/64823"}],"wp:attachment":[{"href":"https:\/\/eldiarioantillano.com\/uno\/wp-json\/wp\/v2\/media?parent=65308"}],"wp:term":[{"taxonomy":"category","embeddable":true,"href":"https:\/\/eldiarioantillano.com\/uno\/wp-json\/wp\/v2\/categories?post=65308"},{"taxonomy":"post_tag","embeddable":true,"href":"https:\/\/eldiarioantillano.com\/uno\/wp-json\/wp\/v2\/tags?post=65308"}],"curies":[{"name":"wp","href":"https:\/\/api.w.org\/{rel}","templated":true}]}}