{"id":65296,"date":"2024-04-02T01:16:14","date_gmt":"2024-04-02T05:16:14","guid":{"rendered":"https:\/\/eldiarioantillano.com\/?p=65296"},"modified":"2024-04-02T01:16:14","modified_gmt":"2024-04-02T05:16:14","slug":"rosendy-y-guaro-gestionan-iluminacion","status":"publish","type":"post","link":"https:\/\/eldiarioantillano.com\/uno\/2024\/04\/02\/rosendy-y-guaro-gestionan-iluminacion\/","title":{"rendered":"Rosendy y Guaro gestionan iluminaci\u00f3n"},"content":{"rendered":"<p>El diputado por Montecristi del PRM, Rosendy Polanco, y el s\u00edndico electo de Manzanillo, Guaro Metz, gestionan con autoridades deportivas la iluminaci\u00f3n para varios estadios de b\u00e9isbol.<\/p>\n","protected":false},"excerpt":{"rendered":"<p>El diputado por Montecristi del PRM, Rosendy Polanco, y el s\u00edndico electo de Manzanillo, Guaro&hellip;<\/p>\n","protected":false},"author":1,"featured_media":65297,"comment_status":"open","ping_status":"open","sticky":false,"template":"","format":"standard","meta":{"footnotes":""},"categories":[57],"tags":[],"class_list":["post-65296","post","type-post","status-publish","format-standard","has-post-thumbnail","hentry","category-montecristi"],"_links":{"self":[{"href":"https:\/\/eldiarioantillano.com\/uno\/wp-json\/wp\/v2\/posts\/65296","targetHints":{"allow":["GET"]}}],"collection":[{"href":"https:\/\/eldiarioantillano.com\/uno\/wp-json\/wp\/v2\/posts"}],"about":[{"href":"https:\/\/eldiarioantillano.com\/uno\/wp-json\/wp\/v2\/types\/post"}],"author":[{"embeddable":true,"href":"https:\/\/eldiarioantillano.com\/uno\/wp-json\/wp\/v2\/users\/1"}],"replies":[{"embeddable":true,"href":"https:\/\/eldiarioantillano.com\/uno\/wp-json\/wp\/v2\/comments?post=65296"}],"version-history":[{"count":0,"href":"https:\/\/eldiarioantillano.com\/uno\/wp-json\/wp\/v2\/posts\/65296\/revisions"}],"wp:featuredmedia":[{"embeddable":true,"href":"https:\/\/eldiarioantillano.com\/uno\/wp-json\/wp\/v2\/media\/65297"}],"wp:attachment":[{"href":"https:\/\/eldiarioantillano.com\/uno\/wp-json\/wp\/v2\/media?parent=65296"}],"wp:term":[{"taxonomy":"category","embeddable":true,"href":"https:\/\/eldiarioantillano.com\/uno\/wp-json\/wp\/v2\/categories?post=65296"},{"taxonomy":"post_tag","embeddable":true,"href":"https:\/\/eldiarioantillano.com\/uno\/wp-json\/wp\/v2\/tags?post=65296"}],"curies":[{"name":"wp","href":"https:\/\/api.w.org\/{rel}","templated":true}]}}