{"id":65282,"date":"2024-03-26T01:52:36","date_gmt":"2024-03-26T05:52:36","guid":{"rendered":"https:\/\/eldiarioantillano.com\/?p=65282"},"modified":"2024-03-26T01:52:36","modified_gmt":"2024-03-26T05:52:36","slug":"thelma-leonor-espinal-explora-otras-aguas-con-la-apertura-de-su-8va-exposicion-individual","status":"publish","type":"post","link":"https:\/\/eldiarioantillano.com\/uno\/2024\/03\/26\/thelma-leonor-espinal-explora-otras-aguas-con-la-apertura-de-su-8va-exposicion-individual\/","title":{"rendered":"Thelma Leonor Espinal explora \u201cOtras Aguas\u201d con la apertura de su 8va. exposici\u00f3n individual"},"content":{"rendered":"<p>LA ROMANA. La multidisciplinaria artista Thelma Leonor Espinal nos sumerge en \u201cOtras Aguas\u201d con su nueva propuesta art\u00edstica, donde abraza la experimentaci\u00f3n y la apertura a nuevos medios como un acto vital, mostrando la versatilidad de los materiales que la artista maneja en una ecl\u00e9ctica inspiraci\u00f3n, tanto en la pintura, cer\u00e1mica, escultura, fotograf\u00eda y m\u00e1s.<\/p>\n<p>Una noche en la que la magia de sus obras nos atraparon, desde las instalaciones hasta los toten cer\u00e1micos que en ella se exhiben. Con 25 a\u00f1os de trayectoria su trabajo busca descubrir, redescubrir y decodificar el reflejo de nuestro tiempo a trav\u00e9s de los ojos de un artista.<\/p>\n<p>Un ambiente acogedor con amigos y allegados hicieron de la lluviosa noche un testimonio vivo del talento de la artista. Un exquisito brindis fue ofrecido a los asistentes cortes\u00eda de Casa de Campo Resort &amp; Villas. La muestra cuenta con 20 obras expuestas en la sala principal de WAO Galer\u00eda &amp; Centro Cultural hasta el 22 de abril de 2024, en horario de martes a s\u00e1bado de 11:00am a 7:00pm, domingos y lunes cerrado.<\/p>\n<p>Esta muestra de arte contempor\u00e1neo nos invita a encontrarnos con nosotros mismos, dejando atr\u00e1s el pasado, destruir la barca y nadar a \u201cOtras Aguas\u201d. La Museograf\u00eda de la exhibici\u00f3n estuvo a cargo del Arq. Ysmael Jim\u00e9nez, quien acompa\u00f1a a Thelma en los diferentes montajes, por m\u00e1s de dos d\u00e9cadas.<\/p>\n<p>El Patronato Ben\u00e9fico Oriental, Inc. (PBO) contin\u00faa su apuesta por las iniciativas sostenibles de impacto social con el objetivo de promover la Cultura, por lo cual ha complementado sus programas con las iniciativas del WAO Chav\u00f3n, que incluyen: WAO Innovation HUB, WAO Galer\u00eda &amp; Centro Cultural y el Museo Arqueol\u00f3gico Regional Altos de Chav\u00f3n, en Altos de Chav\u00f3n.<\/p>\n<p>Los ingresos de los diferentes proyectos y actividades van dirigidos a nuestros programas sociales de manera que podamos replicar estas iniciativas en las comunidades en condici\u00f3n de vulnerabilidad que servimos como parte de los programas de empoderamiento comunitario del PBO, fomentando valores que van de acuerdo con nuestra misi\u00f3n como el Respeto, la Solidaridad, la Integridad e Igualdad de oportunidades.<\/p>\n","protected":false},"excerpt":{"rendered":"<p>LA ROMANA. La multidisciplinaria artista Thelma Leonor Espinal nos sumerge en \u201cOtras Aguas\u201d con su&hellip;<\/p>\n","protected":false},"author":1,"featured_media":65283,"comment_status":"open","ping_status":"open","sticky":false,"template":"","format":"standard","meta":{"footnotes":""},"categories":[63,55],"tags":[],"class_list":["post-65282","post","type-post","status-publish","format-standard","has-post-thumbnail","hentry","category-cultura","category-nacionales"],"_links":{"self":[{"href":"https:\/\/eldiarioantillano.com\/uno\/wp-json\/wp\/v2\/posts\/65282","targetHints":{"allow":["GET"]}}],"collection":[{"href":"https:\/\/eldiarioantillano.com\/uno\/wp-json\/wp\/v2\/posts"}],"about":[{"href":"https:\/\/eldiarioantillano.com\/uno\/wp-json\/wp\/v2\/types\/post"}],"author":[{"embeddable":true,"href":"https:\/\/eldiarioantillano.com\/uno\/wp-json\/wp\/v2\/users\/1"}],"replies":[{"embeddable":true,"href":"https:\/\/eldiarioantillano.com\/uno\/wp-json\/wp\/v2\/comments?post=65282"}],"version-history":[{"count":0,"href":"https:\/\/eldiarioantillano.com\/uno\/wp-json\/wp\/v2\/posts\/65282\/revisions"}],"wp:featuredmedia":[{"embeddable":true,"href":"https:\/\/eldiarioantillano.com\/uno\/wp-json\/wp\/v2\/media\/65283"}],"wp:attachment":[{"href":"https:\/\/eldiarioantillano.com\/uno\/wp-json\/wp\/v2\/media?parent=65282"}],"wp:term":[{"taxonomy":"category","embeddable":true,"href":"https:\/\/eldiarioantillano.com\/uno\/wp-json\/wp\/v2\/categories?post=65282"},{"taxonomy":"post_tag","embeddable":true,"href":"https:\/\/eldiarioantillano.com\/uno\/wp-json\/wp\/v2\/tags?post=65282"}],"curies":[{"name":"wp","href":"https:\/\/api.w.org\/{rel}","templated":true}]}}