{"id":65263,"date":"2024-03-31T01:07:43","date_gmt":"2024-03-31T05:07:43","guid":{"rendered":"https:\/\/eldiarioantillano.com\/?p=65263"},"modified":"2024-03-31T01:07:43","modified_gmt":"2024-03-31T05:07:43","slug":"guyana-y-republica-dominicana-estrechan-intereses-en-foro-caribe-unido","status":"publish","type":"post","link":"https:\/\/eldiarioantillano.com\/uno\/2024\/03\/31\/guyana-y-republica-dominicana-estrechan-intereses-en-foro-caribe-unido\/","title":{"rendered":"Guyana y Rep\u00fablica Dominicana estrechan intereses en Foro Caribe Unido"},"content":{"rendered":"<p class=\"western\" lang=\"es-DO\"><span style=\"font-family: Verdana, sans-serif;\"><span style=\"font-size: medium;\"><b>Prensa Latina.<\/b><\/span><\/span><span style=\"font-family: Verdana, sans-serif;\"><span style=\"font-size: medium;\"> El Foro Caribe Unido organizado por la oficina de la C\u00e1mara de Comercio de Rep\u00fablica Dominicana sent\u00f3 las bases para el fortalecimiento de las relaciones bilaterales con Guyana, pa\u00eds sede del evento internacional que promovi\u00f3 la colaboraci\u00f3n empresarial y b\u00fasqueda de nuevas oportunidades e inversi\u00f3n a nivel regional.\u00a0<\/span><\/span><\/p>\n<p class=\"western\" lang=\"es-DO\"><span style=\"font-family: Verdana, sans-serif;\"><span style=\"font-size: medium;\">En palabras del presidente guyan\u00e9s, Irfaan Ali, la celebraci\u00f3n del foro devino una acci\u00f3n conjunta e importante con Rep\u00fablica Dominicana al reunir a l\u00edderes empresariales, expertos de la regi\u00f3n caribe\u00f1a y formuladores de pol\u00edticas, en una agenda de inter\u00e9s com\u00fan que abarc\u00f3 desde las perspectivas de inversi\u00f3n, hasta la seguridad energ\u00e9tica regional y el desarrollo inmobiliario.<\/span><\/span><\/p>\n<p class=\"western\" lang=\"es-DO\"><span style=\"font-family: Verdana, sans-serif;\"><span style=\"font-size: medium;\">Ali asegur\u00f3 que ve a la Rep\u00fablica Dominicana como un socio importante para el progreso, tanto para los sectores p\u00fablico como privado, durante una mesa redonda celebrada como parte del Foro del Caribe Unido, en el Centro de Conferencias Arthur Chung.<\/span><\/span><\/p>\n<p class=\"western\" lang=\"es-DO\"><span style=\"font-family: Verdana, sans-serif;\"><span style=\"font-size: medium;\">A su juicio, su administraci\u00f3n ha adoptado un enfoque para construir una Guyana \u201cpara ma\u00f1ana\u201d, por lo que no puede trabajar de manera lineal para lograrlo. \u00abEs por esta raz\u00f3n, dijo, que vemos a la Rep\u00fablica Dominicana como una parte cr\u00edtica para salvar esta brecha.\u00bb<\/span><\/span><\/p>\n<p class=\"western\" lang=\"es-DO\"><span style=\"font-family: Verdana, sans-serif;\"><span style=\"font-size: medium;\">\u00abCuando hablas de turismo, escala y capacidad en el sector privado, apalancamiento de capital, mirando la industria de valor a\u00f1adido, en la producci\u00f3n de alimentos, vemos una gran sinergia entre los gobiernos y el sector privado trabajando juntos para ampliar las oportunidades\u201d, resalt\u00f3.\u00a0<\/span><\/span><\/p>\n<p class=\"western\" lang=\"es-DO\"><span style=\"font-family: Verdana, sans-serif;\"><span style=\"font-size: medium;\">El mandatario a\u00f1adi\u00f3 que la colaboraci\u00f3n con la Rep\u00fablica Dominicana dar\u00e1 como resultado que Guyana persiga y aplique las mejores normas mundiales para todos los \u00e1mbitos a fin de \u201cconstruir sistemas m\u00e1s transparentes\u201d.<\/span><\/span><\/p>\n<p class=\"western\" lang=\"es-DO\"><span style=\"font-family: Verdana, sans-serif;\"><span style=\"font-size: medium;\">FORTALECIMIENTO DE RELACIONES<\/span><\/span><\/p>\n<p class=\"western\" lang=\"es-DO\"><span style=\"font-family: Verdana, sans-serif;\"><span style=\"font-size: medium;\">Los lazos comerciales entre los dos pa\u00edses se fortalecen con el tiempo, como lo demuestra el establecimiento de la C\u00e1mara de Comercio de la Rep\u00fablica Dominicana en Guyana en agosto del 2023, gracias a un memorando de entendimiento entre la Oficina de Inversi\u00f3n de Guyana y ProDominicana.<\/span><\/span><\/p>\n<p class=\"western\" lang=\"es-DO\"><span style=\"font-family: Verdana, sans-serif;\"><span style=\"font-size: medium;\">La visita oficial del presidente Luis Abinader a Guyana en junio del 2023 marc\u00f3 un hito en esta relaci\u00f3n, seguida por la respuesta del presidente Mohamed Irfaan Ali, quien visit\u00f3 Santo Domingo en agosto del mismo a\u00f1o, con el resultado de la firma de seis memorandos de entendimiento entre ambos pa\u00edses.<\/span><\/span><\/p>\n<p class=\"western\" lang=\"es-DO\"><span style=\"font-family: Verdana, sans-serif;\"><span style=\"font-size: medium;\">Adem\u00e1s de estos acuerdos pol\u00edticos, el Gobierno de Luis Abinader respald\u00f3 proyectos empresariales en Guyana en los \u00faltimos meses.<\/span><\/span><\/p>\n<p class=\"western\" lang=\"es-DO\"><span style=\"font-family: Verdana, sans-serif;\"><span style=\"font-size: medium;\">Empresas como InterEnergy Group, Grupo Puntacana, Sky High Dominicana y Therrestra contribuyen de manera significativa al desarrollo econ\u00f3mico y comercial de Guyana a trav\u00e9s de acuerdos de inversi\u00f3n y colaboraci\u00f3n.<\/span><\/span><\/p>\n<p class=\"western\" lang=\"es-DO\"><span style=\"font-family: Verdana, sans-serif;\"><span style=\"font-size: medium;\">En ese sentido,\u00a0Rep\u00fablica Dominicana y tambi\u00e9n Suriname abrieron recientemente c\u00e1maras de Comercio en la naci\u00f3n guyanesa, al tiempo que la compa\u00f1\u00eda a\u00e9rea SKYhigh dominicana estren\u00f3 una ruta que enlaza directamente a los aeropuertos internacionales Las Am\u00e9ricas y Cheddi Jagan con tres vuelos a la semana.<\/span><\/span><\/p>\n<p class=\"western\" lang=\"es-DO\"><span style=\"font-family: Verdana, sans-serif;\"><span style=\"font-size: medium;\">Con la realizaci\u00f3n del Foro, el pa\u00eds logr\u00f3 captar la atenci\u00f3n mundial y cada vez m\u00e1s gobiernos se muestran atra\u00eddos por explorar sus oportunidades de negocios, inversiones y el potencial econ\u00f3mico, gracias al descubrimiento de importantes reservas de petr\u00f3leo.<\/span><\/span><\/p>\n<p class=\"western\" lang=\"es-DO\"><span style=\"font-family: Verdana, sans-serif;\"><span style=\"font-size: medium;\">Mientras, Islas Turcas y Caicos negocia con Guyana la firma de un memorando de entendimiento que beneficiar\u00e1 con el libre visado a los ciudadanos de sus territorios.<\/span><\/span><\/p>\n<p class=\"western\" lang=\"es-DO\"><span style=\"font-family: Verdana, sans-serif;\"><span style=\"font-size: medium;\">En tanto, empresarios de varios pa\u00edses buscan ampliar los contactos con Georgetown, por sus perspectivas de crecer de forma s\u00f3lida en el corto plazo.<\/span><\/span><\/p>\n<p class=\"western\" lang=\"es-DO\">\n","protected":false},"excerpt":{"rendered":"<p>Prensa Latina. El Foro Caribe Unido organizado por la oficina de la C\u00e1mara de Comercio&hellip;<\/p>\n","protected":false},"author":1,"featured_media":65265,"comment_status":"open","ping_status":"open","sticky":false,"template":"","format":"standard","meta":{"footnotes":""},"categories":[52,1],"tags":[],"class_list":["post-65263","post","type-post","status-publish","format-standard","has-post-thumbnail","hentry","category-internacionales","category-uncategorized"],"_links":{"self":[{"href":"https:\/\/eldiarioantillano.com\/uno\/wp-json\/wp\/v2\/posts\/65263","targetHints":{"allow":["GET"]}}],"collection":[{"href":"https:\/\/eldiarioantillano.com\/uno\/wp-json\/wp\/v2\/posts"}],"about":[{"href":"https:\/\/eldiarioantillano.com\/uno\/wp-json\/wp\/v2\/types\/post"}],"author":[{"embeddable":true,"href":"https:\/\/eldiarioantillano.com\/uno\/wp-json\/wp\/v2\/users\/1"}],"replies":[{"embeddable":true,"href":"https:\/\/eldiarioantillano.com\/uno\/wp-json\/wp\/v2\/comments?post=65263"}],"version-history":[{"count":0,"href":"https:\/\/eldiarioantillano.com\/uno\/wp-json\/wp\/v2\/posts\/65263\/revisions"}],"wp:featuredmedia":[{"embeddable":true,"href":"https:\/\/eldiarioantillano.com\/uno\/wp-json\/wp\/v2\/media\/65265"}],"wp:attachment":[{"href":"https:\/\/eldiarioantillano.com\/uno\/wp-json\/wp\/v2\/media?parent=65263"}],"wp:term":[{"taxonomy":"category","embeddable":true,"href":"https:\/\/eldiarioantillano.com\/uno\/wp-json\/wp\/v2\/categories?post=65263"},{"taxonomy":"post_tag","embeddable":true,"href":"https:\/\/eldiarioantillano.com\/uno\/wp-json\/wp\/v2\/tags?post=65263"}],"curies":[{"name":"wp","href":"https:\/\/api.w.org\/{rel}","templated":true}]}}